{"id":136037,"date":"2022-10-30T14:56:37","date_gmt":"2022-10-30T18:56:37","guid":{"rendered":"https:\/\/news.canadamotorjobs.com\/les-radars-suedois-disparaissent-mysterieusement-des-routes-pour-se-retrouver-dans-des-drones-russes\/"},"modified":"2022-10-31T14:38:21","modified_gmt":"2022-10-31T18:38:21","slug":"les-radars-suedois-disparaissent-mysterieusement-des-routes-pour-se-retrouver-dans-des-drones-russes","status":"publish","type":"post","link":"https:\/\/news.canadamotorjobs.com\/fr\/les-radars-suedois-disparaissent-mysterieusement-des-routes-pour-se-retrouver-dans-des-drones-russes\/","title":{"rendered":"Les radars su\u00e9dois disparaissent myst\u00e9rieusement des routes pour se retrouver dans des drones russes."},"content":{"rendered":"<p>Voici une histoire qui en trouble plusieurs. La Su\u00e8de est victime pour la deuxi\u00e8me fois cette ann\u00e9e d\u2019une vague de vols des dispositifs automatiques de contr\u00f4le de la vitesse sur les autoroutes.<\/p>\n<h3>70 vols au mois d\u2019ao\u00fbt<\/h3>\n<p>La Su\u00e8de a commenc\u00e9 \u00e0 installer des cam\u00e9ras de contr\u00f4le de la vitesse en 2006 le long des routes de campagne et, depuis lors, ces \u00e9quipements technologiques co\u00fbteux n&#8217;ont pratiquement jamais \u00e9t\u00e9 vandalis\u00e9s. Bien s\u00fbr, il arrive parfois qu&#8217;un conducteur en col\u00e8re renverse un poteau ou vaporise de la peinture sur la lentille du radar, mais les autorit\u00e9s su\u00e9doises n&#8217;avaient pas constat\u00e9 de vols de la technologie \u00e0 l&#8217;int\u00e9rieur des appareils avant le mois d&#8217;ao\u00fbt dernier. Selon le New York Times, pas moins de 70 radars ont \u00e9t\u00e9 d\u00e9truits en seulement huit jours au mois d\u2019ao\u00fbt. Les vols ont repris en octobre et cette fois-ci pr\u00e8s de 150 radars disparue des routes en septembre et octobre. Les experts dans le milieu croient que ces vols sont financ\u00e9s par la Russie qui utilise les radars pour ses drones pour la guerre en Ukraine.<\/p>\n<h3>Des vols co\u00fbteux<\/h3>\n<p>Le gouvernement su\u00e9dois est pr\u00e9occup\u00e9 et estime que le remplacement de chaque radar co\u00fbte plus de 25 000\u00a0$. L\u2019enqu\u00eate faite par le minist\u00e8re des transports su\u00e9dois d\u00e9montre que la plus r\u00e9cente vague de vols vise sp\u00e9cifiquement les cam\u00e9ras situ\u00e9es \u00e0 l&#8217;int\u00e9rieur des unit\u00e9s de contr\u00f4le de la vitesse, laissant derri\u00e8re elles d&#8217;autres \u00e9quipements de haute technologie comme le capteur radar et le processeur.<\/p>\n","protected":false},"excerpt":{"rendered":"<p>Voici une histoire qui en trouble plusieurs. La Su\u00e8de est victime pour la deuxi\u00e8me fois cette ann\u00e9e d\u2019une vague de vols des dispositifs automatiques de contr\u00f4le de la vitesse sur les autoroutes. 70 vols au mois d\u2019ao\u00fbt La Su\u00e8de a commenc\u00e9 \u00e0 installer des cam\u00e9ras de contr\u00f4le de la vitesse en 2006 le long des [&hellip;]<\/p>\n","protected":false},"author":8,"featured_media":136041,"comment_status":"close","ping_status":"closed","sticky":false,"template":"","format":"standard","meta":{"_monsterinsights_skip_tracking":false,"_monsterinsights_sitenote_active":false,"_monsterinsights_sitenote_note":"","_monsterinsights_sitenote_category":0,"footnotes":""},"categories":[101],"tags":[],"yoast_head":"<!-- This site is optimized with the Yoast SEO plugin v23.2 - https:\/\/yoast.com\/wordpress\/plugins\/seo\/ -->\n<title>Les radars su\u00e9dois disparaissent myst\u00e9rieusement des routes pour se retrouver dans des drones russes. - CanadaMotorJobs.com<\/title>\n<meta name=\"description\" content=\"Les radars su\u00e9dois disparaissent myst\u00e9rieusement des routes pour se retrouver dans des drones russes. - Benoit Charette - Annuel automobile - CanadaMotorJobs.com.\" \/>\n<meta name=\"robots\" content=\"index, follow, max-snippet:-1, max-image-preview:large, max-video-preview:-1\" \/>\n<meta property=\"og:locale\" content=\"fr_CA\" \/>\n<meta property=\"og:type\" content=\"article\" \/>\n<meta property=\"og:title\" content=\"Les radars su\u00e9dois disparaissent myst\u00e9rieusement des routes pour se retrouver dans des drones russes. - CanadaMotorJobs.com\" \/>\n<meta property=\"og:description\" content=\"Les radars su\u00e9dois disparaissent myst\u00e9rieusement des routes pour se retrouver dans des drones russes. - Benoit Charette - Annuel automobile - CanadaMotorJobs.com.\" \/>\n<meta property=\"og:url\" content=\"https:\/\/news.canadamotorjobs.com\/fr\/les-radars-suedois-disparaissent-mysterieusement-des-routes-pour-se-retrouver-dans-des-drones-russes\/\" \/>\n<meta property=\"og:site_name\" content=\"CanadaMotorJobs.com\" \/>\n<meta property=\"article:publisher\" content=\"https:\/\/www.facebook.com\/canadamotorjobs\/\" \/>\n<meta property=\"article:published_time\" content=\"2022-10-30T18:56:37+00:00\" \/>\n<meta property=\"article:modified_time\" content=\"2022-10-31T18:38:21+00:00\" \/>\n<meta property=\"og:image\" content=\"https:\/\/news.canadamotorjobs.com\/wp-content\/uploads\/2022\/10\/79404-scaled-1-1.jpg\" \/>\n\t<meta property=\"og:image:width\" content=\"2560\" \/>\n\t<meta property=\"og:image:height\" content=\"1778\" \/>\n\t<meta property=\"og:image:type\" content=\"image\/jpeg\" \/>\n<meta name=\"author\" content=\"Benoit Charette\" \/>\n<meta name=\"twitter:card\" content=\"summary_large_image\" \/>\n<meta name=\"twitter:creator\" content=\"@canadamotorjobs\" \/>\n<meta name=\"twitter:site\" content=\"@canadamotorjobs\" \/>\n<meta name=\"twitter:label1\" content=\"\u00c9crit par\" \/>\n\t<meta name=\"twitter:data1\" content=\"Benoit Charette\" \/>\n\t<meta name=\"twitter:label2\" content=\"Estimation du temps de lecture\" \/>\n\t<meta name=\"twitter:data2\" content=\"2 minutes\" \/>\n<!-- \/ Yoast SEO plugin. -->","yoast_head_json":{"title":"Les radars su\u00e9dois disparaissent myst\u00e9rieusement des routes pour se retrouver dans des drones russes. - CanadaMotorJobs.com","description":"Les radars su\u00e9dois disparaissent myst\u00e9rieusement des routes pour se retrouver dans des drones russes. - Benoit Charette - Annuel automobile - CanadaMotorJobs.com.","robots":{"index":"index","follow":"follow","max-snippet":"max-snippet:-1","max-image-preview":"max-image-preview:large","max-video-preview":"max-video-preview:-1"},"og_locale":"fr_CA","og_type":"article","og_title":"Les radars su\u00e9dois disparaissent myst\u00e9rieusement des routes pour se retrouver dans des drones russes. - CanadaMotorJobs.com","og_description":"Les radars su\u00e9dois disparaissent myst\u00e9rieusement des routes pour se retrouver dans des drones russes. - Benoit Charette - Annuel automobile - CanadaMotorJobs.com.","og_url":"https:\/\/news.canadamotorjobs.com\/fr\/les-radars-suedois-disparaissent-mysterieusement-des-routes-pour-se-retrouver-dans-des-drones-russes\/","og_site_name":"CanadaMotorJobs.com","article_publisher":"https:\/\/www.facebook.com\/canadamotorjobs\/","article_published_time":"2022-10-30T18:56:37+00:00","article_modified_time":"2022-10-31T18:38:21+00:00","og_image":[{"width":2560,"height":1778,"url":"https:\/\/news.canadamotorjobs.com\/wp-content\/uploads\/2022\/10\/79404-scaled-1-1.jpg","type":"image\/jpeg"}],"author":"Benoit Charette","twitter_card":"summary_large_image","twitter_creator":"@canadamotorjobs","twitter_site":"@canadamotorjobs","twitter_misc":{"\u00c9crit par":"Benoit Charette","Estimation du temps de lecture":"2 minutes"},"schema":{"@context":"https:\/\/schema.org","@graph":[{"@type":"Article","@id":"https:\/\/news.canadamotorjobs.com\/fr\/les-radars-suedois-disparaissent-mysterieusement-des-routes-pour-se-retrouver-dans-des-drones-russes\/#article","isPartOf":{"@id":"https:\/\/news.canadamotorjobs.com\/fr\/les-radars-suedois-disparaissent-mysterieusement-des-routes-pour-se-retrouver-dans-des-drones-russes\/"},"author":{"name":"Benoit Charette","@id":"https:\/\/news.canadamotorjobs.com\/#\/schema\/person\/51793d1f87d44011d7bcc2ed99269a90"},"headline":"Les radars su\u00e9dois disparaissent myst\u00e9rieusement des routes pour se retrouver dans des drones russes.","datePublished":"2022-10-30T18:56:37+00:00","dateModified":"2022-10-31T18:38:21+00:00","mainEntityOfPage":{"@id":"https:\/\/news.canadamotorjobs.com\/fr\/les-radars-suedois-disparaissent-mysterieusement-des-routes-pour-se-retrouver-dans-des-drones-russes\/"},"wordCount":299,"publisher":{"@id":"https:\/\/news.canadamotorjobs.com\/#organization"},"image":{"@id":"https:\/\/news.canadamotorjobs.com\/fr\/les-radars-suedois-disparaissent-mysterieusement-des-routes-pour-se-retrouver-dans-des-drones-russes\/#primaryimage"},"thumbnailUrl":"https:\/\/news.canadamotorjobs.com\/wp-content\/uploads\/2022\/10\/79404-scaled-1-1.jpg","articleSection":["Annuel automobile"],"inLanguage":"fr-CA"},{"@type":"WebPage","@id":"https:\/\/news.canadamotorjobs.com\/fr\/les-radars-suedois-disparaissent-mysterieusement-des-routes-pour-se-retrouver-dans-des-drones-russes\/","url":"https:\/\/news.canadamotorjobs.com\/fr\/les-radars-suedois-disparaissent-mysterieusement-des-routes-pour-se-retrouver-dans-des-drones-russes\/","name":"Les radars su\u00e9dois disparaissent myst\u00e9rieusement des routes pour se retrouver dans des drones russes. - CanadaMotorJobs.com","isPartOf":{"@id":"https:\/\/news.canadamotorjobs.com\/#website"},"primaryImageOfPage":{"@id":"https:\/\/news.canadamotorjobs.com\/fr\/les-radars-suedois-disparaissent-mysterieusement-des-routes-pour-se-retrouver-dans-des-drones-russes\/#primaryimage"},"image":{"@id":"https:\/\/news.canadamotorjobs.com\/fr\/les-radars-suedois-disparaissent-mysterieusement-des-routes-pour-se-retrouver-dans-des-drones-russes\/#primaryimage"},"thumbnailUrl":"https:\/\/news.canadamotorjobs.com\/wp-content\/uploads\/2022\/10\/79404-scaled-1-1.jpg","datePublished":"2022-10-30T18:56:37+00:00","dateModified":"2022-10-31T18:38:21+00:00","description":"Les radars su\u00e9dois disparaissent myst\u00e9rieusement des routes pour se retrouver dans des drones russes. - Benoit Charette - Annuel automobile - CanadaMotorJobs.com.","breadcrumb":{"@id":"https:\/\/news.canadamotorjobs.com\/fr\/les-radars-suedois-disparaissent-mysterieusement-des-routes-pour-se-retrouver-dans-des-drones-russes\/#breadcrumb"},"inLanguage":"fr-CA","potentialAction":[{"@type":"ReadAction","target":["https:\/\/news.canadamotorjobs.com\/fr\/les-radars-suedois-disparaissent-mysterieusement-des-routes-pour-se-retrouver-dans-des-drones-russes\/"]}]},{"@type":"ImageObject","inLanguage":"fr-CA","@id":"https:\/\/news.canadamotorjobs.com\/fr\/les-radars-suedois-disparaissent-mysterieusement-des-routes-pour-se-retrouver-dans-des-drones-russes\/#primaryimage","url":"https:\/\/news.canadamotorjobs.com\/wp-content\/uploads\/2022\/10\/79404-scaled-1-1.jpg","contentUrl":"https:\/\/news.canadamotorjobs.com\/wp-content\/uploads\/2022\/10\/79404-scaled-1-1.jpg","width":2560,"height":1778},{"@type":"BreadcrumbList","@id":"https:\/\/news.canadamotorjobs.com\/fr\/les-radars-suedois-disparaissent-mysterieusement-des-routes-pour-se-retrouver-dans-des-drones-russes\/#breadcrumb","itemListElement":[{"@type":"ListItem","position":1,"name":"Home","item":"https:\/\/news.canadamotorjobs.com\/fr\/blog\/"},{"@type":"ListItem","position":2,"name":"Les radars su\u00e9dois disparaissent myst\u00e9rieusement des routes pour se retrouver dans des drones russes."}]},{"@type":"WebSite","@id":"https:\/\/news.canadamotorjobs.com\/#website","url":"https:\/\/news.canadamotorjobs.com\/","name":"CanadaMotorJobs.com","description":"Automotive Jobs","publisher":{"@id":"https:\/\/news.canadamotorjobs.com\/#organization"},"potentialAction":[{"@type":"SearchAction","target":{"@type":"EntryPoint","urlTemplate":"https:\/\/news.canadamotorjobs.com\/?s={search_term_string}"},"query-input":"required name=search_term_string"}],"inLanguage":"fr-CA"},{"@type":"Organization","@id":"https:\/\/news.canadamotorjobs.com\/#organization","name":"Canada Motor Jobs","url":"https:\/\/news.canadamotorjobs.com\/","logo":{"@type":"ImageObject","inLanguage":"fr-CA","@id":"https:\/\/news.canadamotorjobs.com\/#\/schema\/logo\/image\/","url":"https:\/\/news.canadamotorjobs.com\/wp-content\/uploads\/2022\/10\/logo-canada-motor-jobs-1.png","contentUrl":"https:\/\/news.canadamotorjobs.com\/wp-content\/uploads\/2022\/10\/logo-canada-motor-jobs-1.png","width":800,"height":400,"caption":"Canada Motor Jobs"},"image":{"@id":"https:\/\/news.canadamotorjobs.com\/#\/schema\/logo\/image\/"},"sameAs":["https:\/\/www.facebook.com\/canadamotorjobs\/","https:\/\/x.com\/canadamotorjobs","https:\/\/www.instagram.com\/canadamotorjobs\/","https:\/\/www.linkedin.com\/company\/canadamotorjobs"]},{"@type":"Person","@id":"https:\/\/news.canadamotorjobs.com\/#\/schema\/person\/51793d1f87d44011d7bcc2ed99269a90","name":"Benoit Charette","image":{"@type":"ImageObject","inLanguage":"fr-CA","@id":"https:\/\/news.canadamotorjobs.com\/#\/schema\/person\/image\/","url":"https:\/\/secure.gravatar.com\/avatar\/45f3d2eebcccd909668d7ce7ea7267b6?s=96&d=mm&r=g","contentUrl":"https:\/\/secure.gravatar.com\/avatar\/45f3d2eebcccd909668d7ce7ea7267b6?s=96&d=mm&r=g","caption":"Benoit Charette"},"description":"Benoit Charette \/ Propri\u00e9taire et r\u00e9dacteur en chef Benoit Charette pratique le journalisme automobile depuis bient\u00f4t 30 ans. Il a fait ses classes au c\u00f4t\u00e9 de Daniel H\u00e9raud et au Carnet de route de 1992 \u00e0 2001. Il est fondateur, copropri\u00e9taire et r\u00e9dacteur en chef de L\u2019Annuel de l\u2019automobile, qu\u2019il publie depuis 2001. Il a anim\u00e9 les \u00e9missions RPM et RPM+ sur V et les L\u00e9gendes de la route sur Historia. \u00c0 la radio depuis 1986, il reprend l\u2019antenne cette ann\u00e9e sur les ondes de Cogeco et participe pour la deuxi\u00e8me ann\u00e9e \u00e0 l\u2019\u00e9mission Passion Auto sur RDS en plus de mettre en ligne le site Web officiel de L\u2019Annuel de l\u2019automobile sur annuelauto.ca.","sameAs":["https:\/\/annuelauto.ca\/"],"url":"https:\/\/news.canadamotorjobs.com\/fr\/author\/benoit-charette\/"}]}},"_links":{"self":[{"href":"https:\/\/news.canadamotorjobs.com\/fr\/wp-json\/wp\/v2\/posts\/136037"}],"collection":[{"href":"https:\/\/news.canadamotorjobs.com\/fr\/wp-json\/wp\/v2\/posts"}],"about":[{"href":"https:\/\/news.canadamotorjobs.com\/fr\/wp-json\/wp\/v2\/types\/post"}],"author":[{"embeddable":true,"href":"https:\/\/news.canadamotorjobs.com\/fr\/wp-json\/wp\/v2\/users\/8"}],"replies":[{"embeddable":true,"href":"https:\/\/news.canadamotorjobs.com\/fr\/wp-json\/wp\/v2\/comments?post=136037"}],"version-history":[{"count":0,"href":"https:\/\/news.canadamotorjobs.com\/fr\/wp-json\/wp\/v2\/posts\/136037\/revisions"}],"wp:featuredmedia":[{"embeddable":true,"href":"https:\/\/news.canadamotorjobs.com\/fr\/wp-json\/wp\/v2\/media\/136041"}],"wp:attachment":[{"href":"https:\/\/news.canadamotorjobs.com\/fr\/wp-json\/wp\/v2\/media?parent=136037"}],"wp:term":[{"taxonomy":"category","embeddable":true,"href":"https:\/\/news.canadamotorjobs.com\/fr\/wp-json\/wp\/v2\/categories?post=136037"},{"taxonomy":"post_tag","embeddable":true,"href":"https:\/\/news.canadamotorjobs.com\/fr\/wp-json\/wp\/v2\/tags?post=136037"}],"curies":[{"name":"wp","href":"https:\/\/api.w.org\/{rel}","templated":true}]}}