{"id":136029,"date":"2022-10-29T08:57:22","date_gmt":"2022-10-29T12:57:22","guid":{"rendered":"https:\/\/news.canadamotorjobs.com\/general-motors-met-un-frein-a-sa-publicite-sur-twitter\/"},"modified":"2022-10-31T14:39:17","modified_gmt":"2022-10-31T18:39:17","slug":"general-motors-met-un-frein-a-sa-publicite-sur-twitter","status":"publish","type":"post","link":"https:\/\/news.canadamotorjobs.com\/fr\/general-motors-met-un-frein-a-sa-publicite-sur-twitter\/","title":{"rendered":"General Motors met un frein \u00e0 sa publicit\u00e9 sur Twitter"},"content":{"rendered":"<p>Maintenant que Elon Musk est officiellement le nouveau PDG de Twitter, plusieurs constructeurs automobiles sont \u00e0 reconsid\u00e9rer la publicit\u00e9 sur la plateforme. GM a \u00e9t\u00e9 le premier \u00e0 annoncer officiellement vendredi qu\u2019elle avait interrompu temporairement la publicit\u00e9 payante sur Twitter, d\u00e9clarant qu&#8217;elle &#8220;s&#8217;engageait avec Twitter pour comprendre l&#8217;orientation de la plateforme&#8221; sous son nouveau propri\u00e9taire. GM a d\u00e9clar\u00e9 que &#8220;comme c&#8217;est le cours normal des affaires lors d&#8217;un changement important dans une plateforme m\u00e9diatique, nous avons temporairement interrompu notre publicit\u00e9 payante&#8221;, mais a ajout\u00e9 que ses &#8220;interactions avec le service client\u00e8le sur Twitter se poursuivront.&#8221;<\/p>\n<h3>Quelle sera l\u2019orientation de Twitter ?<\/h3>\n<p>Elon Musk a mentionn\u00e9 que Twitter deviendrait le havre de la libre expression. Cela peut aussi tr\u00e8s rapidement devenir une jungle. Dans un gazouillis sous forme de lettre ouverte, Musk a \u00e9crit : &#8220;Twitter ne peut \u00e9videmment pas devenir un paysage infernal o\u00f9 tout peut \u00eatre dit sans cons\u00e9quence\u2009! Twitter aspire \u00e0 devenir la plateforme publicitaire la plus respect\u00e9e au monde, qui renforce votre marque et d\u00e9veloppe votre entreprise.&#8221; Il a \u00e9galement d\u00e9clar\u00e9 que la plateforme allait cr\u00e9er un conseil de mod\u00e9ration du contenu &#8220;avec des points de vue tr\u00e8s diversifi\u00e9s&#8221;, bien que l&#8217;on ne sache pas si ce conseil sera compos\u00e9 d&#8217;individus ind\u00e9pendants ou d&#8217;employ\u00e9s de Twitter.<\/p>\n<h3>Voulez-vous travailler pour votre concurrent ?<\/h3>\n<p>Il est encore trop t\u00f4t pour savoir comment la propri\u00e9t\u00e9 de Musk affectera exactement le mode de fonctionnement de la plateforme, mais les craintes de traitement in\u00e9quitable pour les autres constructeurs automobiles sont justifi\u00e9es. Comment<\/p>\n","protected":false},"excerpt":{"rendered":"<p>Maintenant que Elon Musk est officiellement le nouveau PDG de Twitter, plusieurs constructeurs automobiles sont \u00e0 reconsid\u00e9rer la publicit\u00e9 sur la plateforme. GM a \u00e9t\u00e9 le premier \u00e0 annoncer officiellement vendredi qu\u2019elle avait interrompu temporairement la publicit\u00e9 payante sur Twitter, d\u00e9clarant qu&#8217;elle &#8220;s&#8217;engageait avec Twitter pour comprendre l&#8217;orientation de la plateforme&#8221; sous son nouveau propri\u00e9taire. [&hellip;]<\/p>\n","protected":false},"author":8,"featured_media":136033,"comment_status":"close","ping_status":"closed","sticky":false,"template":"","format":"standard","meta":{"_monsterinsights_skip_tracking":false,"_monsterinsights_sitenote_active":false,"_monsterinsights_sitenote_note":"","_monsterinsights_sitenote_category":0,"footnotes":""},"categories":[101],"tags":[],"yoast_head":"<!-- This site is optimized with the Yoast SEO plugin v23.2 - https:\/\/yoast.com\/wordpress\/plugins\/seo\/ -->\n<title>General Motors met un frein \u00e0 sa publicit\u00e9 sur Twitter - CanadaMotorJobs.com<\/title>\n<meta name=\"description\" content=\"General Motors met un frein \u00e0 sa publicit\u00e9 sur Twitter - Benoit Charette - Annuel automobile - CanadaMotorJobs.com.\" \/>\n<meta name=\"robots\" content=\"index, follow, max-snippet:-1, max-image-preview:large, max-video-preview:-1\" \/>\n<meta property=\"og:locale\" content=\"fr_CA\" \/>\n<meta property=\"og:type\" content=\"article\" \/>\n<meta property=\"og:title\" content=\"General Motors met un frein \u00e0 sa publicit\u00e9 sur Twitter - CanadaMotorJobs.com\" \/>\n<meta property=\"og:description\" content=\"General Motors met un frein \u00e0 sa publicit\u00e9 sur Twitter - Benoit Charette - Annuel automobile - CanadaMotorJobs.com.\" \/>\n<meta property=\"og:url\" content=\"https:\/\/news.canadamotorjobs.com\/fr\/general-motors-met-un-frein-a-sa-publicite-sur-twitter\/\" \/>\n<meta property=\"og:site_name\" content=\"CanadaMotorJobs.com\" \/>\n<meta property=\"article:publisher\" content=\"https:\/\/www.facebook.com\/canadamotorjobs\/\" \/>\n<meta property=\"article:published_time\" content=\"2022-10-29T12:57:22+00:00\" \/>\n<meta property=\"article:modified_time\" content=\"2022-10-31T18:39:17+00:00\" \/>\n<meta property=\"og:image\" content=\"https:\/\/news.canadamotorjobs.com\/wp-content\/uploads\/2022\/10\/5c18c71f-5dae-4a13-82ac-df7242649edd-large16x9_Myproject111-1.jpg\" \/>\n\t<meta property=\"og:image:width\" content=\"1015\" \/>\n\t<meta property=\"og:image:height\" content=\"571\" \/>\n\t<meta property=\"og:image:type\" content=\"image\/jpeg\" \/>\n<meta name=\"author\" content=\"Benoit Charette\" \/>\n<meta name=\"twitter:card\" content=\"summary_large_image\" \/>\n<meta name=\"twitter:creator\" content=\"@canadamotorjobs\" \/>\n<meta name=\"twitter:site\" content=\"@canadamotorjobs\" \/>\n<meta name=\"twitter:label1\" content=\"\u00c9crit par\" \/>\n\t<meta name=\"twitter:data1\" content=\"Benoit Charette\" \/>\n\t<meta name=\"twitter:label2\" content=\"Estimation du temps de lecture\" \/>\n\t<meta name=\"twitter:data2\" content=\"2 minutes\" \/>\n<!-- \/ Yoast SEO plugin. -->","yoast_head_json":{"title":"General Motors met un frein \u00e0 sa publicit\u00e9 sur Twitter - CanadaMotorJobs.com","description":"General Motors met un frein \u00e0 sa publicit\u00e9 sur Twitter - Benoit Charette - Annuel automobile - CanadaMotorJobs.com.","robots":{"index":"index","follow":"follow","max-snippet":"max-snippet:-1","max-image-preview":"max-image-preview:large","max-video-preview":"max-video-preview:-1"},"og_locale":"fr_CA","og_type":"article","og_title":"General Motors met un frein \u00e0 sa publicit\u00e9 sur Twitter - CanadaMotorJobs.com","og_description":"General Motors met un frein \u00e0 sa publicit\u00e9 sur Twitter - Benoit Charette - Annuel automobile - CanadaMotorJobs.com.","og_url":"https:\/\/news.canadamotorjobs.com\/fr\/general-motors-met-un-frein-a-sa-publicite-sur-twitter\/","og_site_name":"CanadaMotorJobs.com","article_publisher":"https:\/\/www.facebook.com\/canadamotorjobs\/","article_published_time":"2022-10-29T12:57:22+00:00","article_modified_time":"2022-10-31T18:39:17+00:00","og_image":[{"width":1015,"height":571,"url":"https:\/\/news.canadamotorjobs.com\/wp-content\/uploads\/2022\/10\/5c18c71f-5dae-4a13-82ac-df7242649edd-large16x9_Myproject111-1.jpg","type":"image\/jpeg"}],"author":"Benoit Charette","twitter_card":"summary_large_image","twitter_creator":"@canadamotorjobs","twitter_site":"@canadamotorjobs","twitter_misc":{"\u00c9crit par":"Benoit Charette","Estimation du temps de lecture":"2 minutes"},"schema":{"@context":"https:\/\/schema.org","@graph":[{"@type":"Article","@id":"https:\/\/news.canadamotorjobs.com\/fr\/general-motors-met-un-frein-a-sa-publicite-sur-twitter\/#article","isPartOf":{"@id":"https:\/\/news.canadamotorjobs.com\/fr\/general-motors-met-un-frein-a-sa-publicite-sur-twitter\/"},"author":{"name":"Benoit Charette","@id":"https:\/\/news.canadamotorjobs.com\/#\/schema\/person\/51793d1f87d44011d7bcc2ed99269a90"},"headline":"General Motors met un frein \u00e0 sa publicit\u00e9 sur Twitter","datePublished":"2022-10-29T12:57:22+00:00","dateModified":"2022-10-31T18:39:17+00:00","mainEntityOfPage":{"@id":"https:\/\/news.canadamotorjobs.com\/fr\/general-motors-met-un-frein-a-sa-publicite-sur-twitter\/"},"wordCount":284,"publisher":{"@id":"https:\/\/news.canadamotorjobs.com\/#organization"},"image":{"@id":"https:\/\/news.canadamotorjobs.com\/fr\/general-motors-met-un-frein-a-sa-publicite-sur-twitter\/#primaryimage"},"thumbnailUrl":"https:\/\/news.canadamotorjobs.com\/wp-content\/uploads\/2022\/10\/5c18c71f-5dae-4a13-82ac-df7242649edd-large16x9_Myproject111-1.jpg","articleSection":["Annuel automobile"],"inLanguage":"fr-CA"},{"@type":"WebPage","@id":"https:\/\/news.canadamotorjobs.com\/fr\/general-motors-met-un-frein-a-sa-publicite-sur-twitter\/","url":"https:\/\/news.canadamotorjobs.com\/fr\/general-motors-met-un-frein-a-sa-publicite-sur-twitter\/","name":"General Motors met un frein \u00e0 sa publicit\u00e9 sur Twitter - CanadaMotorJobs.com","isPartOf":{"@id":"https:\/\/news.canadamotorjobs.com\/#website"},"primaryImageOfPage":{"@id":"https:\/\/news.canadamotorjobs.com\/fr\/general-motors-met-un-frein-a-sa-publicite-sur-twitter\/#primaryimage"},"image":{"@id":"https:\/\/news.canadamotorjobs.com\/fr\/general-motors-met-un-frein-a-sa-publicite-sur-twitter\/#primaryimage"},"thumbnailUrl":"https:\/\/news.canadamotorjobs.com\/wp-content\/uploads\/2022\/10\/5c18c71f-5dae-4a13-82ac-df7242649edd-large16x9_Myproject111-1.jpg","datePublished":"2022-10-29T12:57:22+00:00","dateModified":"2022-10-31T18:39:17+00:00","description":"General Motors met un frein \u00e0 sa publicit\u00e9 sur Twitter - Benoit Charette - Annuel automobile - CanadaMotorJobs.com.","breadcrumb":{"@id":"https:\/\/news.canadamotorjobs.com\/fr\/general-motors-met-un-frein-a-sa-publicite-sur-twitter\/#breadcrumb"},"inLanguage":"fr-CA","potentialAction":[{"@type":"ReadAction","target":["https:\/\/news.canadamotorjobs.com\/fr\/general-motors-met-un-frein-a-sa-publicite-sur-twitter\/"]}]},{"@type":"ImageObject","inLanguage":"fr-CA","@id":"https:\/\/news.canadamotorjobs.com\/fr\/general-motors-met-un-frein-a-sa-publicite-sur-twitter\/#primaryimage","url":"https:\/\/news.canadamotorjobs.com\/wp-content\/uploads\/2022\/10\/5c18c71f-5dae-4a13-82ac-df7242649edd-large16x9_Myproject111-1.jpg","contentUrl":"https:\/\/news.canadamotorjobs.com\/wp-content\/uploads\/2022\/10\/5c18c71f-5dae-4a13-82ac-df7242649edd-large16x9_Myproject111-1.jpg","width":1015,"height":571},{"@type":"BreadcrumbList","@id":"https:\/\/news.canadamotorjobs.com\/fr\/general-motors-met-un-frein-a-sa-publicite-sur-twitter\/#breadcrumb","itemListElement":[{"@type":"ListItem","position":1,"name":"Home","item":"https:\/\/news.canadamotorjobs.com\/fr\/blog\/"},{"@type":"ListItem","position":2,"name":"General Motors met un frein \u00e0 sa publicit\u00e9 sur Twitter"}]},{"@type":"WebSite","@id":"https:\/\/news.canadamotorjobs.com\/#website","url":"https:\/\/news.canadamotorjobs.com\/","name":"CanadaMotorJobs.com","description":"Automotive Jobs","publisher":{"@id":"https:\/\/news.canadamotorjobs.com\/#organization"},"potentialAction":[{"@type":"SearchAction","target":{"@type":"EntryPoint","urlTemplate":"https:\/\/news.canadamotorjobs.com\/?s={search_term_string}"},"query-input":"required name=search_term_string"}],"inLanguage":"fr-CA"},{"@type":"Organization","@id":"https:\/\/news.canadamotorjobs.com\/#organization","name":"Canada Motor Jobs","url":"https:\/\/news.canadamotorjobs.com\/","logo":{"@type":"ImageObject","inLanguage":"fr-CA","@id":"https:\/\/news.canadamotorjobs.com\/#\/schema\/logo\/image\/","url":"https:\/\/news.canadamotorjobs.com\/wp-content\/uploads\/2022\/10\/logo-canada-motor-jobs-1.png","contentUrl":"https:\/\/news.canadamotorjobs.com\/wp-content\/uploads\/2022\/10\/logo-canada-motor-jobs-1.png","width":800,"height":400,"caption":"Canada Motor Jobs"},"image":{"@id":"https:\/\/news.canadamotorjobs.com\/#\/schema\/logo\/image\/"},"sameAs":["https:\/\/www.facebook.com\/canadamotorjobs\/","https:\/\/x.com\/canadamotorjobs","https:\/\/www.instagram.com\/canadamotorjobs\/","https:\/\/www.linkedin.com\/company\/canadamotorjobs"]},{"@type":"Person","@id":"https:\/\/news.canadamotorjobs.com\/#\/schema\/person\/51793d1f87d44011d7bcc2ed99269a90","name":"Benoit Charette","image":{"@type":"ImageObject","inLanguage":"fr-CA","@id":"https:\/\/news.canadamotorjobs.com\/#\/schema\/person\/image\/","url":"https:\/\/secure.gravatar.com\/avatar\/45f3d2eebcccd909668d7ce7ea7267b6?s=96&d=mm&r=g","contentUrl":"https:\/\/secure.gravatar.com\/avatar\/45f3d2eebcccd909668d7ce7ea7267b6?s=96&d=mm&r=g","caption":"Benoit Charette"},"description":"Benoit Charette \/ Propri\u00e9taire et r\u00e9dacteur en chef Benoit Charette pratique le journalisme automobile depuis bient\u00f4t 30 ans. Il a fait ses classes au c\u00f4t\u00e9 de Daniel H\u00e9raud et au Carnet de route de 1992 \u00e0 2001. Il est fondateur, copropri\u00e9taire et r\u00e9dacteur en chef de L\u2019Annuel de l\u2019automobile, qu\u2019il publie depuis 2001. Il a anim\u00e9 les \u00e9missions RPM et RPM+ sur V et les L\u00e9gendes de la route sur Historia. \u00c0 la radio depuis 1986, il reprend l\u2019antenne cette ann\u00e9e sur les ondes de Cogeco et participe pour la deuxi\u00e8me ann\u00e9e \u00e0 l\u2019\u00e9mission Passion Auto sur RDS en plus de mettre en ligne le site Web officiel de L\u2019Annuel de l\u2019automobile sur annuelauto.ca.","sameAs":["https:\/\/annuelauto.ca\/"],"url":"https:\/\/news.canadamotorjobs.com\/fr\/author\/benoit-charette\/"}]}},"_links":{"self":[{"href":"https:\/\/news.canadamotorjobs.com\/fr\/wp-json\/wp\/v2\/posts\/136029"}],"collection":[{"href":"https:\/\/news.canadamotorjobs.com\/fr\/wp-json\/wp\/v2\/posts"}],"about":[{"href":"https:\/\/news.canadamotorjobs.com\/fr\/wp-json\/wp\/v2\/types\/post"}],"author":[{"embeddable":true,"href":"https:\/\/news.canadamotorjobs.com\/fr\/wp-json\/wp\/v2\/users\/8"}],"replies":[{"embeddable":true,"href":"https:\/\/news.canadamotorjobs.com\/fr\/wp-json\/wp\/v2\/comments?post=136029"}],"version-history":[{"count":0,"href":"https:\/\/news.canadamotorjobs.com\/fr\/wp-json\/wp\/v2\/posts\/136029\/revisions"}],"wp:featuredmedia":[{"embeddable":true,"href":"https:\/\/news.canadamotorjobs.com\/fr\/wp-json\/wp\/v2\/media\/136033"}],"wp:attachment":[{"href":"https:\/\/news.canadamotorjobs.com\/fr\/wp-json\/wp\/v2\/media?parent=136029"}],"wp:term":[{"taxonomy":"category","embeddable":true,"href":"https:\/\/news.canadamotorjobs.com\/fr\/wp-json\/wp\/v2\/categories?post=136029"},{"taxonomy":"post_tag","embeddable":true,"href":"https:\/\/news.canadamotorjobs.com\/fr\/wp-json\/wp\/v2\/tags?post=136029"}],"curies":[{"name":"wp","href":"https:\/\/api.w.org\/{rel}","templated":true}]}}