{"id":136021,"date":"2022-10-29T08:32:48","date_gmt":"2022-10-29T12:32:48","guid":{"rendered":"https:\/\/news.canadamotorjobs.com\/la-nissan-gt-r-revient-en-2023\/"},"modified":"2022-10-31T14:41:43","modified_gmt":"2022-10-31T18:41:43","slug":"la-nissan-gt-r-revient-en-2023","status":"publish","type":"post","link":"https:\/\/news.canadamotorjobs.com\/fr\/la-nissan-gt-r-revient-en-2023\/","title":{"rendered":"La Nissan GT-R revient en 2023"},"content":{"rendered":"<p>Lorsque Nissan a annonc\u00e9 que la GT-R ne revenait pas en 2022, nous avons cru que c\u2019\u00e9tait la fin pour ce mod\u00e8le sport qui n\u2019\u00e9tait plus tr\u00e8s \u00e0 la mode. Eh bien ! nous avons eu tort. Nissan a annonc\u00e9 le retour de la GT-r en 2023. Du moins la chose est confirm\u00e9e pour les \u00c9tats-Unis, car il n\u2019y a rien qui transpire sur le site canadien.<\/p>\n<h3>Retir\u00e9 de la route aussi en Europe<\/h3>\n<p>En raison de nouvelle norme pour le bruit, la GT-R a \u00e9t\u00e9 retir\u00e9e de la route en Europe apr\u00e8s 13 ans. Nissan a continu\u00e9 \u00e0 vendre des mod\u00e8les\u00a02021 en 2022, mais cela semblait \u00eatre la fin de la route. Ce n&#8217;est pas vrai : Godzilla n&#8217;est pas mort. Il \u00e9tait seulement au repos, attendant de revenir aux \u00c9tats-Unis pour 2023. Il semble que Nissan a vendu ce qui restait d\u2019inventaire 2021 en 2022 et aurait repris la production en 2023. Croyez-moi, nous sommes tout aussi surpris que vous.<\/p>\n<h3>Au premier coup d\u2019\u0153il, pas beaucoup de changements<\/h3>\n<p>Nous serions port\u00e9s \u00e0 dire que Nissan vend sans doute encore des mod\u00e8les\u00a02021 invendus en 2023 aussi \u00e0 en juger par les photos sur le site de Nissan \u00c9.-U.. On peur plut\u00f4t parler de mises \u00e0 jour. Le plus important n\u2019a pas chang\u00e9. Le moteur 6 cylindres 3,8 litres est toujours le ma\u00eetre d\u2019\u0153uvre sous le capot. La version de base d\u00e9veloppe 565 chevaux et 467\u00a0lb-pi de couple, tandis que la version NISMO porte ces chiffres \u00e0 600 chevaux et<\/p>\n","protected":false},"excerpt":{"rendered":"<p>Lorsque Nissan a annonc\u00e9 que la GT-R ne revenait pas en 2022, nous avons cru que c\u2019\u00e9tait la fin pour ce mod\u00e8le sport qui n\u2019\u00e9tait plus tr\u00e8s \u00e0 la mode. Eh bien ! nous avons eu tort. Nissan a annonc\u00e9 le retour de la GT-r en 2023. Du moins la chose est confirm\u00e9e pour les [&hellip;]<\/p>\n","protected":false},"author":8,"featured_media":136025,"comment_status":"close","ping_status":"closed","sticky":false,"template":"","format":"standard","meta":{"_monsterinsights_skip_tracking":false,"_monsterinsights_sitenote_active":false,"_monsterinsights_sitenote_note":"","_monsterinsights_sitenote_category":0,"footnotes":""},"categories":[101],"tags":[],"yoast_head":"<!-- This site is optimized with the Yoast SEO plugin v23.2 - https:\/\/yoast.com\/wordpress\/plugins\/seo\/ -->\n<title>La Nissan GT-R revient en 2023 - CanadaMotorJobs.com<\/title>\n<meta name=\"description\" content=\"La Nissan GT-R revient en 2023 - Benoit Charette - Annuel automobile - CanadaMotorJobs.com.\" \/>\n<meta name=\"robots\" content=\"index, follow, max-snippet:-1, max-image-preview:large, max-video-preview:-1\" \/>\n<meta property=\"og:locale\" content=\"fr_CA\" \/>\n<meta property=\"og:type\" content=\"article\" \/>\n<meta property=\"og:title\" content=\"La Nissan GT-R revient en 2023 - CanadaMotorJobs.com\" \/>\n<meta property=\"og:description\" content=\"La Nissan GT-R revient en 2023 - Benoit Charette - Annuel automobile - CanadaMotorJobs.com.\" \/>\n<meta property=\"og:url\" content=\"https:\/\/news.canadamotorjobs.com\/fr\/la-nissan-gt-r-revient-en-2023\/\" \/>\n<meta property=\"og:site_name\" content=\"CanadaMotorJobs.com\" \/>\n<meta property=\"article:publisher\" content=\"https:\/\/www.facebook.com\/canadamotorjobs\/\" \/>\n<meta property=\"article:published_time\" content=\"2022-10-29T12:32:48+00:00\" \/>\n<meta property=\"article:modified_time\" content=\"2022-10-31T18:41:43+00:00\" \/>\n<meta property=\"og:image\" content=\"https:\/\/news.canadamotorjobs.com\/wp-content\/uploads\/2022\/10\/2023-Nissan-GT-R-1-1.jpg\" \/>\n\t<meta property=\"og:image:width\" content=\"1200\" \/>\n\t<meta property=\"og:image:height\" content=\"669\" \/>\n\t<meta property=\"og:image:type\" content=\"image\/jpeg\" \/>\n<meta name=\"author\" content=\"Benoit Charette\" \/>\n<meta name=\"twitter:card\" content=\"summary_large_image\" \/>\n<meta name=\"twitter:creator\" content=\"@canadamotorjobs\" \/>\n<meta name=\"twitter:site\" content=\"@canadamotorjobs\" \/>\n<meta name=\"twitter:label1\" content=\"\u00c9crit par\" \/>\n\t<meta name=\"twitter:data1\" content=\"Benoit Charette\" \/>\n\t<meta name=\"twitter:label2\" content=\"Estimation du temps de lecture\" \/>\n\t<meta name=\"twitter:data2\" content=\"2 minutes\" \/>\n<!-- \/ Yoast SEO plugin. -->","yoast_head_json":{"title":"La Nissan GT-R revient en 2023 - CanadaMotorJobs.com","description":"La Nissan GT-R revient en 2023 - Benoit Charette - Annuel automobile - CanadaMotorJobs.com.","robots":{"index":"index","follow":"follow","max-snippet":"max-snippet:-1","max-image-preview":"max-image-preview:large","max-video-preview":"max-video-preview:-1"},"og_locale":"fr_CA","og_type":"article","og_title":"La Nissan GT-R revient en 2023 - CanadaMotorJobs.com","og_description":"La Nissan GT-R revient en 2023 - Benoit Charette - Annuel automobile - CanadaMotorJobs.com.","og_url":"https:\/\/news.canadamotorjobs.com\/fr\/la-nissan-gt-r-revient-en-2023\/","og_site_name":"CanadaMotorJobs.com","article_publisher":"https:\/\/www.facebook.com\/canadamotorjobs\/","article_published_time":"2022-10-29T12:32:48+00:00","article_modified_time":"2022-10-31T18:41:43+00:00","og_image":[{"width":1200,"height":669,"url":"https:\/\/news.canadamotorjobs.com\/wp-content\/uploads\/2022\/10\/2023-Nissan-GT-R-1-1.jpg","type":"image\/jpeg"}],"author":"Benoit Charette","twitter_card":"summary_large_image","twitter_creator":"@canadamotorjobs","twitter_site":"@canadamotorjobs","twitter_misc":{"\u00c9crit par":"Benoit Charette","Estimation du temps de lecture":"2 minutes"},"schema":{"@context":"https:\/\/schema.org","@graph":[{"@type":"Article","@id":"https:\/\/news.canadamotorjobs.com\/fr\/la-nissan-gt-r-revient-en-2023\/#article","isPartOf":{"@id":"https:\/\/news.canadamotorjobs.com\/fr\/la-nissan-gt-r-revient-en-2023\/"},"author":{"name":"Benoit Charette","@id":"https:\/\/news.canadamotorjobs.com\/#\/schema\/person\/51793d1f87d44011d7bcc2ed99269a90"},"headline":"La Nissan GT-R revient en 2023","datePublished":"2022-10-29T12:32:48+00:00","dateModified":"2022-10-31T18:41:43+00:00","mainEntityOfPage":{"@id":"https:\/\/news.canadamotorjobs.com\/fr\/la-nissan-gt-r-revient-en-2023\/"},"wordCount":254,"publisher":{"@id":"https:\/\/news.canadamotorjobs.com\/#organization"},"image":{"@id":"https:\/\/news.canadamotorjobs.com\/fr\/la-nissan-gt-r-revient-en-2023\/#primaryimage"},"thumbnailUrl":"https:\/\/news.canadamotorjobs.com\/wp-content\/uploads\/2022\/10\/2023-Nissan-GT-R-1-1.jpg","articleSection":["Annuel automobile"],"inLanguage":"fr-CA"},{"@type":"WebPage","@id":"https:\/\/news.canadamotorjobs.com\/fr\/la-nissan-gt-r-revient-en-2023\/","url":"https:\/\/news.canadamotorjobs.com\/fr\/la-nissan-gt-r-revient-en-2023\/","name":"La Nissan GT-R revient en 2023 - CanadaMotorJobs.com","isPartOf":{"@id":"https:\/\/news.canadamotorjobs.com\/#website"},"primaryImageOfPage":{"@id":"https:\/\/news.canadamotorjobs.com\/fr\/la-nissan-gt-r-revient-en-2023\/#primaryimage"},"image":{"@id":"https:\/\/news.canadamotorjobs.com\/fr\/la-nissan-gt-r-revient-en-2023\/#primaryimage"},"thumbnailUrl":"https:\/\/news.canadamotorjobs.com\/wp-content\/uploads\/2022\/10\/2023-Nissan-GT-R-1-1.jpg","datePublished":"2022-10-29T12:32:48+00:00","dateModified":"2022-10-31T18:41:43+00:00","description":"La Nissan GT-R revient en 2023 - Benoit Charette - Annuel automobile - CanadaMotorJobs.com.","breadcrumb":{"@id":"https:\/\/news.canadamotorjobs.com\/fr\/la-nissan-gt-r-revient-en-2023\/#breadcrumb"},"inLanguage":"fr-CA","potentialAction":[{"@type":"ReadAction","target":["https:\/\/news.canadamotorjobs.com\/fr\/la-nissan-gt-r-revient-en-2023\/"]}]},{"@type":"ImageObject","inLanguage":"fr-CA","@id":"https:\/\/news.canadamotorjobs.com\/fr\/la-nissan-gt-r-revient-en-2023\/#primaryimage","url":"https:\/\/news.canadamotorjobs.com\/wp-content\/uploads\/2022\/10\/2023-Nissan-GT-R-1-1.jpg","contentUrl":"https:\/\/news.canadamotorjobs.com\/wp-content\/uploads\/2022\/10\/2023-Nissan-GT-R-1-1.jpg","width":1200,"height":669},{"@type":"BreadcrumbList","@id":"https:\/\/news.canadamotorjobs.com\/fr\/la-nissan-gt-r-revient-en-2023\/#breadcrumb","itemListElement":[{"@type":"ListItem","position":1,"name":"Home","item":"https:\/\/news.canadamotorjobs.com\/fr\/blog\/"},{"@type":"ListItem","position":2,"name":"La Nissan GT-R revient en 2023"}]},{"@type":"WebSite","@id":"https:\/\/news.canadamotorjobs.com\/#website","url":"https:\/\/news.canadamotorjobs.com\/","name":"CanadaMotorJobs.com","description":"Automotive Jobs","publisher":{"@id":"https:\/\/news.canadamotorjobs.com\/#organization"},"potentialAction":[{"@type":"SearchAction","target":{"@type":"EntryPoint","urlTemplate":"https:\/\/news.canadamotorjobs.com\/?s={search_term_string}"},"query-input":"required name=search_term_string"}],"inLanguage":"fr-CA"},{"@type":"Organization","@id":"https:\/\/news.canadamotorjobs.com\/#organization","name":"Canada Motor Jobs","url":"https:\/\/news.canadamotorjobs.com\/","logo":{"@type":"ImageObject","inLanguage":"fr-CA","@id":"https:\/\/news.canadamotorjobs.com\/#\/schema\/logo\/image\/","url":"https:\/\/news.canadamotorjobs.com\/wp-content\/uploads\/2022\/10\/logo-canada-motor-jobs-1.png","contentUrl":"https:\/\/news.canadamotorjobs.com\/wp-content\/uploads\/2022\/10\/logo-canada-motor-jobs-1.png","width":800,"height":400,"caption":"Canada Motor Jobs"},"image":{"@id":"https:\/\/news.canadamotorjobs.com\/#\/schema\/logo\/image\/"},"sameAs":["https:\/\/www.facebook.com\/canadamotorjobs\/","https:\/\/x.com\/canadamotorjobs","https:\/\/www.instagram.com\/canadamotorjobs\/","https:\/\/www.linkedin.com\/company\/canadamotorjobs"]},{"@type":"Person","@id":"https:\/\/news.canadamotorjobs.com\/#\/schema\/person\/51793d1f87d44011d7bcc2ed99269a90","name":"Benoit Charette","image":{"@type":"ImageObject","inLanguage":"fr-CA","@id":"https:\/\/news.canadamotorjobs.com\/#\/schema\/person\/image\/","url":"https:\/\/secure.gravatar.com\/avatar\/45f3d2eebcccd909668d7ce7ea7267b6?s=96&d=mm&r=g","contentUrl":"https:\/\/secure.gravatar.com\/avatar\/45f3d2eebcccd909668d7ce7ea7267b6?s=96&d=mm&r=g","caption":"Benoit Charette"},"description":"Benoit Charette \/ Propri\u00e9taire et r\u00e9dacteur en chef Benoit Charette pratique le journalisme automobile depuis bient\u00f4t 30 ans. Il a fait ses classes au c\u00f4t\u00e9 de Daniel H\u00e9raud et au Carnet de route de 1992 \u00e0 2001. Il est fondateur, copropri\u00e9taire et r\u00e9dacteur en chef de L\u2019Annuel de l\u2019automobile, qu\u2019il publie depuis 2001. Il a anim\u00e9 les \u00e9missions RPM et RPM+ sur V et les L\u00e9gendes de la route sur Historia. \u00c0 la radio depuis 1986, il reprend l\u2019antenne cette ann\u00e9e sur les ondes de Cogeco et participe pour la deuxi\u00e8me ann\u00e9e \u00e0 l\u2019\u00e9mission Passion Auto sur RDS en plus de mettre en ligne le site Web officiel de L\u2019Annuel de l\u2019automobile sur annuelauto.ca.","sameAs":["https:\/\/annuelauto.ca\/"],"url":"https:\/\/news.canadamotorjobs.com\/fr\/author\/benoit-charette\/"}]}},"_links":{"self":[{"href":"https:\/\/news.canadamotorjobs.com\/fr\/wp-json\/wp\/v2\/posts\/136021"}],"collection":[{"href":"https:\/\/news.canadamotorjobs.com\/fr\/wp-json\/wp\/v2\/posts"}],"about":[{"href":"https:\/\/news.canadamotorjobs.com\/fr\/wp-json\/wp\/v2\/types\/post"}],"author":[{"embeddable":true,"href":"https:\/\/news.canadamotorjobs.com\/fr\/wp-json\/wp\/v2\/users\/8"}],"replies":[{"embeddable":true,"href":"https:\/\/news.canadamotorjobs.com\/fr\/wp-json\/wp\/v2\/comments?post=136021"}],"version-history":[{"count":0,"href":"https:\/\/news.canadamotorjobs.com\/fr\/wp-json\/wp\/v2\/posts\/136021\/revisions"}],"wp:featuredmedia":[{"embeddable":true,"href":"https:\/\/news.canadamotorjobs.com\/fr\/wp-json\/wp\/v2\/media\/136025"}],"wp:attachment":[{"href":"https:\/\/news.canadamotorjobs.com\/fr\/wp-json\/wp\/v2\/media?parent=136021"}],"wp:term":[{"taxonomy":"category","embeddable":true,"href":"https:\/\/news.canadamotorjobs.com\/fr\/wp-json\/wp\/v2\/categories?post=136021"},{"taxonomy":"post_tag","embeddable":true,"href":"https:\/\/news.canadamotorjobs.com\/fr\/wp-json\/wp\/v2\/tags?post=136021"}],"curies":[{"name":"wp","href":"https:\/\/api.w.org\/{rel}","templated":true}]}}