{"id":136004,"date":"2022-10-28T08:22:51","date_gmt":"2022-10-28T12:22:51","guid":{"rendered":"https:\/\/news.canadamotorjobs.com\/pourquoi-le-prix-de-lessence-est-en-hausse\/"},"modified":"2022-10-28T08:50:11","modified_gmt":"2022-10-28T12:50:11","slug":"pourquoi-le-prix-de-lessence-est-en-hausse","status":"publish","type":"post","link":"https:\/\/news.canadamotorjobs.com\/fr\/pourquoi-le-prix-de-lessence-est-en-hausse\/","title":{"rendered":"Pourquoi le prix de l\u2019essence est en hausse\u2009?"},"content":{"rendered":"<p>Vous avez sans doute remarqu\u00e9 que le prix de l\u2019essence est reparti en hausse depuis quelques jours. La Colombie-Britannique qui est l\u2019endroit o\u00f9 le litre d\u2019essence ordinaire se vend le plus cher affichait 1,98\u00a0$ ce matin. Chez nous le prix tourne autour de 1,86 aujourd\u2019hui.<\/p>\n<h3>Une r\u00e9duction de la production<\/h3>\n<p>Les pays membres de l\u2019OPEP+ qui comprend 23 pays dont l&#8217;Arabie saoudite et la Russie ont annonc\u00e9 qu&#8217;ils r\u00e9duisaient leur production de p\u00e9trole de 2 millions de barils par jour. C\u2019est cet effet que nous ressentons aujourd\u2019hui. Cette r\u00e9duction a pouss\u00e9 le prix du baril de p\u00e9trole \u00e0 la hausse.<\/p>\n<h3>Des probl\u00e8mes dans les raffineries<\/h3>\n<p>Pour ajouter \u00e0 la diminution de la production mondiale, il y a aussi les raffineries qui effectuent g\u00e9n\u00e9ralement des travaux d\u2019entretien pendant les p\u00e9riodes creuses de l&#8217;ann\u00e9e. L&#8217;\u00e9t\u00e9 \u00e9tant derri\u00e8re nous, plusieurs raffineries font l&#8217;objet d\u2019un entretien saisonnier. Il ne reste plus beaucoup de raffineries pour transformer le p\u00e9trole brut et chaque fois qu\u2019une raffinerie diminue ses capacit\u00e9s ou fermes temporairement, le prix de l\u2019essence part \u00e0 la hausse imm\u00e9diatement. C&#8217;est donc l\u2019entretien planifi\u00e9, mais surtout les pannes inattendues, au nombre de quatre rien qu&#8217;en Californie, qui ont fait monter les prix en fl\u00e8che.<\/p>\n<h3>\u00c0 quoi faut-il s\u2019attendre\u2009?<\/h3>\n<p>Les pays membres de l\u2019OPEP+ vont avoir l\u2019oeil sur le prix du baril et s\u2019assurer de produire juste ce qu\u2019il faut pour r\u00e9pondre \u00e0 la demande te garder le prix du baril \u00e9lev\u00e9. L\u2019organisation se r\u00e9unit sur une base r\u00e9guli\u00e8re et est en mesure de moduler la<\/p>\n","protected":false},"excerpt":{"rendered":"<p>Vous avez sans doute remarqu\u00e9 que le prix de l\u2019essence est reparti en hausse depuis quelques jours. La Colombie-Britannique qui est l\u2019endroit o\u00f9 le litre d\u2019essence ordinaire se vend le plus cher affichait 1,98\u00a0$ ce matin. Chez nous le prix tourne autour de 1,86 aujourd\u2019hui. Une r\u00e9duction de la production Les pays membres de l\u2019OPEP+ [&hellip;]<\/p>\n","protected":false},"author":8,"featured_media":136008,"comment_status":"close","ping_status":"closed","sticky":false,"template":"","format":"standard","meta":{"_monsterinsights_skip_tracking":false,"_monsterinsights_sitenote_active":false,"_monsterinsights_sitenote_note":"","_monsterinsights_sitenote_category":0,"footnotes":""},"categories":[101],"tags":[],"yoast_head":"<!-- This site is optimized with the Yoast SEO plugin v23.2 - https:\/\/yoast.com\/wordpress\/plugins\/seo\/ -->\n<title>Pourquoi le prix de l\u2019essence est en hausse\u2009? - CanadaMotorJobs.com<\/title>\n<meta name=\"description\" content=\"Pourquoi le prix de l\u2019essence est en hausse\u2009? - Benoit Charette - Annuel automobile - CanadaMotorJobs.com.\" \/>\n<meta name=\"robots\" content=\"index, follow, max-snippet:-1, max-image-preview:large, max-video-preview:-1\" \/>\n<meta property=\"og:locale\" content=\"fr_CA\" \/>\n<meta property=\"og:type\" content=\"article\" \/>\n<meta property=\"og:title\" content=\"Pourquoi le prix de l\u2019essence est en hausse\u2009? - CanadaMotorJobs.com\" \/>\n<meta property=\"og:description\" content=\"Pourquoi le prix de l\u2019essence est en hausse\u2009? - Benoit Charette - Annuel automobile - CanadaMotorJobs.com.\" \/>\n<meta property=\"og:url\" content=\"https:\/\/news.canadamotorjobs.com\/fr\/pourquoi-le-prix-de-lessence-est-en-hausse\/\" \/>\n<meta property=\"og:site_name\" content=\"CanadaMotorJobs.com\" \/>\n<meta property=\"article:publisher\" content=\"https:\/\/www.facebook.com\/canadamotorjobs\/\" \/>\n<meta property=\"article:published_time\" content=\"2022-10-28T12:22:51+00:00\" \/>\n<meta property=\"article:modified_time\" content=\"2022-10-28T12:50:11+00:00\" \/>\n<meta property=\"og:image\" content=\"https:\/\/news.canadamotorjobs.com\/wp-content\/uploads\/2022\/10\/Sandakan_Sabah_Shell-Station-Labuk_Road-01-scaled-1-1.jpg\" \/>\n\t<meta property=\"og:image:width\" content=\"2560\" \/>\n\t<meta property=\"og:image:height\" content=\"1237\" \/>\n\t<meta property=\"og:image:type\" content=\"image\/jpeg\" \/>\n<meta name=\"author\" content=\"Benoit Charette\" \/>\n<meta name=\"twitter:card\" content=\"summary_large_image\" \/>\n<meta name=\"twitter:creator\" content=\"@canadamotorjobs\" \/>\n<meta name=\"twitter:site\" content=\"@canadamotorjobs\" \/>\n<meta name=\"twitter:label1\" content=\"\u00c9crit par\" \/>\n\t<meta name=\"twitter:data1\" content=\"Benoit Charette\" \/>\n\t<meta name=\"twitter:label2\" content=\"Estimation du temps de lecture\" \/>\n\t<meta name=\"twitter:data2\" content=\"2 minutes\" \/>\n<!-- \/ Yoast SEO plugin. -->","yoast_head_json":{"title":"Pourquoi le prix de l\u2019essence est en hausse\u2009? - CanadaMotorJobs.com","description":"Pourquoi le prix de l\u2019essence est en hausse\u2009? - Benoit Charette - Annuel automobile - CanadaMotorJobs.com.","robots":{"index":"index","follow":"follow","max-snippet":"max-snippet:-1","max-image-preview":"max-image-preview:large","max-video-preview":"max-video-preview:-1"},"og_locale":"fr_CA","og_type":"article","og_title":"Pourquoi le prix de l\u2019essence est en hausse\u2009? - CanadaMotorJobs.com","og_description":"Pourquoi le prix de l\u2019essence est en hausse\u2009? - Benoit Charette - Annuel automobile - CanadaMotorJobs.com.","og_url":"https:\/\/news.canadamotorjobs.com\/fr\/pourquoi-le-prix-de-lessence-est-en-hausse\/","og_site_name":"CanadaMotorJobs.com","article_publisher":"https:\/\/www.facebook.com\/canadamotorjobs\/","article_published_time":"2022-10-28T12:22:51+00:00","article_modified_time":"2022-10-28T12:50:11+00:00","og_image":[{"width":2560,"height":1237,"url":"https:\/\/news.canadamotorjobs.com\/wp-content\/uploads\/2022\/10\/Sandakan_Sabah_Shell-Station-Labuk_Road-01-scaled-1-1.jpg","type":"image\/jpeg"}],"author":"Benoit Charette","twitter_card":"summary_large_image","twitter_creator":"@canadamotorjobs","twitter_site":"@canadamotorjobs","twitter_misc":{"\u00c9crit par":"Benoit Charette","Estimation du temps de lecture":"2 minutes"},"schema":{"@context":"https:\/\/schema.org","@graph":[{"@type":"Article","@id":"https:\/\/news.canadamotorjobs.com\/fr\/pourquoi-le-prix-de-lessence-est-en-hausse\/#article","isPartOf":{"@id":"https:\/\/news.canadamotorjobs.com\/fr\/pourquoi-le-prix-de-lessence-est-en-hausse\/"},"author":{"name":"Benoit Charette","@id":"https:\/\/news.canadamotorjobs.com\/#\/schema\/person\/51793d1f87d44011d7bcc2ed99269a90"},"headline":"Pourquoi le prix de l\u2019essence est en hausse\u2009?","datePublished":"2022-10-28T12:22:51+00:00","dateModified":"2022-10-28T12:50:11+00:00","mainEntityOfPage":{"@id":"https:\/\/news.canadamotorjobs.com\/fr\/pourquoi-le-prix-de-lessence-est-en-hausse\/"},"wordCount":294,"publisher":{"@id":"https:\/\/news.canadamotorjobs.com\/#organization"},"image":{"@id":"https:\/\/news.canadamotorjobs.com\/fr\/pourquoi-le-prix-de-lessence-est-en-hausse\/#primaryimage"},"thumbnailUrl":"https:\/\/news.canadamotorjobs.com\/wp-content\/uploads\/2022\/10\/Sandakan_Sabah_Shell-Station-Labuk_Road-01-scaled-1-1.jpg","articleSection":["Annuel automobile"],"inLanguage":"fr-CA"},{"@type":"WebPage","@id":"https:\/\/news.canadamotorjobs.com\/fr\/pourquoi-le-prix-de-lessence-est-en-hausse\/","url":"https:\/\/news.canadamotorjobs.com\/fr\/pourquoi-le-prix-de-lessence-est-en-hausse\/","name":"Pourquoi le prix de l\u2019essence est en hausse\u2009? - CanadaMotorJobs.com","isPartOf":{"@id":"https:\/\/news.canadamotorjobs.com\/#website"},"primaryImageOfPage":{"@id":"https:\/\/news.canadamotorjobs.com\/fr\/pourquoi-le-prix-de-lessence-est-en-hausse\/#primaryimage"},"image":{"@id":"https:\/\/news.canadamotorjobs.com\/fr\/pourquoi-le-prix-de-lessence-est-en-hausse\/#primaryimage"},"thumbnailUrl":"https:\/\/news.canadamotorjobs.com\/wp-content\/uploads\/2022\/10\/Sandakan_Sabah_Shell-Station-Labuk_Road-01-scaled-1-1.jpg","datePublished":"2022-10-28T12:22:51+00:00","dateModified":"2022-10-28T12:50:11+00:00","description":"Pourquoi le prix de l\u2019essence est en hausse\u2009? - Benoit Charette - Annuel automobile - CanadaMotorJobs.com.","breadcrumb":{"@id":"https:\/\/news.canadamotorjobs.com\/fr\/pourquoi-le-prix-de-lessence-est-en-hausse\/#breadcrumb"},"inLanguage":"fr-CA","potentialAction":[{"@type":"ReadAction","target":["https:\/\/news.canadamotorjobs.com\/fr\/pourquoi-le-prix-de-lessence-est-en-hausse\/"]}]},{"@type":"ImageObject","inLanguage":"fr-CA","@id":"https:\/\/news.canadamotorjobs.com\/fr\/pourquoi-le-prix-de-lessence-est-en-hausse\/#primaryimage","url":"https:\/\/news.canadamotorjobs.com\/wp-content\/uploads\/2022\/10\/Sandakan_Sabah_Shell-Station-Labuk_Road-01-scaled-1-1.jpg","contentUrl":"https:\/\/news.canadamotorjobs.com\/wp-content\/uploads\/2022\/10\/Sandakan_Sabah_Shell-Station-Labuk_Road-01-scaled-1-1.jpg","width":2560,"height":1237},{"@type":"BreadcrumbList","@id":"https:\/\/news.canadamotorjobs.com\/fr\/pourquoi-le-prix-de-lessence-est-en-hausse\/#breadcrumb","itemListElement":[{"@type":"ListItem","position":1,"name":"Home","item":"https:\/\/news.canadamotorjobs.com\/fr\/blog\/"},{"@type":"ListItem","position":2,"name":"Pourquoi le prix de l\u2019essence est en hausse\u2009?"}]},{"@type":"WebSite","@id":"https:\/\/news.canadamotorjobs.com\/#website","url":"https:\/\/news.canadamotorjobs.com\/","name":"CanadaMotorJobs.com","description":"Automotive Jobs","publisher":{"@id":"https:\/\/news.canadamotorjobs.com\/#organization"},"potentialAction":[{"@type":"SearchAction","target":{"@type":"EntryPoint","urlTemplate":"https:\/\/news.canadamotorjobs.com\/?s={search_term_string}"},"query-input":"required name=search_term_string"}],"inLanguage":"fr-CA"},{"@type":"Organization","@id":"https:\/\/news.canadamotorjobs.com\/#organization","name":"Canada Motor Jobs","url":"https:\/\/news.canadamotorjobs.com\/","logo":{"@type":"ImageObject","inLanguage":"fr-CA","@id":"https:\/\/news.canadamotorjobs.com\/#\/schema\/logo\/image\/","url":"https:\/\/news.canadamotorjobs.com\/wp-content\/uploads\/2022\/10\/logo-canada-motor-jobs-1.png","contentUrl":"https:\/\/news.canadamotorjobs.com\/wp-content\/uploads\/2022\/10\/logo-canada-motor-jobs-1.png","width":800,"height":400,"caption":"Canada Motor Jobs"},"image":{"@id":"https:\/\/news.canadamotorjobs.com\/#\/schema\/logo\/image\/"},"sameAs":["https:\/\/www.facebook.com\/canadamotorjobs\/","https:\/\/x.com\/canadamotorjobs","https:\/\/www.instagram.com\/canadamotorjobs\/","https:\/\/www.linkedin.com\/company\/canadamotorjobs"]},{"@type":"Person","@id":"https:\/\/news.canadamotorjobs.com\/#\/schema\/person\/51793d1f87d44011d7bcc2ed99269a90","name":"Benoit Charette","image":{"@type":"ImageObject","inLanguage":"fr-CA","@id":"https:\/\/news.canadamotorjobs.com\/#\/schema\/person\/image\/","url":"https:\/\/secure.gravatar.com\/avatar\/45f3d2eebcccd909668d7ce7ea7267b6?s=96&d=mm&r=g","contentUrl":"https:\/\/secure.gravatar.com\/avatar\/45f3d2eebcccd909668d7ce7ea7267b6?s=96&d=mm&r=g","caption":"Benoit Charette"},"description":"Benoit Charette \/ Propri\u00e9taire et r\u00e9dacteur en chef Benoit Charette pratique le journalisme automobile depuis bient\u00f4t 30 ans. Il a fait ses classes au c\u00f4t\u00e9 de Daniel H\u00e9raud et au Carnet de route de 1992 \u00e0 2001. Il est fondateur, copropri\u00e9taire et r\u00e9dacteur en chef de L\u2019Annuel de l\u2019automobile, qu\u2019il publie depuis 2001. Il a anim\u00e9 les \u00e9missions RPM et RPM+ sur V et les L\u00e9gendes de la route sur Historia. \u00c0 la radio depuis 1986, il reprend l\u2019antenne cette ann\u00e9e sur les ondes de Cogeco et participe pour la deuxi\u00e8me ann\u00e9e \u00e0 l\u2019\u00e9mission Passion Auto sur RDS en plus de mettre en ligne le site Web officiel de L\u2019Annuel de l\u2019automobile sur annuelauto.ca.","sameAs":["https:\/\/annuelauto.ca\/"],"url":"https:\/\/news.canadamotorjobs.com\/fr\/author\/benoit-charette\/"}]}},"_links":{"self":[{"href":"https:\/\/news.canadamotorjobs.com\/fr\/wp-json\/wp\/v2\/posts\/136004"}],"collection":[{"href":"https:\/\/news.canadamotorjobs.com\/fr\/wp-json\/wp\/v2\/posts"}],"about":[{"href":"https:\/\/news.canadamotorjobs.com\/fr\/wp-json\/wp\/v2\/types\/post"}],"author":[{"embeddable":true,"href":"https:\/\/news.canadamotorjobs.com\/fr\/wp-json\/wp\/v2\/users\/8"}],"replies":[{"embeddable":true,"href":"https:\/\/news.canadamotorjobs.com\/fr\/wp-json\/wp\/v2\/comments?post=136004"}],"version-history":[{"count":0,"href":"https:\/\/news.canadamotorjobs.com\/fr\/wp-json\/wp\/v2\/posts\/136004\/revisions"}],"wp:featuredmedia":[{"embeddable":true,"href":"https:\/\/news.canadamotorjobs.com\/fr\/wp-json\/wp\/v2\/media\/136008"}],"wp:attachment":[{"href":"https:\/\/news.canadamotorjobs.com\/fr\/wp-json\/wp\/v2\/media?parent=136004"}],"wp:term":[{"taxonomy":"category","embeddable":true,"href":"https:\/\/news.canadamotorjobs.com\/fr\/wp-json\/wp\/v2\/categories?post=136004"},{"taxonomy":"post_tag","embeddable":true,"href":"https:\/\/news.canadamotorjobs.com\/fr\/wp-json\/wp\/v2\/tags?post=136004"}],"curies":[{"name":"wp","href":"https:\/\/api.w.org\/{rel}","templated":true}]}}