{"id":135977,"date":"2022-10-27T07:35:48","date_gmt":"2022-10-27T11:35:48","guid":{"rendered":"https:\/\/news.canadamotorjobs.com\/tesla-est-sous-enquete-criminelle-aux-etats-unis\/"},"modified":"2022-10-27T13:54:14","modified_gmt":"2022-10-27T17:54:14","slug":"tesla-est-sous-enquete-criminelle-aux-etats-unis","status":"publish","type":"post","link":"https:\/\/news.canadamotorjobs.com\/fr\/tesla-est-sous-enquete-criminelle-aux-etats-unis\/","title":{"rendered":"Tesla est sous enqu\u00eate criminelle aux \u00c9tats-Unis"},"content":{"rendered":"<p>Tesla Inc. fait l&#8217;objet d&#8217;une enqu\u00eate criminelle aux \u00c9tats-Unis pour avoir pr\u00e9tendu que ses v\u00e9hicules \u00e9lectriques pouvaient se conduire tout seuls, ont d\u00e9clar\u00e9 trois personnes au fait de la question. Le minist\u00e8re am\u00e9ricain de la Justice a lanc\u00e9 l&#8217;ann\u00e9e derni\u00e8re cette enqu\u00eate, qui n&#8217;avait pas encore \u00e9t\u00e9 divulgu\u00e9e, \u00e0 la suite de plus d&#8217;une douzaine d&#8217;accidents, dont certains mortels, impliquant le syst\u00e8me d&#8217;aide \u00e0 la conduite Autopilot de Tesla, qui a \u00e9t\u00e9 activ\u00e9 lors de ces accidents, ont pr\u00e9cis\u00e9 ces personnes.<\/p>\n<h3>Des probl\u00e8mes qui ont commenc\u00e9 en 2016<\/h3>\n<p>D\u00e8s 2016, le PDG Elon Musk a d\u00e9crit le syst\u00e8me Autopilot comme \u00e9tant &#8220;probablement meilleur&#8221; qu&#8217;un conducteur humain. La semaine derni\u00e8re, Musk a d\u00e9clar\u00e9 lors d&#8217;un autre appel que Tesla sortirait bient\u00f4t une version am\u00e9lior\u00e9e du logiciel &#8220;Full Self-Driving&#8221; permettant aux clients de se rendre &#8220;\u00e0 votre travail, chez vos amis, \u00e0 l&#8217;\u00e9picerie sans que vous touchiez le volant&#8221;. Une vid\u00e9o sur le site Web de l&#8217;entreprise indique : &#8220;La personne sur le si\u00e8ge du conducteur n&#8217;est l\u00e0 que pour des raisons juridiques. Elle ne fait rien du tout. La voiture se conduit toute seule.&#8221; De l\u2019autre c\u00f4t\u00e9, Tesla a \u00e9galement explicitement averti les conducteurs qu&#8217;ils doivent garder les mains sur le volant et garder le contr\u00f4le de leur v\u00e9hicule lorsqu&#8217;ils utilisent l&#8217;Autopilot.<\/p>\n<h3>Des messages contradictoires<\/h3>\n<p>La technologie Tesla est con\u00e7ue pour aider \u00e0 la direction, au freinage, \u00e0 la vitesse et aux changements de voie, mais ses fonctions &#8220;ne rendent pas le v\u00e9hicule autonome&#8221;, pr\u00e9cise l&#8217;entreprise sur son site web. De<\/p>\n","protected":false},"excerpt":{"rendered":"<p>Tesla Inc. fait l&#8217;objet d&#8217;une enqu\u00eate criminelle aux \u00c9tats-Unis pour avoir pr\u00e9tendu que ses v\u00e9hicules \u00e9lectriques pouvaient se conduire tout seuls, ont d\u00e9clar\u00e9 trois personnes au fait de la question. Le minist\u00e8re am\u00e9ricain de la Justice a lanc\u00e9 l&#8217;ann\u00e9e derni\u00e8re cette enqu\u00eate, qui n&#8217;avait pas encore \u00e9t\u00e9 divulgu\u00e9e, \u00e0 la suite de plus d&#8217;une douzaine [&hellip;]<\/p>\n","protected":false},"author":8,"featured_media":135981,"comment_status":"close","ping_status":"closed","sticky":false,"template":"","format":"standard","meta":{"_monsterinsights_skip_tracking":false,"_monsterinsights_sitenote_active":false,"_monsterinsights_sitenote_note":"","_monsterinsights_sitenote_category":0,"footnotes":""},"categories":[101],"tags":[],"yoast_head":"<!-- This site is optimized with the Yoast SEO plugin v23.2 - https:\/\/yoast.com\/wordpress\/plugins\/seo\/ -->\n<title>Tesla est sous enqu\u00eate criminelle aux \u00c9tats-Unis - CanadaMotorJobs.com<\/title>\n<meta name=\"description\" content=\"Tesla est sous enqu\u00eate criminelle aux \u00c9tats-Unis - Benoit Charette - Annuel automobile - CanadaMotorJobs.com.\" \/>\n<meta name=\"robots\" content=\"index, follow, max-snippet:-1, max-image-preview:large, max-video-preview:-1\" \/>\n<meta property=\"og:locale\" content=\"fr_CA\" \/>\n<meta property=\"og:type\" content=\"article\" \/>\n<meta property=\"og:title\" content=\"Tesla est sous enqu\u00eate criminelle aux \u00c9tats-Unis - CanadaMotorJobs.com\" \/>\n<meta property=\"og:description\" content=\"Tesla est sous enqu\u00eate criminelle aux \u00c9tats-Unis - Benoit Charette - Annuel automobile - CanadaMotorJobs.com.\" \/>\n<meta property=\"og:url\" content=\"https:\/\/news.canadamotorjobs.com\/fr\/tesla-est-sous-enquete-criminelle-aux-etats-unis\/\" \/>\n<meta property=\"og:site_name\" content=\"CanadaMotorJobs.com\" \/>\n<meta property=\"article:publisher\" content=\"https:\/\/www.facebook.com\/canadamotorjobs\/\" \/>\n<meta property=\"article:published_time\" content=\"2022-10-27T11:35:48+00:00\" \/>\n<meta property=\"article:modified_time\" content=\"2022-10-27T17:54:14+00:00\" \/>\n<meta property=\"og:image\" content=\"https:\/\/news.canadamotorjobs.com\/wp-content\/uploads\/2022\/10\/Tesla-Logo-1.png\" \/>\n\t<meta property=\"og:image:width\" content=\"3840\" \/>\n\t<meta property=\"og:image:height\" content=\"2160\" \/>\n\t<meta property=\"og:image:type\" content=\"image\/png\" \/>\n<meta name=\"author\" content=\"Benoit Charette\" \/>\n<meta name=\"twitter:card\" content=\"summary_large_image\" \/>\n<meta name=\"twitter:creator\" content=\"@canadamotorjobs\" \/>\n<meta name=\"twitter:site\" content=\"@canadamotorjobs\" \/>\n<meta name=\"twitter:label1\" content=\"\u00c9crit par\" \/>\n\t<meta name=\"twitter:data1\" content=\"Benoit Charette\" \/>\n\t<meta name=\"twitter:label2\" content=\"Estimation du temps de lecture\" \/>\n\t<meta name=\"twitter:data2\" content=\"2 minutes\" \/>\n<!-- \/ Yoast SEO plugin. -->","yoast_head_json":{"title":"Tesla est sous enqu\u00eate criminelle aux \u00c9tats-Unis - CanadaMotorJobs.com","description":"Tesla est sous enqu\u00eate criminelle aux \u00c9tats-Unis - Benoit Charette - Annuel automobile - CanadaMotorJobs.com.","robots":{"index":"index","follow":"follow","max-snippet":"max-snippet:-1","max-image-preview":"max-image-preview:large","max-video-preview":"max-video-preview:-1"},"og_locale":"fr_CA","og_type":"article","og_title":"Tesla est sous enqu\u00eate criminelle aux \u00c9tats-Unis - CanadaMotorJobs.com","og_description":"Tesla est sous enqu\u00eate criminelle aux \u00c9tats-Unis - Benoit Charette - Annuel automobile - CanadaMotorJobs.com.","og_url":"https:\/\/news.canadamotorjobs.com\/fr\/tesla-est-sous-enquete-criminelle-aux-etats-unis\/","og_site_name":"CanadaMotorJobs.com","article_publisher":"https:\/\/www.facebook.com\/canadamotorjobs\/","article_published_time":"2022-10-27T11:35:48+00:00","article_modified_time":"2022-10-27T17:54:14+00:00","og_image":[{"width":3840,"height":2160,"url":"https:\/\/news.canadamotorjobs.com\/wp-content\/uploads\/2022\/10\/Tesla-Logo-1.png","type":"image\/png"}],"author":"Benoit Charette","twitter_card":"summary_large_image","twitter_creator":"@canadamotorjobs","twitter_site":"@canadamotorjobs","twitter_misc":{"\u00c9crit par":"Benoit Charette","Estimation du temps de lecture":"2 minutes"},"schema":{"@context":"https:\/\/schema.org","@graph":[{"@type":"Article","@id":"https:\/\/news.canadamotorjobs.com\/fr\/tesla-est-sous-enquete-criminelle-aux-etats-unis\/#article","isPartOf":{"@id":"https:\/\/news.canadamotorjobs.com\/fr\/tesla-est-sous-enquete-criminelle-aux-etats-unis\/"},"author":{"name":"Benoit Charette","@id":"https:\/\/news.canadamotorjobs.com\/#\/schema\/person\/51793d1f87d44011d7bcc2ed99269a90"},"headline":"Tesla est sous enqu\u00eate criminelle aux \u00c9tats-Unis","datePublished":"2022-10-27T11:35:48+00:00","dateModified":"2022-10-27T17:54:14+00:00","mainEntityOfPage":{"@id":"https:\/\/news.canadamotorjobs.com\/fr\/tesla-est-sous-enquete-criminelle-aux-etats-unis\/"},"wordCount":295,"publisher":{"@id":"https:\/\/news.canadamotorjobs.com\/#organization"},"image":{"@id":"https:\/\/news.canadamotorjobs.com\/fr\/tesla-est-sous-enquete-criminelle-aux-etats-unis\/#primaryimage"},"thumbnailUrl":"https:\/\/news.canadamotorjobs.com\/wp-content\/uploads\/2022\/10\/Tesla-Logo-1.png","articleSection":["Annuel automobile"],"inLanguage":"fr-CA"},{"@type":"WebPage","@id":"https:\/\/news.canadamotorjobs.com\/fr\/tesla-est-sous-enquete-criminelle-aux-etats-unis\/","url":"https:\/\/news.canadamotorjobs.com\/fr\/tesla-est-sous-enquete-criminelle-aux-etats-unis\/","name":"Tesla est sous enqu\u00eate criminelle aux \u00c9tats-Unis - CanadaMotorJobs.com","isPartOf":{"@id":"https:\/\/news.canadamotorjobs.com\/#website"},"primaryImageOfPage":{"@id":"https:\/\/news.canadamotorjobs.com\/fr\/tesla-est-sous-enquete-criminelle-aux-etats-unis\/#primaryimage"},"image":{"@id":"https:\/\/news.canadamotorjobs.com\/fr\/tesla-est-sous-enquete-criminelle-aux-etats-unis\/#primaryimage"},"thumbnailUrl":"https:\/\/news.canadamotorjobs.com\/wp-content\/uploads\/2022\/10\/Tesla-Logo-1.png","datePublished":"2022-10-27T11:35:48+00:00","dateModified":"2022-10-27T17:54:14+00:00","description":"Tesla est sous enqu\u00eate criminelle aux \u00c9tats-Unis - Benoit Charette - Annuel automobile - CanadaMotorJobs.com.","breadcrumb":{"@id":"https:\/\/news.canadamotorjobs.com\/fr\/tesla-est-sous-enquete-criminelle-aux-etats-unis\/#breadcrumb"},"inLanguage":"fr-CA","potentialAction":[{"@type":"ReadAction","target":["https:\/\/news.canadamotorjobs.com\/fr\/tesla-est-sous-enquete-criminelle-aux-etats-unis\/"]}]},{"@type":"ImageObject","inLanguage":"fr-CA","@id":"https:\/\/news.canadamotorjobs.com\/fr\/tesla-est-sous-enquete-criminelle-aux-etats-unis\/#primaryimage","url":"https:\/\/news.canadamotorjobs.com\/wp-content\/uploads\/2022\/10\/Tesla-Logo-1.png","contentUrl":"https:\/\/news.canadamotorjobs.com\/wp-content\/uploads\/2022\/10\/Tesla-Logo-1.png","width":3840,"height":2160},{"@type":"BreadcrumbList","@id":"https:\/\/news.canadamotorjobs.com\/fr\/tesla-est-sous-enquete-criminelle-aux-etats-unis\/#breadcrumb","itemListElement":[{"@type":"ListItem","position":1,"name":"Home","item":"https:\/\/news.canadamotorjobs.com\/fr\/blog\/"},{"@type":"ListItem","position":2,"name":"Tesla est sous enqu\u00eate criminelle aux \u00c9tats-Unis"}]},{"@type":"WebSite","@id":"https:\/\/news.canadamotorjobs.com\/#website","url":"https:\/\/news.canadamotorjobs.com\/","name":"CanadaMotorJobs.com","description":"Automotive Jobs","publisher":{"@id":"https:\/\/news.canadamotorjobs.com\/#organization"},"potentialAction":[{"@type":"SearchAction","target":{"@type":"EntryPoint","urlTemplate":"https:\/\/news.canadamotorjobs.com\/?s={search_term_string}"},"query-input":"required name=search_term_string"}],"inLanguage":"fr-CA"},{"@type":"Organization","@id":"https:\/\/news.canadamotorjobs.com\/#organization","name":"Canada Motor Jobs","url":"https:\/\/news.canadamotorjobs.com\/","logo":{"@type":"ImageObject","inLanguage":"fr-CA","@id":"https:\/\/news.canadamotorjobs.com\/#\/schema\/logo\/image\/","url":"https:\/\/news.canadamotorjobs.com\/wp-content\/uploads\/2022\/10\/logo-canada-motor-jobs-1.png","contentUrl":"https:\/\/news.canadamotorjobs.com\/wp-content\/uploads\/2022\/10\/logo-canada-motor-jobs-1.png","width":800,"height":400,"caption":"Canada Motor Jobs"},"image":{"@id":"https:\/\/news.canadamotorjobs.com\/#\/schema\/logo\/image\/"},"sameAs":["https:\/\/www.facebook.com\/canadamotorjobs\/","https:\/\/x.com\/canadamotorjobs","https:\/\/www.instagram.com\/canadamotorjobs\/","https:\/\/www.linkedin.com\/company\/canadamotorjobs"]},{"@type":"Person","@id":"https:\/\/news.canadamotorjobs.com\/#\/schema\/person\/51793d1f87d44011d7bcc2ed99269a90","name":"Benoit Charette","image":{"@type":"ImageObject","inLanguage":"fr-CA","@id":"https:\/\/news.canadamotorjobs.com\/#\/schema\/person\/image\/","url":"https:\/\/secure.gravatar.com\/avatar\/45f3d2eebcccd909668d7ce7ea7267b6?s=96&d=mm&r=g","contentUrl":"https:\/\/secure.gravatar.com\/avatar\/45f3d2eebcccd909668d7ce7ea7267b6?s=96&d=mm&r=g","caption":"Benoit Charette"},"description":"Benoit Charette \/ Propri\u00e9taire et r\u00e9dacteur en chef Benoit Charette pratique le journalisme automobile depuis bient\u00f4t 30 ans. Il a fait ses classes au c\u00f4t\u00e9 de Daniel H\u00e9raud et au Carnet de route de 1992 \u00e0 2001. Il est fondateur, copropri\u00e9taire et r\u00e9dacteur en chef de L\u2019Annuel de l\u2019automobile, qu\u2019il publie depuis 2001. Il a anim\u00e9 les \u00e9missions RPM et RPM+ sur V et les L\u00e9gendes de la route sur Historia. \u00c0 la radio depuis 1986, il reprend l\u2019antenne cette ann\u00e9e sur les ondes de Cogeco et participe pour la deuxi\u00e8me ann\u00e9e \u00e0 l\u2019\u00e9mission Passion Auto sur RDS en plus de mettre en ligne le site Web officiel de L\u2019Annuel de l\u2019automobile sur annuelauto.ca.","sameAs":["https:\/\/annuelauto.ca\/"],"url":"https:\/\/news.canadamotorjobs.com\/fr\/author\/benoit-charette\/"}]}},"_links":{"self":[{"href":"https:\/\/news.canadamotorjobs.com\/fr\/wp-json\/wp\/v2\/posts\/135977"}],"collection":[{"href":"https:\/\/news.canadamotorjobs.com\/fr\/wp-json\/wp\/v2\/posts"}],"about":[{"href":"https:\/\/news.canadamotorjobs.com\/fr\/wp-json\/wp\/v2\/types\/post"}],"author":[{"embeddable":true,"href":"https:\/\/news.canadamotorjobs.com\/fr\/wp-json\/wp\/v2\/users\/8"}],"replies":[{"embeddable":true,"href":"https:\/\/news.canadamotorjobs.com\/fr\/wp-json\/wp\/v2\/comments?post=135977"}],"version-history":[{"count":0,"href":"https:\/\/news.canadamotorjobs.com\/fr\/wp-json\/wp\/v2\/posts\/135977\/revisions"}],"wp:featuredmedia":[{"embeddable":true,"href":"https:\/\/news.canadamotorjobs.com\/fr\/wp-json\/wp\/v2\/media\/135981"}],"wp:attachment":[{"href":"https:\/\/news.canadamotorjobs.com\/fr\/wp-json\/wp\/v2\/media?parent=135977"}],"wp:term":[{"taxonomy":"category","embeddable":true,"href":"https:\/\/news.canadamotorjobs.com\/fr\/wp-json\/wp\/v2\/categories?post=135977"},{"taxonomy":"post_tag","embeddable":true,"href":"https:\/\/news.canadamotorjobs.com\/fr\/wp-json\/wp\/v2\/tags?post=135977"}],"curies":[{"name":"wp","href":"https:\/\/api.w.org\/{rel}","templated":true}]}}