{"id":135969,"date":"2022-10-27T07:07:08","date_gmt":"2022-10-27T11:07:08","guid":{"rendered":"https:\/\/news.canadamotorjobs.com\/une-nouvelle-toyota-gr86-avec-moteur-turbo-et-hybride\/"},"modified":"2022-10-27T20:52:37","modified_gmt":"2022-10-28T00:52:37","slug":"une-nouvelle-toyota-gr86-avec-moteur-turbo-et-hybride","status":"publish","type":"post","link":"https:\/\/news.canadamotorjobs.com\/fr\/une-nouvelle-toyota-gr86-avec-moteur-turbo-et-hybride\/","title":{"rendered":"Une nouvelle Toyota GR86 avec moteur turbo et hybride"},"content":{"rendered":"<p>Voici une nouvelle qui nous vient d\u2019Australie et qui n\u2019a pas \u00e9t\u00e9 confirm\u00e9e par Toyota. Selon le site Best car web, Toyota a d\u00e9j\u00e0 un successeur pour la petite sportive qui va arriver en 2025. Le ch\u00e2ssis de la Lexus IS pourrait servir de base \u00e0 cette sportive dans une version deux portes.<\/p>\n<h3>Le moteur de la GR Yaris<\/h3>\n<p>Sous le capot, un 3 cylindres expressif provenant de la GR Yaris et de la GR Corolla. Selon la configuration, ce moteur pourrait produire de 257 \u00e0 268 chevaux, ce qui est mieux que les 228 chevaux du mod\u00e8le actuel. Avec une plateforme raccourcie de la Lexus IS, le niveau de raffinement monterait aussi d\u2019un cran. Outre un turbocompresseur, la GR86 devrait \u00e9galement adopter une configuration hybride, emprunt\u00e9e aux mod\u00e8les Crown r\u00e9cemment lanc\u00e9s. Il produirait 296 chevaux et pourrait m\u00eame atteindre la barre des 325 chevaux. La transmission actuelle, d\u00e9velopp\u00e9e par Aisin, ne sera pas en mesure de faire face \u00e0 la puissance et au couple suppl\u00e9mentaires, et une nouvelle transmission sera probablement introduite. Esp\u00e9rons que la nouvelle GR86 restera disponible avec une bo\u00eete de vitesses manuelle.<\/p>\n<h3>Toujours au stade de rumeur<\/h3>\n<p>Bien qu&#8217;il ne s&#8217;agisse que de sp\u00e9culations, Best Car Web a eu raison \u00e0 de nombreuses reprises et a m\u00eame pr\u00e9sent\u00e9 en avant-premi\u00e8re la Crown susmentionn\u00e9e des mois avant sa sortie. Il est int\u00e9ressant de noter que ce n&#8217;est pas la premi\u00e8re fois que nous entendons parler de mod\u00e8les GT86 turbocompress\u00e9s. Toyota a d\u00e9j\u00e0 \u00e9quip\u00e9 plusieurs exemplaires du moteur<\/p>\n","protected":false},"excerpt":{"rendered":"<p>Voici une nouvelle qui nous vient d\u2019Australie et qui n\u2019a pas \u00e9t\u00e9 confirm\u00e9e par Toyota. Selon le site Best car web, Toyota a d\u00e9j\u00e0 un successeur pour la petite sportive qui va arriver en 2025. Le ch\u00e2ssis de la Lexus IS pourrait servir de base \u00e0 cette sportive dans une version deux portes. Le moteur [&hellip;]<\/p>\n","protected":false},"author":8,"featured_media":135973,"comment_status":"close","ping_status":"closed","sticky":false,"template":"","format":"standard","meta":{"_monsterinsights_skip_tracking":false,"_monsterinsights_sitenote_active":false,"_monsterinsights_sitenote_note":"","_monsterinsights_sitenote_category":0,"footnotes":""},"categories":[101],"tags":[],"yoast_head":"<!-- This site is optimized with the Yoast SEO plugin v23.2 - https:\/\/yoast.com\/wordpress\/plugins\/seo\/ -->\n<title>Une nouvelle Toyota GR86 avec moteur turbo et hybride - CanadaMotorJobs.com<\/title>\n<meta name=\"description\" content=\"Une nouvelle Toyota GR86 avec moteur turbo et hybride - Benoit Charette - Annuel automobile - CanadaMotorJobs.com.\" \/>\n<meta name=\"robots\" content=\"index, follow, max-snippet:-1, max-image-preview:large, max-video-preview:-1\" \/>\n<meta property=\"og:locale\" content=\"fr_CA\" \/>\n<meta property=\"og:type\" content=\"article\" \/>\n<meta property=\"og:title\" content=\"Une nouvelle Toyota GR86 avec moteur turbo et hybride - CanadaMotorJobs.com\" \/>\n<meta property=\"og:description\" content=\"Une nouvelle Toyota GR86 avec moteur turbo et hybride - Benoit Charette - Annuel automobile - CanadaMotorJobs.com.\" \/>\n<meta property=\"og:url\" content=\"https:\/\/news.canadamotorjobs.com\/fr\/une-nouvelle-toyota-gr86-avec-moteur-turbo-et-hybride\/\" \/>\n<meta property=\"og:site_name\" content=\"CanadaMotorJobs.com\" \/>\n<meta property=\"article:publisher\" content=\"https:\/\/www.facebook.com\/canadamotorjobs\/\" \/>\n<meta property=\"article:published_time\" content=\"2022-10-27T11:07:08+00:00\" \/>\n<meta property=\"article:modified_time\" content=\"2022-10-28T00:52:37+00:00\" \/>\n<meta property=\"og:image\" content=\"https:\/\/news.canadamotorjobs.com\/wp-content\/uploads\/2022\/10\/1053384-1.jpg\" \/>\n\t<meta property=\"og:image:width\" content=\"840\" \/>\n\t<meta property=\"og:image:height\" content=\"560\" \/>\n\t<meta property=\"og:image:type\" content=\"image\/jpeg\" \/>\n<meta name=\"author\" content=\"Benoit Charette\" \/>\n<meta name=\"twitter:card\" content=\"summary_large_image\" \/>\n<meta name=\"twitter:creator\" content=\"@canadamotorjobs\" \/>\n<meta name=\"twitter:site\" content=\"@canadamotorjobs\" \/>\n<meta name=\"twitter:label1\" content=\"\u00c9crit par\" \/>\n\t<meta name=\"twitter:data1\" content=\"Benoit Charette\" \/>\n\t<meta name=\"twitter:label2\" content=\"Estimation du temps de lecture\" \/>\n\t<meta name=\"twitter:data2\" content=\"2 minutes\" \/>\n<!-- \/ Yoast SEO plugin. -->","yoast_head_json":{"title":"Une nouvelle Toyota GR86 avec moteur turbo et hybride - CanadaMotorJobs.com","description":"Une nouvelle Toyota GR86 avec moteur turbo et hybride - Benoit Charette - Annuel automobile - CanadaMotorJobs.com.","robots":{"index":"index","follow":"follow","max-snippet":"max-snippet:-1","max-image-preview":"max-image-preview:large","max-video-preview":"max-video-preview:-1"},"og_locale":"fr_CA","og_type":"article","og_title":"Une nouvelle Toyota GR86 avec moteur turbo et hybride - CanadaMotorJobs.com","og_description":"Une nouvelle Toyota GR86 avec moteur turbo et hybride - Benoit Charette - Annuel automobile - CanadaMotorJobs.com.","og_url":"https:\/\/news.canadamotorjobs.com\/fr\/une-nouvelle-toyota-gr86-avec-moteur-turbo-et-hybride\/","og_site_name":"CanadaMotorJobs.com","article_publisher":"https:\/\/www.facebook.com\/canadamotorjobs\/","article_published_time":"2022-10-27T11:07:08+00:00","article_modified_time":"2022-10-28T00:52:37+00:00","og_image":[{"width":840,"height":560,"url":"https:\/\/news.canadamotorjobs.com\/wp-content\/uploads\/2022\/10\/1053384-1.jpg","type":"image\/jpeg"}],"author":"Benoit Charette","twitter_card":"summary_large_image","twitter_creator":"@canadamotorjobs","twitter_site":"@canadamotorjobs","twitter_misc":{"\u00c9crit par":"Benoit Charette","Estimation du temps de lecture":"2 minutes"},"schema":{"@context":"https:\/\/schema.org","@graph":[{"@type":"Article","@id":"https:\/\/news.canadamotorjobs.com\/fr\/une-nouvelle-toyota-gr86-avec-moteur-turbo-et-hybride\/#article","isPartOf":{"@id":"https:\/\/news.canadamotorjobs.com\/fr\/une-nouvelle-toyota-gr86-avec-moteur-turbo-et-hybride\/"},"author":{"name":"Benoit Charette","@id":"https:\/\/news.canadamotorjobs.com\/#\/schema\/person\/51793d1f87d44011d7bcc2ed99269a90"},"headline":"Une nouvelle Toyota GR86 avec moteur turbo et hybride","datePublished":"2022-10-27T11:07:08+00:00","dateModified":"2022-10-28T00:52:37+00:00","mainEntityOfPage":{"@id":"https:\/\/news.canadamotorjobs.com\/fr\/une-nouvelle-toyota-gr86-avec-moteur-turbo-et-hybride\/"},"wordCount":278,"publisher":{"@id":"https:\/\/news.canadamotorjobs.com\/#organization"},"image":{"@id":"https:\/\/news.canadamotorjobs.com\/fr\/une-nouvelle-toyota-gr86-avec-moteur-turbo-et-hybride\/#primaryimage"},"thumbnailUrl":"https:\/\/news.canadamotorjobs.com\/wp-content\/uploads\/2022\/10\/1053384-1.jpg","articleSection":["Annuel automobile"],"inLanguage":"fr-CA"},{"@type":"WebPage","@id":"https:\/\/news.canadamotorjobs.com\/fr\/une-nouvelle-toyota-gr86-avec-moteur-turbo-et-hybride\/","url":"https:\/\/news.canadamotorjobs.com\/fr\/une-nouvelle-toyota-gr86-avec-moteur-turbo-et-hybride\/","name":"Une nouvelle Toyota GR86 avec moteur turbo et hybride - CanadaMotorJobs.com","isPartOf":{"@id":"https:\/\/news.canadamotorjobs.com\/#website"},"primaryImageOfPage":{"@id":"https:\/\/news.canadamotorjobs.com\/fr\/une-nouvelle-toyota-gr86-avec-moteur-turbo-et-hybride\/#primaryimage"},"image":{"@id":"https:\/\/news.canadamotorjobs.com\/fr\/une-nouvelle-toyota-gr86-avec-moteur-turbo-et-hybride\/#primaryimage"},"thumbnailUrl":"https:\/\/news.canadamotorjobs.com\/wp-content\/uploads\/2022\/10\/1053384-1.jpg","datePublished":"2022-10-27T11:07:08+00:00","dateModified":"2022-10-28T00:52:37+00:00","description":"Une nouvelle Toyota GR86 avec moteur turbo et hybride - Benoit Charette - Annuel automobile - CanadaMotorJobs.com.","breadcrumb":{"@id":"https:\/\/news.canadamotorjobs.com\/fr\/une-nouvelle-toyota-gr86-avec-moteur-turbo-et-hybride\/#breadcrumb"},"inLanguage":"fr-CA","potentialAction":[{"@type":"ReadAction","target":["https:\/\/news.canadamotorjobs.com\/fr\/une-nouvelle-toyota-gr86-avec-moteur-turbo-et-hybride\/"]}]},{"@type":"ImageObject","inLanguage":"fr-CA","@id":"https:\/\/news.canadamotorjobs.com\/fr\/une-nouvelle-toyota-gr86-avec-moteur-turbo-et-hybride\/#primaryimage","url":"https:\/\/news.canadamotorjobs.com\/wp-content\/uploads\/2022\/10\/1053384-1.jpg","contentUrl":"https:\/\/news.canadamotorjobs.com\/wp-content\/uploads\/2022\/10\/1053384-1.jpg","width":840,"height":560},{"@type":"BreadcrumbList","@id":"https:\/\/news.canadamotorjobs.com\/fr\/une-nouvelle-toyota-gr86-avec-moteur-turbo-et-hybride\/#breadcrumb","itemListElement":[{"@type":"ListItem","position":1,"name":"Home","item":"https:\/\/news.canadamotorjobs.com\/fr\/blog\/"},{"@type":"ListItem","position":2,"name":"Une nouvelle Toyota GR86 avec moteur turbo et hybride"}]},{"@type":"WebSite","@id":"https:\/\/news.canadamotorjobs.com\/#website","url":"https:\/\/news.canadamotorjobs.com\/","name":"CanadaMotorJobs.com","description":"Automotive Jobs","publisher":{"@id":"https:\/\/news.canadamotorjobs.com\/#organization"},"potentialAction":[{"@type":"SearchAction","target":{"@type":"EntryPoint","urlTemplate":"https:\/\/news.canadamotorjobs.com\/?s={search_term_string}"},"query-input":"required name=search_term_string"}],"inLanguage":"fr-CA"},{"@type":"Organization","@id":"https:\/\/news.canadamotorjobs.com\/#organization","name":"Canada Motor Jobs","url":"https:\/\/news.canadamotorjobs.com\/","logo":{"@type":"ImageObject","inLanguage":"fr-CA","@id":"https:\/\/news.canadamotorjobs.com\/#\/schema\/logo\/image\/","url":"https:\/\/news.canadamotorjobs.com\/wp-content\/uploads\/2022\/10\/logo-canada-motor-jobs-1.png","contentUrl":"https:\/\/news.canadamotorjobs.com\/wp-content\/uploads\/2022\/10\/logo-canada-motor-jobs-1.png","width":800,"height":400,"caption":"Canada Motor Jobs"},"image":{"@id":"https:\/\/news.canadamotorjobs.com\/#\/schema\/logo\/image\/"},"sameAs":["https:\/\/www.facebook.com\/canadamotorjobs\/","https:\/\/x.com\/canadamotorjobs","https:\/\/www.instagram.com\/canadamotorjobs\/","https:\/\/www.linkedin.com\/company\/canadamotorjobs"]},{"@type":"Person","@id":"https:\/\/news.canadamotorjobs.com\/#\/schema\/person\/51793d1f87d44011d7bcc2ed99269a90","name":"Benoit Charette","image":{"@type":"ImageObject","inLanguage":"fr-CA","@id":"https:\/\/news.canadamotorjobs.com\/#\/schema\/person\/image\/","url":"https:\/\/secure.gravatar.com\/avatar\/45f3d2eebcccd909668d7ce7ea7267b6?s=96&d=mm&r=g","contentUrl":"https:\/\/secure.gravatar.com\/avatar\/45f3d2eebcccd909668d7ce7ea7267b6?s=96&d=mm&r=g","caption":"Benoit Charette"},"description":"Benoit Charette \/ Propri\u00e9taire et r\u00e9dacteur en chef Benoit Charette pratique le journalisme automobile depuis bient\u00f4t 30 ans. Il a fait ses classes au c\u00f4t\u00e9 de Daniel H\u00e9raud et au Carnet de route de 1992 \u00e0 2001. Il est fondateur, copropri\u00e9taire et r\u00e9dacteur en chef de L\u2019Annuel de l\u2019automobile, qu\u2019il publie depuis 2001. Il a anim\u00e9 les \u00e9missions RPM et RPM+ sur V et les L\u00e9gendes de la route sur Historia. \u00c0 la radio depuis 1986, il reprend l\u2019antenne cette ann\u00e9e sur les ondes de Cogeco et participe pour la deuxi\u00e8me ann\u00e9e \u00e0 l\u2019\u00e9mission Passion Auto sur RDS en plus de mettre en ligne le site Web officiel de L\u2019Annuel de l\u2019automobile sur annuelauto.ca.","sameAs":["https:\/\/annuelauto.ca\/"],"url":"https:\/\/news.canadamotorjobs.com\/fr\/author\/benoit-charette\/"}]}},"_links":{"self":[{"href":"https:\/\/news.canadamotorjobs.com\/fr\/wp-json\/wp\/v2\/posts\/135969"}],"collection":[{"href":"https:\/\/news.canadamotorjobs.com\/fr\/wp-json\/wp\/v2\/posts"}],"about":[{"href":"https:\/\/news.canadamotorjobs.com\/fr\/wp-json\/wp\/v2\/types\/post"}],"author":[{"embeddable":true,"href":"https:\/\/news.canadamotorjobs.com\/fr\/wp-json\/wp\/v2\/users\/8"}],"replies":[{"embeddable":true,"href":"https:\/\/news.canadamotorjobs.com\/fr\/wp-json\/wp\/v2\/comments?post=135969"}],"version-history":[{"count":0,"href":"https:\/\/news.canadamotorjobs.com\/fr\/wp-json\/wp\/v2\/posts\/135969\/revisions"}],"wp:featuredmedia":[{"embeddable":true,"href":"https:\/\/news.canadamotorjobs.com\/fr\/wp-json\/wp\/v2\/media\/135973"}],"wp:attachment":[{"href":"https:\/\/news.canadamotorjobs.com\/fr\/wp-json\/wp\/v2\/media?parent=135969"}],"wp:term":[{"taxonomy":"category","embeddable":true,"href":"https:\/\/news.canadamotorjobs.com\/fr\/wp-json\/wp\/v2\/categories?post=135969"},{"taxonomy":"post_tag","embeddable":true,"href":"https:\/\/news.canadamotorjobs.com\/fr\/wp-json\/wp\/v2\/tags?post=135969"}],"curies":[{"name":"wp","href":"https:\/\/api.w.org\/{rel}","templated":true}]}}