{"id":135942,"date":"2022-10-26T07:53:20","date_gmt":"2022-10-26T11:53:20","guid":{"rendered":"https:\/\/news.canadamotorjobs.com\/des-stations-de-recharge-pour-camions-lourds-voient-le-jour-au-quebec\/"},"modified":"2022-10-26T09:14:16","modified_gmt":"2022-10-26T13:14:16","slug":"des-stations-de-recharge-pour-camions-lourds-voient-le-jour-au-quebec","status":"publish","type":"post","link":"https:\/\/news.canadamotorjobs.com\/fr\/des-stations-de-recharge-pour-camions-lourds-voient-le-jour-au-quebec\/","title":{"rendered":"Des stations de recharge pour camions lourds voient le jour au Qu\u00e9bec"},"content":{"rendered":"<p>Hydro-Qu\u00e9bec a inaugur\u00e9 mardi sa premi\u00e8re station de recharge con\u00e7ue expr\u00e8s pour les camions lourds. Son objectif est d\u2019en avoir entre 15 et 20 un peu partout dans la province d\u2019ici 2024.<\/p>\n<h3>Les camions sont les plus grands pollueurs<\/h3>\n<p>Le calcul est le suivant : 44% des \u00e9missions de GES au Qu\u00e9bec viennent du transport. Les deux tiers de ces \u00e9missions sont caus\u00e9es par les v\u00e9hicules commerciaux et les v\u00e9hicules lourds. Du lot, les camions de livraison qui passent leurs journ\u00e9es \u00e0 se d\u00e9placer en ville comptent pour 60% des \u00e9missions polluantes. Autrement dit\u00a0: les camions lourds en milieu urbain sont la principale source d\u2019\u00e9missions du secteur du transport, malgr\u00e9 le fait qu\u2019ils ne s\u2019\u00e9loignent en moyenne pas de leur point de d\u00e9part par plus de 160 kilom\u00e8tres. Et si vous \u00eates assez forts en maths, vous aurez calcul\u00e9 que ces v\u00e9hicules repr\u00e9sentent de 15 \u00e0 20 % des \u00e9missions totales de GES au Qu\u00e9bec.<\/p>\n<h3>Pas d&#8217;infrastructure<\/h3>\n<p>\u00c7a tombe assez bien, \u00e9tant donn\u00e9 que ce sont aussi les premiers camions que les constructeurs pr\u00e9voient \u00e9lectrifier. Avec une autonomie de 250 \u00e0 300 kilom\u00e8tres par charge, ces camions l\u00e0 peuvent faire le boulot durant le jour et se charger la nuit. Le seul hic \u00e9tant que l\u2019infrastructure de recharge est pour le moment tr\u00e8s peu d\u00e9velopp\u00e9e, pour ne pas dire inexistante. Et c\u2019est pour \u00e7a qu\u2019Hydro-Qu\u00e9bec se lance dans ce projet inaugur\u00e9 mardi \u00e0 Laval et qui est en fait un projet pilote. La station a \u00e9t\u00e9 con\u00e7ue expr\u00e8s pour laisser<\/p>\n","protected":false},"excerpt":{"rendered":"<p>Hydro-Qu\u00e9bec a inaugur\u00e9 mardi sa premi\u00e8re station de recharge con\u00e7ue expr\u00e8s pour les camions lourds. Son objectif est d\u2019en avoir entre 15 et 20 un peu partout dans la province d\u2019ici 2024. Les camions sont les plus grands pollueurs Le calcul est le suivant : 44% des \u00e9missions de GES au Qu\u00e9bec viennent du transport. [&hellip;]<\/p>\n","protected":false},"author":8,"featured_media":135946,"comment_status":"close","ping_status":"closed","sticky":false,"template":"","format":"standard","meta":{"_monsterinsights_skip_tracking":false,"_monsterinsights_sitenote_active":false,"_monsterinsights_sitenote_note":"","_monsterinsights_sitenote_category":0,"footnotes":""},"categories":[101],"tags":[],"yoast_head":"<!-- This site is optimized with the Yoast SEO plugin v23.2 - https:\/\/yoast.com\/wordpress\/plugins\/seo\/ -->\n<title>Des stations de recharge pour camions lourds voient le jour au Qu\u00e9bec - CanadaMotorJobs.com<\/title>\n<meta name=\"description\" content=\"Des stations de recharge pour camions lourds voient le jour au Qu\u00e9bec - Benoit Charette - Annuel automobile - CanadaMotorJobs.com.\" \/>\n<meta name=\"robots\" content=\"index, follow, max-snippet:-1, max-image-preview:large, max-video-preview:-1\" \/>\n<meta property=\"og:locale\" content=\"fr_CA\" \/>\n<meta property=\"og:type\" content=\"article\" \/>\n<meta property=\"og:title\" content=\"Des stations de recharge pour camions lourds voient le jour au Qu\u00e9bec - CanadaMotorJobs.com\" \/>\n<meta property=\"og:description\" content=\"Des stations de recharge pour camions lourds voient le jour au Qu\u00e9bec - Benoit Charette - Annuel automobile - CanadaMotorJobs.com.\" \/>\n<meta property=\"og:url\" content=\"https:\/\/news.canadamotorjobs.com\/fr\/des-stations-de-recharge-pour-camions-lourds-voient-le-jour-au-quebec\/\" \/>\n<meta property=\"og:site_name\" content=\"CanadaMotorJobs.com\" \/>\n<meta property=\"article:publisher\" content=\"https:\/\/www.facebook.com\/canadamotorjobs\/\" \/>\n<meta property=\"article:published_time\" content=\"2022-10-26T11:53:20+00:00\" \/>\n<meta property=\"article:modified_time\" content=\"2022-10-26T13:14:16+00:00\" \/>\n<meta property=\"og:image\" content=\"https:\/\/news.canadamotorjobs.com\/wp-content\/uploads\/2022\/10\/eLion8-1.jpg\" \/>\n\t<meta property=\"og:image:width\" content=\"1200\" \/>\n\t<meta property=\"og:image:height\" content=\"630\" \/>\n\t<meta property=\"og:image:type\" content=\"image\/jpeg\" \/>\n<meta name=\"author\" content=\"Benoit Charette\" \/>\n<meta name=\"twitter:card\" content=\"summary_large_image\" \/>\n<meta name=\"twitter:creator\" content=\"@canadamotorjobs\" \/>\n<meta name=\"twitter:site\" content=\"@canadamotorjobs\" \/>\n<meta name=\"twitter:label1\" content=\"\u00c9crit par\" \/>\n\t<meta name=\"twitter:data1\" content=\"Benoit Charette\" \/>\n\t<meta name=\"twitter:label2\" content=\"Estimation du temps de lecture\" \/>\n\t<meta name=\"twitter:data2\" content=\"2 minutes\" \/>\n<!-- \/ Yoast SEO plugin. -->","yoast_head_json":{"title":"Des stations de recharge pour camions lourds voient le jour au Qu\u00e9bec - CanadaMotorJobs.com","description":"Des stations de recharge pour camions lourds voient le jour au Qu\u00e9bec - Benoit Charette - Annuel automobile - CanadaMotorJobs.com.","robots":{"index":"index","follow":"follow","max-snippet":"max-snippet:-1","max-image-preview":"max-image-preview:large","max-video-preview":"max-video-preview:-1"},"og_locale":"fr_CA","og_type":"article","og_title":"Des stations de recharge pour camions lourds voient le jour au Qu\u00e9bec - CanadaMotorJobs.com","og_description":"Des stations de recharge pour camions lourds voient le jour au Qu\u00e9bec - Benoit Charette - Annuel automobile - CanadaMotorJobs.com.","og_url":"https:\/\/news.canadamotorjobs.com\/fr\/des-stations-de-recharge-pour-camions-lourds-voient-le-jour-au-quebec\/","og_site_name":"CanadaMotorJobs.com","article_publisher":"https:\/\/www.facebook.com\/canadamotorjobs\/","article_published_time":"2022-10-26T11:53:20+00:00","article_modified_time":"2022-10-26T13:14:16+00:00","og_image":[{"width":1200,"height":630,"url":"https:\/\/news.canadamotorjobs.com\/wp-content\/uploads\/2022\/10\/eLion8-1.jpg","type":"image\/jpeg"}],"author":"Benoit Charette","twitter_card":"summary_large_image","twitter_creator":"@canadamotorjobs","twitter_site":"@canadamotorjobs","twitter_misc":{"\u00c9crit par":"Benoit Charette","Estimation du temps de lecture":"2 minutes"},"schema":{"@context":"https:\/\/schema.org","@graph":[{"@type":"Article","@id":"https:\/\/news.canadamotorjobs.com\/fr\/des-stations-de-recharge-pour-camions-lourds-voient-le-jour-au-quebec\/#article","isPartOf":{"@id":"https:\/\/news.canadamotorjobs.com\/fr\/des-stations-de-recharge-pour-camions-lourds-voient-le-jour-au-quebec\/"},"author":{"name":"Benoit Charette","@id":"https:\/\/news.canadamotorjobs.com\/#\/schema\/person\/51793d1f87d44011d7bcc2ed99269a90"},"headline":"Des stations de recharge pour camions lourds voient le jour au Qu\u00e9bec","datePublished":"2022-10-26T11:53:20+00:00","dateModified":"2022-10-26T13:14:16+00:00","mainEntityOfPage":{"@id":"https:\/\/news.canadamotorjobs.com\/fr\/des-stations-de-recharge-pour-camions-lourds-voient-le-jour-au-quebec\/"},"wordCount":279,"publisher":{"@id":"https:\/\/news.canadamotorjobs.com\/#organization"},"image":{"@id":"https:\/\/news.canadamotorjobs.com\/fr\/des-stations-de-recharge-pour-camions-lourds-voient-le-jour-au-quebec\/#primaryimage"},"thumbnailUrl":"https:\/\/news.canadamotorjobs.com\/wp-content\/uploads\/2022\/10\/eLion8-1.jpg","articleSection":["Annuel automobile"],"inLanguage":"fr-CA"},{"@type":"WebPage","@id":"https:\/\/news.canadamotorjobs.com\/fr\/des-stations-de-recharge-pour-camions-lourds-voient-le-jour-au-quebec\/","url":"https:\/\/news.canadamotorjobs.com\/fr\/des-stations-de-recharge-pour-camions-lourds-voient-le-jour-au-quebec\/","name":"Des stations de recharge pour camions lourds voient le jour au Qu\u00e9bec - CanadaMotorJobs.com","isPartOf":{"@id":"https:\/\/news.canadamotorjobs.com\/#website"},"primaryImageOfPage":{"@id":"https:\/\/news.canadamotorjobs.com\/fr\/des-stations-de-recharge-pour-camions-lourds-voient-le-jour-au-quebec\/#primaryimage"},"image":{"@id":"https:\/\/news.canadamotorjobs.com\/fr\/des-stations-de-recharge-pour-camions-lourds-voient-le-jour-au-quebec\/#primaryimage"},"thumbnailUrl":"https:\/\/news.canadamotorjobs.com\/wp-content\/uploads\/2022\/10\/eLion8-1.jpg","datePublished":"2022-10-26T11:53:20+00:00","dateModified":"2022-10-26T13:14:16+00:00","description":"Des stations de recharge pour camions lourds voient le jour au Qu\u00e9bec - Benoit Charette - Annuel automobile - CanadaMotorJobs.com.","breadcrumb":{"@id":"https:\/\/news.canadamotorjobs.com\/fr\/des-stations-de-recharge-pour-camions-lourds-voient-le-jour-au-quebec\/#breadcrumb"},"inLanguage":"fr-CA","potentialAction":[{"@type":"ReadAction","target":["https:\/\/news.canadamotorjobs.com\/fr\/des-stations-de-recharge-pour-camions-lourds-voient-le-jour-au-quebec\/"]}]},{"@type":"ImageObject","inLanguage":"fr-CA","@id":"https:\/\/news.canadamotorjobs.com\/fr\/des-stations-de-recharge-pour-camions-lourds-voient-le-jour-au-quebec\/#primaryimage","url":"https:\/\/news.canadamotorjobs.com\/wp-content\/uploads\/2022\/10\/eLion8-1.jpg","contentUrl":"https:\/\/news.canadamotorjobs.com\/wp-content\/uploads\/2022\/10\/eLion8-1.jpg","width":1200,"height":630},{"@type":"BreadcrumbList","@id":"https:\/\/news.canadamotorjobs.com\/fr\/des-stations-de-recharge-pour-camions-lourds-voient-le-jour-au-quebec\/#breadcrumb","itemListElement":[{"@type":"ListItem","position":1,"name":"Home","item":"https:\/\/news.canadamotorjobs.com\/fr\/blog\/"},{"@type":"ListItem","position":2,"name":"Des stations de recharge pour camions lourds voient le jour au Qu\u00e9bec"}]},{"@type":"WebSite","@id":"https:\/\/news.canadamotorjobs.com\/#website","url":"https:\/\/news.canadamotorjobs.com\/","name":"CanadaMotorJobs.com","description":"Automotive Jobs","publisher":{"@id":"https:\/\/news.canadamotorjobs.com\/#organization"},"potentialAction":[{"@type":"SearchAction","target":{"@type":"EntryPoint","urlTemplate":"https:\/\/news.canadamotorjobs.com\/?s={search_term_string}"},"query-input":"required name=search_term_string"}],"inLanguage":"fr-CA"},{"@type":"Organization","@id":"https:\/\/news.canadamotorjobs.com\/#organization","name":"Canada Motor Jobs","url":"https:\/\/news.canadamotorjobs.com\/","logo":{"@type":"ImageObject","inLanguage":"fr-CA","@id":"https:\/\/news.canadamotorjobs.com\/#\/schema\/logo\/image\/","url":"https:\/\/news.canadamotorjobs.com\/wp-content\/uploads\/2022\/10\/logo-canada-motor-jobs-1.png","contentUrl":"https:\/\/news.canadamotorjobs.com\/wp-content\/uploads\/2022\/10\/logo-canada-motor-jobs-1.png","width":800,"height":400,"caption":"Canada Motor Jobs"},"image":{"@id":"https:\/\/news.canadamotorjobs.com\/#\/schema\/logo\/image\/"},"sameAs":["https:\/\/www.facebook.com\/canadamotorjobs\/","https:\/\/x.com\/canadamotorjobs","https:\/\/www.instagram.com\/canadamotorjobs\/","https:\/\/www.linkedin.com\/company\/canadamotorjobs"]},{"@type":"Person","@id":"https:\/\/news.canadamotorjobs.com\/#\/schema\/person\/51793d1f87d44011d7bcc2ed99269a90","name":"Benoit Charette","image":{"@type":"ImageObject","inLanguage":"fr-CA","@id":"https:\/\/news.canadamotorjobs.com\/#\/schema\/person\/image\/","url":"https:\/\/secure.gravatar.com\/avatar\/45f3d2eebcccd909668d7ce7ea7267b6?s=96&d=mm&r=g","contentUrl":"https:\/\/secure.gravatar.com\/avatar\/45f3d2eebcccd909668d7ce7ea7267b6?s=96&d=mm&r=g","caption":"Benoit Charette"},"description":"Benoit Charette \/ Propri\u00e9taire et r\u00e9dacteur en chef Benoit Charette pratique le journalisme automobile depuis bient\u00f4t 30 ans. Il a fait ses classes au c\u00f4t\u00e9 de Daniel H\u00e9raud et au Carnet de route de 1992 \u00e0 2001. Il est fondateur, copropri\u00e9taire et r\u00e9dacteur en chef de L\u2019Annuel de l\u2019automobile, qu\u2019il publie depuis 2001. Il a anim\u00e9 les \u00e9missions RPM et RPM+ sur V et les L\u00e9gendes de la route sur Historia. \u00c0 la radio depuis 1986, il reprend l\u2019antenne cette ann\u00e9e sur les ondes de Cogeco et participe pour la deuxi\u00e8me ann\u00e9e \u00e0 l\u2019\u00e9mission Passion Auto sur RDS en plus de mettre en ligne le site Web officiel de L\u2019Annuel de l\u2019automobile sur annuelauto.ca.","sameAs":["https:\/\/annuelauto.ca\/"],"url":"https:\/\/news.canadamotorjobs.com\/fr\/author\/benoit-charette\/"}]}},"_links":{"self":[{"href":"https:\/\/news.canadamotorjobs.com\/fr\/wp-json\/wp\/v2\/posts\/135942"}],"collection":[{"href":"https:\/\/news.canadamotorjobs.com\/fr\/wp-json\/wp\/v2\/posts"}],"about":[{"href":"https:\/\/news.canadamotorjobs.com\/fr\/wp-json\/wp\/v2\/types\/post"}],"author":[{"embeddable":true,"href":"https:\/\/news.canadamotorjobs.com\/fr\/wp-json\/wp\/v2\/users\/8"}],"replies":[{"embeddable":true,"href":"https:\/\/news.canadamotorjobs.com\/fr\/wp-json\/wp\/v2\/comments?post=135942"}],"version-history":[{"count":0,"href":"https:\/\/news.canadamotorjobs.com\/fr\/wp-json\/wp\/v2\/posts\/135942\/revisions"}],"wp:featuredmedia":[{"embeddable":true,"href":"https:\/\/news.canadamotorjobs.com\/fr\/wp-json\/wp\/v2\/media\/135946"}],"wp:attachment":[{"href":"https:\/\/news.canadamotorjobs.com\/fr\/wp-json\/wp\/v2\/media?parent=135942"}],"wp:term":[{"taxonomy":"category","embeddable":true,"href":"https:\/\/news.canadamotorjobs.com\/fr\/wp-json\/wp\/v2\/categories?post=135942"},{"taxonomy":"post_tag","embeddable":true,"href":"https:\/\/news.canadamotorjobs.com\/fr\/wp-json\/wp\/v2\/tags?post=135942"}],"curies":[{"name":"wp","href":"https:\/\/api.w.org\/{rel}","templated":true}]}}