{"id":135934,"date":"2022-10-26T07:17:39","date_gmt":"2022-10-26T11:17:39","guid":{"rendered":"https:\/\/news.canadamotorjobs.com\/vers-une-tesla-model-2-a-25-000\/"},"modified":"2022-10-26T09:24:22","modified_gmt":"2022-10-26T13:24:22","slug":"vers-une-tesla-model-2-a-25-000","status":"publish","type":"post","link":"https:\/\/news.canadamotorjobs.com\/fr\/vers-une-tesla-model-2-a-25-000\/","title":{"rendered":"Vers une Tesla Model 2 \u00e0 25\u00a0000$?"},"content":{"rendered":"<p>Selon des m\u00e9dias am\u00e9ricains, Tesla serait en train de mettre au point une nouvelle plateforme pour ses futurs v\u00e9hicules \u00e9lectriques qui pourrait couper de moiti\u00e9 les co\u00fbts d\u2019assemblage pour lesdits v\u00e9hicules. \u00c7a suffit \u00e9videmment \u00e0 relancer les rumeurs d\u2019une Model 2, une version meilleur march\u00e9 de la Model 3 qui co\u00fbterait \u00e0 l\u2019acheteur 25 000\u00a0$ US. Ce n\u2019est pas la premi\u00e8re fois que Tesla fait ce genre de promesse, rappelez-vous la Tesla 3 \u00e0 ses d\u00e9buts.<\/p>\n<h3>Est-ce que cette fois sera la bonne ?<\/h3>\n<p>Ce prix cible a notamment \u00e9t\u00e9 repris par des analystes financiers qui suivent de plus pr\u00e8s les op\u00e9rations de Tesla. \u00c9videmment, leur analyse est que si Tesla arrive \u00e0 r\u00e9duire substantiellement le co\u00fbt de production de ses v\u00e9hicules, ce serait tr\u00e8s appr\u00e9ci\u00e9 d\u2019\u00e0 peu pr\u00e8s tous les consommateurs si une bonne partie de cette r\u00e9duction allait aussi sur le prix de vente de ses v\u00e9hicules. Ce serait certainement le meilleur moyen de relancer les ventes partout dans le monde pour un constructeur qui a ces derniers mois \u00e9t\u00e9 victime pour une premi\u00e8re fois d\u2019une baisse de l\u2019int\u00e9r\u00eat \u00e0 son endroit de la part des acheteurs de v\u00e9hicules neufs.<\/p>\n<h3>Il faudra d\u2019abord produire le v\u00e9hicule<\/h3>\n<p>Malheureusement, rien ne dit que ce v\u00e9hicule verra le jour. Et en fait, Elon Musk, le PDG de Tesla, a de son c\u00f4t\u00e9 plut\u00f4t affirm\u00e9 le contraire \u00e0 au moins deux reprises plus t\u00f4t cette ann\u00e9e. Le seul hic avec Musk est qu\u2019il peut aussi bien changer son fusil d\u2019\u00e9paule \u00e0 tout<\/p>\n","protected":false},"excerpt":{"rendered":"<p>Selon des m\u00e9dias am\u00e9ricains, Tesla serait en train de mettre au point une nouvelle plateforme pour ses futurs v\u00e9hicules \u00e9lectriques qui pourrait couper de moiti\u00e9 les co\u00fbts d\u2019assemblage pour lesdits v\u00e9hicules. \u00c7a suffit \u00e9videmment \u00e0 relancer les rumeurs d\u2019une Model 2, une version meilleur march\u00e9 de la Model 3 qui co\u00fbterait \u00e0 l\u2019acheteur 25 000\u00a0$ [&hellip;]<\/p>\n","protected":false},"author":8,"featured_media":135938,"comment_status":"close","ping_status":"closed","sticky":false,"template":"","format":"standard","meta":{"_monsterinsights_skip_tracking":false,"_monsterinsights_sitenote_active":false,"_monsterinsights_sitenote_note":"","_monsterinsights_sitenote_category":0,"footnotes":""},"categories":[101],"tags":[131],"yoast_head":"<!-- This site is optimized with the Yoast SEO plugin v23.2 - https:\/\/yoast.com\/wordpress\/plugins\/seo\/ -->\n<title>Vers une Tesla Model 2 \u00e0 25\u00a0000$? - CanadaMotorJobs.com<\/title>\n<meta name=\"description\" content=\"Vers une Tesla Model 2 \u00e0 25\u00a0000$? - Benoit Charette - Annuel automobile - CanadaMotorJobs.com.\" \/>\n<meta name=\"robots\" content=\"index, follow, max-snippet:-1, max-image-preview:large, max-video-preview:-1\" \/>\n<meta property=\"og:locale\" content=\"fr_CA\" \/>\n<meta property=\"og:type\" content=\"article\" \/>\n<meta property=\"og:title\" content=\"Vers une Tesla Model 2 \u00e0 25\u00a0000$? - CanadaMotorJobs.com\" \/>\n<meta property=\"og:description\" content=\"Vers une Tesla Model 2 \u00e0 25\u00a0000$? - Benoit Charette - Annuel automobile - CanadaMotorJobs.com.\" \/>\n<meta property=\"og:url\" content=\"https:\/\/news.canadamotorjobs.com\/fr\/vers-une-tesla-model-2-a-25-000\/\" \/>\n<meta property=\"og:site_name\" content=\"CanadaMotorJobs.com\" \/>\n<meta property=\"article:publisher\" content=\"https:\/\/www.facebook.com\/canadamotorjobs\/\" \/>\n<meta property=\"article:published_time\" content=\"2022-10-26T11:17:39+00:00\" \/>\n<meta property=\"article:modified_time\" content=\"2022-10-26T13:24:22+00:00\" \/>\n<meta property=\"og:image\" content=\"https:\/\/news.canadamotorjobs.com\/wp-content\/uploads\/2022\/10\/tesla-model-2-preview-1.jpg\" \/>\n\t<meta property=\"og:image:width\" content=\"1920\" \/>\n\t<meta property=\"og:image:height\" content=\"1080\" \/>\n\t<meta property=\"og:image:type\" content=\"image\/jpeg\" \/>\n<meta name=\"author\" content=\"Benoit Charette\" \/>\n<meta name=\"twitter:card\" content=\"summary_large_image\" \/>\n<meta name=\"twitter:creator\" content=\"@canadamotorjobs\" \/>\n<meta name=\"twitter:site\" content=\"@canadamotorjobs\" \/>\n<meta name=\"twitter:label1\" content=\"\u00c9crit par\" \/>\n\t<meta name=\"twitter:data1\" content=\"Benoit Charette\" \/>\n\t<meta name=\"twitter:label2\" content=\"Estimation du temps de lecture\" \/>\n\t<meta name=\"twitter:data2\" content=\"2 minutes\" \/>\n<!-- \/ Yoast SEO plugin. -->","yoast_head_json":{"title":"Vers une Tesla Model 2 \u00e0 25\u00a0000$? - CanadaMotorJobs.com","description":"Vers une Tesla Model 2 \u00e0 25\u00a0000$? - Benoit Charette - Annuel automobile - CanadaMotorJobs.com.","robots":{"index":"index","follow":"follow","max-snippet":"max-snippet:-1","max-image-preview":"max-image-preview:large","max-video-preview":"max-video-preview:-1"},"og_locale":"fr_CA","og_type":"article","og_title":"Vers une Tesla Model 2 \u00e0 25\u00a0000$? - CanadaMotorJobs.com","og_description":"Vers une Tesla Model 2 \u00e0 25\u00a0000$? - Benoit Charette - Annuel automobile - CanadaMotorJobs.com.","og_url":"https:\/\/news.canadamotorjobs.com\/fr\/vers-une-tesla-model-2-a-25-000\/","og_site_name":"CanadaMotorJobs.com","article_publisher":"https:\/\/www.facebook.com\/canadamotorjobs\/","article_published_time":"2022-10-26T11:17:39+00:00","article_modified_time":"2022-10-26T13:24:22+00:00","og_image":[{"width":1920,"height":1080,"url":"https:\/\/news.canadamotorjobs.com\/wp-content\/uploads\/2022\/10\/tesla-model-2-preview-1.jpg","type":"image\/jpeg"}],"author":"Benoit Charette","twitter_card":"summary_large_image","twitter_creator":"@canadamotorjobs","twitter_site":"@canadamotorjobs","twitter_misc":{"\u00c9crit par":"Benoit Charette","Estimation du temps de lecture":"2 minutes"},"schema":{"@context":"https:\/\/schema.org","@graph":[{"@type":"Article","@id":"https:\/\/news.canadamotorjobs.com\/fr\/vers-une-tesla-model-2-a-25-000\/#article","isPartOf":{"@id":"https:\/\/news.canadamotorjobs.com\/fr\/vers-une-tesla-model-2-a-25-000\/"},"author":{"name":"Benoit Charette","@id":"https:\/\/news.canadamotorjobs.com\/#\/schema\/person\/51793d1f87d44011d7bcc2ed99269a90"},"headline":"Vers une Tesla Model 2 \u00e0 25\u00a0000$?","datePublished":"2022-10-26T11:17:39+00:00","dateModified":"2022-10-26T13:24:22+00:00","mainEntityOfPage":{"@id":"https:\/\/news.canadamotorjobs.com\/fr\/vers-une-tesla-model-2-a-25-000\/"},"wordCount":278,"publisher":{"@id":"https:\/\/news.canadamotorjobs.com\/#organization"},"image":{"@id":"https:\/\/news.canadamotorjobs.com\/fr\/vers-une-tesla-model-2-a-25-000\/#primaryimage"},"thumbnailUrl":"https:\/\/news.canadamotorjobs.com\/wp-content\/uploads\/2022\/10\/tesla-model-2-preview-1.jpg","keywords":["Newsletter"],"articleSection":["Annuel automobile"],"inLanguage":"fr-CA"},{"@type":"WebPage","@id":"https:\/\/news.canadamotorjobs.com\/fr\/vers-une-tesla-model-2-a-25-000\/","url":"https:\/\/news.canadamotorjobs.com\/fr\/vers-une-tesla-model-2-a-25-000\/","name":"Vers une Tesla Model 2 \u00e0 25\u00a0000$? - CanadaMotorJobs.com","isPartOf":{"@id":"https:\/\/news.canadamotorjobs.com\/#website"},"primaryImageOfPage":{"@id":"https:\/\/news.canadamotorjobs.com\/fr\/vers-une-tesla-model-2-a-25-000\/#primaryimage"},"image":{"@id":"https:\/\/news.canadamotorjobs.com\/fr\/vers-une-tesla-model-2-a-25-000\/#primaryimage"},"thumbnailUrl":"https:\/\/news.canadamotorjobs.com\/wp-content\/uploads\/2022\/10\/tesla-model-2-preview-1.jpg","datePublished":"2022-10-26T11:17:39+00:00","dateModified":"2022-10-26T13:24:22+00:00","description":"Vers une Tesla Model 2 \u00e0 25\u00a0000$? - Benoit Charette - Annuel automobile - CanadaMotorJobs.com.","breadcrumb":{"@id":"https:\/\/news.canadamotorjobs.com\/fr\/vers-une-tesla-model-2-a-25-000\/#breadcrumb"},"inLanguage":"fr-CA","potentialAction":[{"@type":"ReadAction","target":["https:\/\/news.canadamotorjobs.com\/fr\/vers-une-tesla-model-2-a-25-000\/"]}]},{"@type":"ImageObject","inLanguage":"fr-CA","@id":"https:\/\/news.canadamotorjobs.com\/fr\/vers-une-tesla-model-2-a-25-000\/#primaryimage","url":"https:\/\/news.canadamotorjobs.com\/wp-content\/uploads\/2022\/10\/tesla-model-2-preview-1.jpg","contentUrl":"https:\/\/news.canadamotorjobs.com\/wp-content\/uploads\/2022\/10\/tesla-model-2-preview-1.jpg","width":1920,"height":1080},{"@type":"BreadcrumbList","@id":"https:\/\/news.canadamotorjobs.com\/fr\/vers-une-tesla-model-2-a-25-000\/#breadcrumb","itemListElement":[{"@type":"ListItem","position":1,"name":"Home","item":"https:\/\/news.canadamotorjobs.com\/fr\/blog\/"},{"@type":"ListItem","position":2,"name":"Vers une Tesla Model 2 \u00e0 25\u00a0000$?"}]},{"@type":"WebSite","@id":"https:\/\/news.canadamotorjobs.com\/#website","url":"https:\/\/news.canadamotorjobs.com\/","name":"CanadaMotorJobs.com","description":"Automotive Jobs","publisher":{"@id":"https:\/\/news.canadamotorjobs.com\/#organization"},"potentialAction":[{"@type":"SearchAction","target":{"@type":"EntryPoint","urlTemplate":"https:\/\/news.canadamotorjobs.com\/?s={search_term_string}"},"query-input":"required name=search_term_string"}],"inLanguage":"fr-CA"},{"@type":"Organization","@id":"https:\/\/news.canadamotorjobs.com\/#organization","name":"Canada Motor Jobs","url":"https:\/\/news.canadamotorjobs.com\/","logo":{"@type":"ImageObject","inLanguage":"fr-CA","@id":"https:\/\/news.canadamotorjobs.com\/#\/schema\/logo\/image\/","url":"https:\/\/news.canadamotorjobs.com\/wp-content\/uploads\/2022\/10\/logo-canada-motor-jobs-1.png","contentUrl":"https:\/\/news.canadamotorjobs.com\/wp-content\/uploads\/2022\/10\/logo-canada-motor-jobs-1.png","width":800,"height":400,"caption":"Canada Motor Jobs"},"image":{"@id":"https:\/\/news.canadamotorjobs.com\/#\/schema\/logo\/image\/"},"sameAs":["https:\/\/www.facebook.com\/canadamotorjobs\/","https:\/\/x.com\/canadamotorjobs","https:\/\/www.instagram.com\/canadamotorjobs\/","https:\/\/www.linkedin.com\/company\/canadamotorjobs"]},{"@type":"Person","@id":"https:\/\/news.canadamotorjobs.com\/#\/schema\/person\/51793d1f87d44011d7bcc2ed99269a90","name":"Benoit Charette","image":{"@type":"ImageObject","inLanguage":"fr-CA","@id":"https:\/\/news.canadamotorjobs.com\/#\/schema\/person\/image\/","url":"https:\/\/secure.gravatar.com\/avatar\/45f3d2eebcccd909668d7ce7ea7267b6?s=96&d=mm&r=g","contentUrl":"https:\/\/secure.gravatar.com\/avatar\/45f3d2eebcccd909668d7ce7ea7267b6?s=96&d=mm&r=g","caption":"Benoit Charette"},"description":"Benoit Charette \/ Propri\u00e9taire et r\u00e9dacteur en chef Benoit Charette pratique le journalisme automobile depuis bient\u00f4t 30 ans. Il a fait ses classes au c\u00f4t\u00e9 de Daniel H\u00e9raud et au Carnet de route de 1992 \u00e0 2001. Il est fondateur, copropri\u00e9taire et r\u00e9dacteur en chef de L\u2019Annuel de l\u2019automobile, qu\u2019il publie depuis 2001. Il a anim\u00e9 les \u00e9missions RPM et RPM+ sur V et les L\u00e9gendes de la route sur Historia. \u00c0 la radio depuis 1986, il reprend l\u2019antenne cette ann\u00e9e sur les ondes de Cogeco et participe pour la deuxi\u00e8me ann\u00e9e \u00e0 l\u2019\u00e9mission Passion Auto sur RDS en plus de mettre en ligne le site Web officiel de L\u2019Annuel de l\u2019automobile sur annuelauto.ca.","sameAs":["https:\/\/annuelauto.ca\/"],"url":"https:\/\/news.canadamotorjobs.com\/fr\/author\/benoit-charette\/"}]}},"_links":{"self":[{"href":"https:\/\/news.canadamotorjobs.com\/fr\/wp-json\/wp\/v2\/posts\/135934"}],"collection":[{"href":"https:\/\/news.canadamotorjobs.com\/fr\/wp-json\/wp\/v2\/posts"}],"about":[{"href":"https:\/\/news.canadamotorjobs.com\/fr\/wp-json\/wp\/v2\/types\/post"}],"author":[{"embeddable":true,"href":"https:\/\/news.canadamotorjobs.com\/fr\/wp-json\/wp\/v2\/users\/8"}],"replies":[{"embeddable":true,"href":"https:\/\/news.canadamotorjobs.com\/fr\/wp-json\/wp\/v2\/comments?post=135934"}],"version-history":[{"count":0,"href":"https:\/\/news.canadamotorjobs.com\/fr\/wp-json\/wp\/v2\/posts\/135934\/revisions"}],"wp:featuredmedia":[{"embeddable":true,"href":"https:\/\/news.canadamotorjobs.com\/fr\/wp-json\/wp\/v2\/media\/135938"}],"wp:attachment":[{"href":"https:\/\/news.canadamotorjobs.com\/fr\/wp-json\/wp\/v2\/media?parent=135934"}],"wp:term":[{"taxonomy":"category","embeddable":true,"href":"https:\/\/news.canadamotorjobs.com\/fr\/wp-json\/wp\/v2\/categories?post=135934"},{"taxonomy":"post_tag","embeddable":true,"href":"https:\/\/news.canadamotorjobs.com\/fr\/wp-json\/wp\/v2\/tags?post=135934"}],"curies":[{"name":"wp","href":"https:\/\/api.w.org\/{rel}","templated":true}]}}