{"id":135915,"date":"2022-10-25T13:23:00","date_gmt":"2022-10-25T17:23:00","guid":{"rendered":"https:\/\/news.canadamotorjobs.com\/la-rolls-royce-silver-shadow-1974-de-freddie-mercury-sera-vendue-pour-aider-lukraine\/"},"modified":"2022-10-25T13:45:01","modified_gmt":"2022-10-25T17:45:01","slug":"la-rolls-royce-silver-shadow-1974-de-freddie-mercury-sera-vendue-pour-aider-lukraine","status":"publish","type":"post","link":"https:\/\/news.canadamotorjobs.com\/fr\/la-rolls-royce-silver-shadow-1974-de-freddie-mercury-sera-vendue-pour-aider-lukraine\/","title":{"rendered":"La Rolls-Royce Silver Shadow 1974 de Freddie Mercury sera vendue pour aider l\u2019Ukraine"},"content":{"rendered":"<\/p>\n<p>La Rolls-Royce <a href=\"https:\/\/annuelauto.ca\/une-rolls-royce-silver-shadow-pick-up-1967-pour-aller-aux-courses\/\" target=\"_blank\" rel=\"noopener noreferrer\">Silver Shadow<\/a> utilis\u00e9e par Freddie Mercury sera offerte aux collectionneurs et autres passionn\u00e9s du groupe rock Queen lors d\u2019une vente aux ench\u00e8res organis\u00e9e par <a href=\"https:\/\/annuelauto.ca\/rm-sothebys-a-hershey-des-ventes-totalisant-plus-de-10-millions\/\" target=\"_blank\" rel=\"noopener noreferrer\">RM Sotheby\u2019s<\/a> \u00e0 Londres, en novembre prochain. Les profits de cette vente seront remis \u00e0 l\u2019organisation caritative <a href=\"https:\/\/www.superhumans.com\/\" target=\"_blank\" rel=\"noopener noreferrer\">Superhumans Center<\/a>, qui vient en aide aux victimes de la guerre en Ukraine.<\/p>\n<p> Compositeur, interpr\u00e8te et pianiste, Freddie Mercury (Farrokh Bulsara de son vrai nom; 1946\u20131991) a \u00e9t\u00e9 l\u2019\u00e2me du groupe rock Queen de sa formation, en 1970, jusqu\u2019au dernier spectacle qu\u2019il a fait avec ce groupe, en 1986.<br \/> <strong>Acquise en 1979<\/strong><br \/> C\u2019est en 1979 que son entreprise, Goose Productions ltd, a fait l\u2019acquisition de cette Silver Shadow d\u2019occasion. Elle a servi ses d\u00e9placements jusqu\u2019\u00e0 son d\u00e9c\u00e8s. Il faut pr\u00e9ciser qu\u2019il ne l\u2019a jamais conduite, puisqu\u2019il n\u2019avait pas de permis de conduire !<\/p>\n<p> Des archives confirment que cette berline a \u00e9t\u00e9 immatricul\u00e9e pour la premi\u00e8re fois en juin\u00a01974. Elle avait alors la carrosserie argent \u00ab\u00a0Silver Chalice\u00a0\u00bb et l\u2019int\u00e9rieur bleu qu\u2019elle a toujours.<\/p>\n<p> Les premi\u00e8res ann\u00e9es de son existence ne sont pas document\u00e9es. Par contre, \u00e0 partir de 1979, un dossier exhaustif comprenant, entre autres, des factures d\u2019atelier faites au nom de Freddie Mercury, nous \u00e9claire sur l\u2019identit\u00e9 de son propri\u00e9taire, bien que certains documents portent aussi le nom de Mary\u00a0Austin, son ex-conjointe.<br \/> <strong>Le \u00ab\u00a0bureau\u00a0\u00bb de Freddie<\/strong><br \/> Parmi ces documents, une lettre de Jim Beach, manager de longue date du groupe Queen, confirme que cette <a href=\"https:\/\/annuelauto.ca\/en-attendant-la-spectre-2023-electrique-rolls-royce-devoile-ses-ancetres\/\" target=\"_blank\" rel=\"noopener noreferrer\">Rolls-Royce<\/a> a appartenu \u00e0 Mercury. Dans un documentaire, Beach d\u00e9clare<\/p>\n","protected":false},"excerpt":{"rendered":"<p>La Rolls-Royce Silver Shadow utilis\u00e9e par Freddie Mercury sera offerte aux collectionneurs et autres passionn\u00e9s du groupe rock Queen lors d\u2019une vente aux ench\u00e8res organis\u00e9e par RM Sotheby\u2019s \u00e0 Londres, en novembre prochain. Les profits de cette vente seront remis \u00e0 l\u2019organisation caritative Superhumans Center, qui vient en aide aux victimes de la guerre en [&hellip;]<\/p>\n","protected":false},"author":8,"featured_media":135919,"comment_status":"close","ping_status":"closed","sticky":false,"template":"","format":"standard","meta":{"_monsterinsights_skip_tracking":false,"_monsterinsights_sitenote_active":false,"_monsterinsights_sitenote_note":"","_monsterinsights_sitenote_category":0,"footnotes":""},"categories":[101],"tags":[],"yoast_head":"<!-- This site is optimized with the Yoast SEO plugin v23.2 - https:\/\/yoast.com\/wordpress\/plugins\/seo\/ -->\n<title>La Rolls-Royce Silver Shadow 1974 de Freddie Mercury sera vendue pour aider l\u2019Ukraine - CanadaMotorJobs.com<\/title>\n<meta name=\"description\" content=\"La Rolls-Royce Silver Shadow 1974 de Freddie Mercury sera vendue pour aider l\u2019Ukraine - Benoit Charette - Annuel automobile - CanadaMotorJobs.com.\" \/>\n<meta name=\"robots\" content=\"index, follow, max-snippet:-1, max-image-preview:large, max-video-preview:-1\" \/>\n<meta property=\"og:locale\" content=\"fr_CA\" \/>\n<meta property=\"og:type\" content=\"article\" \/>\n<meta property=\"og:title\" content=\"La Rolls-Royce Silver Shadow 1974 de Freddie Mercury sera vendue pour aider l\u2019Ukraine - CanadaMotorJobs.com\" \/>\n<meta property=\"og:description\" content=\"La Rolls-Royce Silver Shadow 1974 de Freddie Mercury sera vendue pour aider l\u2019Ukraine - Benoit Charette - Annuel automobile - CanadaMotorJobs.com.\" \/>\n<meta property=\"og:url\" content=\"https:\/\/news.canadamotorjobs.com\/fr\/la-rolls-royce-silver-shadow-1974-de-freddie-mercury-sera-vendue-pour-aider-lukraine\/\" \/>\n<meta property=\"og:site_name\" content=\"CanadaMotorJobs.com\" \/>\n<meta property=\"article:publisher\" content=\"https:\/\/www.facebook.com\/canadamotorjobs\/\" \/>\n<meta property=\"article:published_time\" content=\"2022-10-25T17:23:00+00:00\" \/>\n<meta property=\"article:modified_time\" content=\"2022-10-25T17:45:01+00:00\" \/>\n<meta property=\"og:image\" content=\"https:\/\/news.canadamotorjobs.com\/wp-content\/uploads\/2022\/10\/Freddie-Mercury-1-1.jpg\" \/>\n\t<meta property=\"og:image:width\" content=\"1500\" \/>\n\t<meta property=\"og:image:height\" content=\"1000\" \/>\n\t<meta property=\"og:image:type\" content=\"image\/jpeg\" \/>\n<meta name=\"author\" content=\"Benoit Charette\" \/>\n<meta name=\"twitter:card\" content=\"summary_large_image\" \/>\n<meta name=\"twitter:creator\" content=\"@canadamotorjobs\" \/>\n<meta name=\"twitter:site\" content=\"@canadamotorjobs\" \/>\n<meta name=\"twitter:label1\" content=\"\u00c9crit par\" \/>\n\t<meta name=\"twitter:data1\" content=\"Benoit Charette\" \/>\n\t<meta name=\"twitter:label2\" content=\"Estimation du temps de lecture\" \/>\n\t<meta name=\"twitter:data2\" content=\"1 minute\" \/>\n<!-- \/ Yoast SEO plugin. -->","yoast_head_json":{"title":"La Rolls-Royce Silver Shadow 1974 de Freddie Mercury sera vendue pour aider l\u2019Ukraine - CanadaMotorJobs.com","description":"La Rolls-Royce Silver Shadow 1974 de Freddie Mercury sera vendue pour aider l\u2019Ukraine - Benoit Charette - Annuel automobile - CanadaMotorJobs.com.","robots":{"index":"index","follow":"follow","max-snippet":"max-snippet:-1","max-image-preview":"max-image-preview:large","max-video-preview":"max-video-preview:-1"},"og_locale":"fr_CA","og_type":"article","og_title":"La Rolls-Royce Silver Shadow 1974 de Freddie Mercury sera vendue pour aider l\u2019Ukraine - CanadaMotorJobs.com","og_description":"La Rolls-Royce Silver Shadow 1974 de Freddie Mercury sera vendue pour aider l\u2019Ukraine - Benoit Charette - Annuel automobile - CanadaMotorJobs.com.","og_url":"https:\/\/news.canadamotorjobs.com\/fr\/la-rolls-royce-silver-shadow-1974-de-freddie-mercury-sera-vendue-pour-aider-lukraine\/","og_site_name":"CanadaMotorJobs.com","article_publisher":"https:\/\/www.facebook.com\/canadamotorjobs\/","article_published_time":"2022-10-25T17:23:00+00:00","article_modified_time":"2022-10-25T17:45:01+00:00","og_image":[{"width":1500,"height":1000,"url":"https:\/\/news.canadamotorjobs.com\/wp-content\/uploads\/2022\/10\/Freddie-Mercury-1-1.jpg","type":"image\/jpeg"}],"author":"Benoit Charette","twitter_card":"summary_large_image","twitter_creator":"@canadamotorjobs","twitter_site":"@canadamotorjobs","twitter_misc":{"\u00c9crit par":"Benoit Charette","Estimation du temps de lecture":"1 minute"},"schema":{"@context":"https:\/\/schema.org","@graph":[{"@type":"Article","@id":"https:\/\/news.canadamotorjobs.com\/fr\/la-rolls-royce-silver-shadow-1974-de-freddie-mercury-sera-vendue-pour-aider-lukraine\/#article","isPartOf":{"@id":"https:\/\/news.canadamotorjobs.com\/fr\/la-rolls-royce-silver-shadow-1974-de-freddie-mercury-sera-vendue-pour-aider-lukraine\/"},"author":{"name":"Benoit Charette","@id":"https:\/\/news.canadamotorjobs.com\/#\/schema\/person\/51793d1f87d44011d7bcc2ed99269a90"},"headline":"La Rolls-Royce Silver Shadow 1974 de Freddie Mercury sera vendue pour aider l\u2019Ukraine","datePublished":"2022-10-25T17:23:00+00:00","dateModified":"2022-10-25T17:45:01+00:00","mainEntityOfPage":{"@id":"https:\/\/news.canadamotorjobs.com\/fr\/la-rolls-royce-silver-shadow-1974-de-freddie-mercury-sera-vendue-pour-aider-lukraine\/"},"wordCount":284,"publisher":{"@id":"https:\/\/news.canadamotorjobs.com\/#organization"},"image":{"@id":"https:\/\/news.canadamotorjobs.com\/fr\/la-rolls-royce-silver-shadow-1974-de-freddie-mercury-sera-vendue-pour-aider-lukraine\/#primaryimage"},"thumbnailUrl":"https:\/\/news.canadamotorjobs.com\/wp-content\/uploads\/2022\/10\/Freddie-Mercury-1-1.jpg","articleSection":["Annuel automobile"],"inLanguage":"fr-CA"},{"@type":"WebPage","@id":"https:\/\/news.canadamotorjobs.com\/fr\/la-rolls-royce-silver-shadow-1974-de-freddie-mercury-sera-vendue-pour-aider-lukraine\/","url":"https:\/\/news.canadamotorjobs.com\/fr\/la-rolls-royce-silver-shadow-1974-de-freddie-mercury-sera-vendue-pour-aider-lukraine\/","name":"La Rolls-Royce Silver Shadow 1974 de Freddie Mercury sera vendue pour aider l\u2019Ukraine - CanadaMotorJobs.com","isPartOf":{"@id":"https:\/\/news.canadamotorjobs.com\/#website"},"primaryImageOfPage":{"@id":"https:\/\/news.canadamotorjobs.com\/fr\/la-rolls-royce-silver-shadow-1974-de-freddie-mercury-sera-vendue-pour-aider-lukraine\/#primaryimage"},"image":{"@id":"https:\/\/news.canadamotorjobs.com\/fr\/la-rolls-royce-silver-shadow-1974-de-freddie-mercury-sera-vendue-pour-aider-lukraine\/#primaryimage"},"thumbnailUrl":"https:\/\/news.canadamotorjobs.com\/wp-content\/uploads\/2022\/10\/Freddie-Mercury-1-1.jpg","datePublished":"2022-10-25T17:23:00+00:00","dateModified":"2022-10-25T17:45:01+00:00","description":"La Rolls-Royce Silver Shadow 1974 de Freddie Mercury sera vendue pour aider l\u2019Ukraine - Benoit Charette - Annuel automobile - CanadaMotorJobs.com.","breadcrumb":{"@id":"https:\/\/news.canadamotorjobs.com\/fr\/la-rolls-royce-silver-shadow-1974-de-freddie-mercury-sera-vendue-pour-aider-lukraine\/#breadcrumb"},"inLanguage":"fr-CA","potentialAction":[{"@type":"ReadAction","target":["https:\/\/news.canadamotorjobs.com\/fr\/la-rolls-royce-silver-shadow-1974-de-freddie-mercury-sera-vendue-pour-aider-lukraine\/"]}]},{"@type":"ImageObject","inLanguage":"fr-CA","@id":"https:\/\/news.canadamotorjobs.com\/fr\/la-rolls-royce-silver-shadow-1974-de-freddie-mercury-sera-vendue-pour-aider-lukraine\/#primaryimage","url":"https:\/\/news.canadamotorjobs.com\/wp-content\/uploads\/2022\/10\/Freddie-Mercury-1-1.jpg","contentUrl":"https:\/\/news.canadamotorjobs.com\/wp-content\/uploads\/2022\/10\/Freddie-Mercury-1-1.jpg","width":1500,"height":1000},{"@type":"BreadcrumbList","@id":"https:\/\/news.canadamotorjobs.com\/fr\/la-rolls-royce-silver-shadow-1974-de-freddie-mercury-sera-vendue-pour-aider-lukraine\/#breadcrumb","itemListElement":[{"@type":"ListItem","position":1,"name":"Home","item":"https:\/\/news.canadamotorjobs.com\/fr\/blog\/"},{"@type":"ListItem","position":2,"name":"La Rolls-Royce Silver Shadow 1974 de Freddie Mercury sera vendue pour aider l\u2019Ukraine"}]},{"@type":"WebSite","@id":"https:\/\/news.canadamotorjobs.com\/#website","url":"https:\/\/news.canadamotorjobs.com\/","name":"CanadaMotorJobs.com","description":"Automotive Jobs","publisher":{"@id":"https:\/\/news.canadamotorjobs.com\/#organization"},"potentialAction":[{"@type":"SearchAction","target":{"@type":"EntryPoint","urlTemplate":"https:\/\/news.canadamotorjobs.com\/?s={search_term_string}"},"query-input":"required name=search_term_string"}],"inLanguage":"fr-CA"},{"@type":"Organization","@id":"https:\/\/news.canadamotorjobs.com\/#organization","name":"Canada Motor Jobs","url":"https:\/\/news.canadamotorjobs.com\/","logo":{"@type":"ImageObject","inLanguage":"fr-CA","@id":"https:\/\/news.canadamotorjobs.com\/#\/schema\/logo\/image\/","url":"https:\/\/news.canadamotorjobs.com\/wp-content\/uploads\/2022\/10\/logo-canada-motor-jobs-1.png","contentUrl":"https:\/\/news.canadamotorjobs.com\/wp-content\/uploads\/2022\/10\/logo-canada-motor-jobs-1.png","width":800,"height":400,"caption":"Canada Motor Jobs"},"image":{"@id":"https:\/\/news.canadamotorjobs.com\/#\/schema\/logo\/image\/"},"sameAs":["https:\/\/www.facebook.com\/canadamotorjobs\/","https:\/\/x.com\/canadamotorjobs","https:\/\/www.instagram.com\/canadamotorjobs\/","https:\/\/www.linkedin.com\/company\/canadamotorjobs"]},{"@type":"Person","@id":"https:\/\/news.canadamotorjobs.com\/#\/schema\/person\/51793d1f87d44011d7bcc2ed99269a90","name":"Benoit Charette","image":{"@type":"ImageObject","inLanguage":"fr-CA","@id":"https:\/\/news.canadamotorjobs.com\/#\/schema\/person\/image\/","url":"https:\/\/secure.gravatar.com\/avatar\/45f3d2eebcccd909668d7ce7ea7267b6?s=96&d=mm&r=g","contentUrl":"https:\/\/secure.gravatar.com\/avatar\/45f3d2eebcccd909668d7ce7ea7267b6?s=96&d=mm&r=g","caption":"Benoit Charette"},"description":"Benoit Charette \/ Propri\u00e9taire et r\u00e9dacteur en chef Benoit Charette pratique le journalisme automobile depuis bient\u00f4t 30 ans. Il a fait ses classes au c\u00f4t\u00e9 de Daniel H\u00e9raud et au Carnet de route de 1992 \u00e0 2001. Il est fondateur, copropri\u00e9taire et r\u00e9dacteur en chef de L\u2019Annuel de l\u2019automobile, qu\u2019il publie depuis 2001. Il a anim\u00e9 les \u00e9missions RPM et RPM+ sur V et les L\u00e9gendes de la route sur Historia. \u00c0 la radio depuis 1986, il reprend l\u2019antenne cette ann\u00e9e sur les ondes de Cogeco et participe pour la deuxi\u00e8me ann\u00e9e \u00e0 l\u2019\u00e9mission Passion Auto sur RDS en plus de mettre en ligne le site Web officiel de L\u2019Annuel de l\u2019automobile sur annuelauto.ca.","sameAs":["https:\/\/annuelauto.ca\/"],"url":"https:\/\/news.canadamotorjobs.com\/fr\/author\/benoit-charette\/"}]}},"_links":{"self":[{"href":"https:\/\/news.canadamotorjobs.com\/fr\/wp-json\/wp\/v2\/posts\/135915"}],"collection":[{"href":"https:\/\/news.canadamotorjobs.com\/fr\/wp-json\/wp\/v2\/posts"}],"about":[{"href":"https:\/\/news.canadamotorjobs.com\/fr\/wp-json\/wp\/v2\/types\/post"}],"author":[{"embeddable":true,"href":"https:\/\/news.canadamotorjobs.com\/fr\/wp-json\/wp\/v2\/users\/8"}],"replies":[{"embeddable":true,"href":"https:\/\/news.canadamotorjobs.com\/fr\/wp-json\/wp\/v2\/comments?post=135915"}],"version-history":[{"count":0,"href":"https:\/\/news.canadamotorjobs.com\/fr\/wp-json\/wp\/v2\/posts\/135915\/revisions"}],"wp:featuredmedia":[{"embeddable":true,"href":"https:\/\/news.canadamotorjobs.com\/fr\/wp-json\/wp\/v2\/media\/135919"}],"wp:attachment":[{"href":"https:\/\/news.canadamotorjobs.com\/fr\/wp-json\/wp\/v2\/media?parent=135915"}],"wp:term":[{"taxonomy":"category","embeddable":true,"href":"https:\/\/news.canadamotorjobs.com\/fr\/wp-json\/wp\/v2\/categories?post=135915"},{"taxonomy":"post_tag","embeddable":true,"href":"https:\/\/news.canadamotorjobs.com\/fr\/wp-json\/wp\/v2\/tags?post=135915"}],"curies":[{"name":"wp","href":"https:\/\/api.w.org\/{rel}","templated":true}]}}