{"id":135903,"date":"2022-10-25T07:24:32","date_gmt":"2022-10-25T11:24:32","guid":{"rendered":"https:\/\/news.canadamotorjobs.com\/chevrolet-ajoute-de-la-puissance-et-du-couple-au-silverado-ev\/"},"modified":"2022-10-25T09:14:48","modified_gmt":"2022-10-25T13:14:48","slug":"chevrolet-ajoute-de-la-puissance-et-du-couple-au-silverado-ev","status":"publish","type":"post","link":"https:\/\/news.canadamotorjobs.com\/fr\/chevrolet-ajoute-de-la-puissance-et-du-couple-au-silverado-ev\/","title":{"rendered":"Chevrolet ajoute de la puissance et du couple au Silverado EV"},"content":{"rendered":"<p>Il semble que Chevrolet ait mis \u00e0 jour les caract\u00e9ristiques techniques de son prochain camion \u00e9lectrique, le Silverado EV, pour qu&#8217;elles correspondent \u00e0 celles du GMC Sierra EV. Lorsqu&#8217;il a \u00e9t\u00e9 r\u00e9v\u00e9l\u00e9 en janvier, Chevrolet a d\u00e9clar\u00e9 que le Silverado EV offrait jusqu&#8217;\u00e0 664 chevaux. Cependant, si vous visitez le site de Chevrolet aujourd\u2019hui, une puissance revendiqu\u00e9e de 754\u00a0ch est affich\u00e9e.<\/p>\n<h3>M\u00eame chose pour le couple<\/h3>\n<p>Le couple de 780 lb.-ft a \u00e9t\u00e9 mis \u00e0 jour \u00e0 785 lb.-ft. Il est int\u00e9ressant de noter que les chiffres de puissance et de couple du Silverado EV ont \u00e9t\u00e9 modifi\u00e9s apr\u00e8s que le GMC Sierra EV a \u00e9t\u00e9 r\u00e9v\u00e9l\u00e9, les deux camions ayant maintenant des statistiques identiques. Ce qui pr\u00e9c\u00e8de ne sera pas une surprise, apr\u00e8s tout, les deux camions partagent un ch\u00e2ssis (et vraisemblablement beaucoup de composants).<\/p>\n<h3>D\u00e9j\u00e0 publicis\u00e9 partout \u00e0 la t\u00e9l\u00e9<\/h3>\n<p>La Silverado EV RST devrait arriver \u00e0 l&#8217;automne 2023, tandis que la Sierra \u00e9lectrique sera lanc\u00e9e en 2024 et sera sans doute un mod\u00e8le 2025 au Canada. Les deux camions revendiquent une autonomie allant jusqu&#8217;\u00e0 640\u00a0km. Une caract\u00e9ristique qui ne correspond pas, du moins pour l&#8217;instant, est la capacit\u00e9 de remorquage maximale. Le Silverado peut tracter jusqu&#8217;\u00e0 10 000 livres, tandis que le Sierra est un peu moins performant avec 9 500 livres. Le prix du Silverado EV va commencer \u00e0 54 398\u00a0$ au Canada alors que le prix du GMC Siarra Ev. Le prix du Siarra sera plus \u00e9lev\u00e9, mais rien n\u2019a encore transpir\u00e9 pour le prix<\/p>\n","protected":false},"excerpt":{"rendered":"<p>Il semble que Chevrolet ait mis \u00e0 jour les caract\u00e9ristiques techniques de son prochain camion \u00e9lectrique, le Silverado EV, pour qu&#8217;elles correspondent \u00e0 celles du GMC Sierra EV. Lorsqu&#8217;il a \u00e9t\u00e9 r\u00e9v\u00e9l\u00e9 en janvier, Chevrolet a d\u00e9clar\u00e9 que le Silverado EV offrait jusqu&#8217;\u00e0 664 chevaux. Cependant, si vous visitez le site de Chevrolet aujourd\u2019hui, une [&hellip;]<\/p>\n","protected":false},"author":8,"featured_media":135907,"comment_status":"close","ping_status":"closed","sticky":false,"template":"","format":"standard","meta":{"_monsterinsights_skip_tracking":false,"_monsterinsights_sitenote_active":false,"_monsterinsights_sitenote_note":"","_monsterinsights_sitenote_category":0,"footnotes":""},"categories":[101],"tags":[],"yoast_head":"<!-- This site is optimized with the Yoast SEO plugin v23.2 - https:\/\/yoast.com\/wordpress\/plugins\/seo\/ -->\n<title>Chevrolet ajoute de la puissance et du couple au Silverado EV - CanadaMotorJobs.com<\/title>\n<meta name=\"description\" content=\"Chevrolet ajoute de la puissance et du couple au Silverado EV - Benoit Charette - Annuel automobile - CanadaMotorJobs.com.\" \/>\n<meta name=\"robots\" content=\"index, follow, max-snippet:-1, max-image-preview:large, max-video-preview:-1\" \/>\n<meta property=\"og:locale\" content=\"fr_CA\" \/>\n<meta property=\"og:type\" content=\"article\" \/>\n<meta property=\"og:title\" content=\"Chevrolet ajoute de la puissance et du couple au Silverado EV - CanadaMotorJobs.com\" \/>\n<meta property=\"og:description\" content=\"Chevrolet ajoute de la puissance et du couple au Silverado EV - Benoit Charette - Annuel automobile - CanadaMotorJobs.com.\" \/>\n<meta property=\"og:url\" content=\"https:\/\/news.canadamotorjobs.com\/fr\/chevrolet-ajoute-de-la-puissance-et-du-couple-au-silverado-ev\/\" \/>\n<meta property=\"og:site_name\" content=\"CanadaMotorJobs.com\" \/>\n<meta property=\"article:publisher\" content=\"https:\/\/www.facebook.com\/canadamotorjobs\/\" \/>\n<meta property=\"article:published_time\" content=\"2022-10-25T11:24:32+00:00\" \/>\n<meta property=\"article:modified_time\" content=\"2022-10-25T13:14:48+00:00\" \/>\n<meta property=\"og:image\" content=\"https:\/\/news.canadamotorjobs.com\/wp-content\/uploads\/2022\/10\/Chevrolet-Silverado-EV-2024-2-1.jpg\" \/>\n\t<meta property=\"og:image:width\" content=\"1920\" \/>\n\t<meta property=\"og:image:height\" content=\"1080\" \/>\n\t<meta property=\"og:image:type\" content=\"image\/jpeg\" \/>\n<meta name=\"author\" content=\"Benoit Charette\" \/>\n<meta name=\"twitter:card\" content=\"summary_large_image\" \/>\n<meta name=\"twitter:creator\" content=\"@canadamotorjobs\" \/>\n<meta name=\"twitter:site\" content=\"@canadamotorjobs\" \/>\n<meta name=\"twitter:label1\" content=\"\u00c9crit par\" \/>\n\t<meta name=\"twitter:data1\" content=\"Benoit Charette\" \/>\n\t<meta name=\"twitter:label2\" content=\"Estimation du temps de lecture\" \/>\n\t<meta name=\"twitter:data2\" content=\"2 minutes\" \/>\n<!-- \/ Yoast SEO plugin. -->","yoast_head_json":{"title":"Chevrolet ajoute de la puissance et du couple au Silverado EV - CanadaMotorJobs.com","description":"Chevrolet ajoute de la puissance et du couple au Silverado EV - Benoit Charette - Annuel automobile - CanadaMotorJobs.com.","robots":{"index":"index","follow":"follow","max-snippet":"max-snippet:-1","max-image-preview":"max-image-preview:large","max-video-preview":"max-video-preview:-1"},"og_locale":"fr_CA","og_type":"article","og_title":"Chevrolet ajoute de la puissance et du couple au Silverado EV - CanadaMotorJobs.com","og_description":"Chevrolet ajoute de la puissance et du couple au Silverado EV - Benoit Charette - Annuel automobile - CanadaMotorJobs.com.","og_url":"https:\/\/news.canadamotorjobs.com\/fr\/chevrolet-ajoute-de-la-puissance-et-du-couple-au-silverado-ev\/","og_site_name":"CanadaMotorJobs.com","article_publisher":"https:\/\/www.facebook.com\/canadamotorjobs\/","article_published_time":"2022-10-25T11:24:32+00:00","article_modified_time":"2022-10-25T13:14:48+00:00","og_image":[{"width":1920,"height":1080,"url":"https:\/\/news.canadamotorjobs.com\/wp-content\/uploads\/2022\/10\/Chevrolet-Silverado-EV-2024-2-1.jpg","type":"image\/jpeg"}],"author":"Benoit Charette","twitter_card":"summary_large_image","twitter_creator":"@canadamotorjobs","twitter_site":"@canadamotorjobs","twitter_misc":{"\u00c9crit par":"Benoit Charette","Estimation du temps de lecture":"2 minutes"},"schema":{"@context":"https:\/\/schema.org","@graph":[{"@type":"Article","@id":"https:\/\/news.canadamotorjobs.com\/fr\/chevrolet-ajoute-de-la-puissance-et-du-couple-au-silverado-ev\/#article","isPartOf":{"@id":"https:\/\/news.canadamotorjobs.com\/fr\/chevrolet-ajoute-de-la-puissance-et-du-couple-au-silverado-ev\/"},"author":{"name":"Benoit Charette","@id":"https:\/\/news.canadamotorjobs.com\/#\/schema\/person\/51793d1f87d44011d7bcc2ed99269a90"},"headline":"Chevrolet ajoute de la puissance et du couple au Silverado EV","datePublished":"2022-10-25T11:24:32+00:00","dateModified":"2022-10-25T13:14:48+00:00","mainEntityOfPage":{"@id":"https:\/\/news.canadamotorjobs.com\/fr\/chevrolet-ajoute-de-la-puissance-et-du-couple-au-silverado-ev\/"},"wordCount":271,"publisher":{"@id":"https:\/\/news.canadamotorjobs.com\/#organization"},"image":{"@id":"https:\/\/news.canadamotorjobs.com\/fr\/chevrolet-ajoute-de-la-puissance-et-du-couple-au-silverado-ev\/#primaryimage"},"thumbnailUrl":"https:\/\/news.canadamotorjobs.com\/wp-content\/uploads\/2022\/10\/Chevrolet-Silverado-EV-2024-2-1.jpg","articleSection":["Annuel automobile"],"inLanguage":"fr-CA"},{"@type":"WebPage","@id":"https:\/\/news.canadamotorjobs.com\/fr\/chevrolet-ajoute-de-la-puissance-et-du-couple-au-silverado-ev\/","url":"https:\/\/news.canadamotorjobs.com\/fr\/chevrolet-ajoute-de-la-puissance-et-du-couple-au-silverado-ev\/","name":"Chevrolet ajoute de la puissance et du couple au Silverado EV - CanadaMotorJobs.com","isPartOf":{"@id":"https:\/\/news.canadamotorjobs.com\/#website"},"primaryImageOfPage":{"@id":"https:\/\/news.canadamotorjobs.com\/fr\/chevrolet-ajoute-de-la-puissance-et-du-couple-au-silverado-ev\/#primaryimage"},"image":{"@id":"https:\/\/news.canadamotorjobs.com\/fr\/chevrolet-ajoute-de-la-puissance-et-du-couple-au-silverado-ev\/#primaryimage"},"thumbnailUrl":"https:\/\/news.canadamotorjobs.com\/wp-content\/uploads\/2022\/10\/Chevrolet-Silverado-EV-2024-2-1.jpg","datePublished":"2022-10-25T11:24:32+00:00","dateModified":"2022-10-25T13:14:48+00:00","description":"Chevrolet ajoute de la puissance et du couple au Silverado EV - Benoit Charette - Annuel automobile - CanadaMotorJobs.com.","breadcrumb":{"@id":"https:\/\/news.canadamotorjobs.com\/fr\/chevrolet-ajoute-de-la-puissance-et-du-couple-au-silverado-ev\/#breadcrumb"},"inLanguage":"fr-CA","potentialAction":[{"@type":"ReadAction","target":["https:\/\/news.canadamotorjobs.com\/fr\/chevrolet-ajoute-de-la-puissance-et-du-couple-au-silverado-ev\/"]}]},{"@type":"ImageObject","inLanguage":"fr-CA","@id":"https:\/\/news.canadamotorjobs.com\/fr\/chevrolet-ajoute-de-la-puissance-et-du-couple-au-silverado-ev\/#primaryimage","url":"https:\/\/news.canadamotorjobs.com\/wp-content\/uploads\/2022\/10\/Chevrolet-Silverado-EV-2024-2-1.jpg","contentUrl":"https:\/\/news.canadamotorjobs.com\/wp-content\/uploads\/2022\/10\/Chevrolet-Silverado-EV-2024-2-1.jpg","width":1920,"height":1080},{"@type":"BreadcrumbList","@id":"https:\/\/news.canadamotorjobs.com\/fr\/chevrolet-ajoute-de-la-puissance-et-du-couple-au-silverado-ev\/#breadcrumb","itemListElement":[{"@type":"ListItem","position":1,"name":"Home","item":"https:\/\/news.canadamotorjobs.com\/fr\/blog\/"},{"@type":"ListItem","position":2,"name":"Chevrolet ajoute de la puissance et du couple au Silverado EV"}]},{"@type":"WebSite","@id":"https:\/\/news.canadamotorjobs.com\/#website","url":"https:\/\/news.canadamotorjobs.com\/","name":"CanadaMotorJobs.com","description":"Automotive Jobs","publisher":{"@id":"https:\/\/news.canadamotorjobs.com\/#organization"},"potentialAction":[{"@type":"SearchAction","target":{"@type":"EntryPoint","urlTemplate":"https:\/\/news.canadamotorjobs.com\/?s={search_term_string}"},"query-input":"required name=search_term_string"}],"inLanguage":"fr-CA"},{"@type":"Organization","@id":"https:\/\/news.canadamotorjobs.com\/#organization","name":"Canada Motor Jobs","url":"https:\/\/news.canadamotorjobs.com\/","logo":{"@type":"ImageObject","inLanguage":"fr-CA","@id":"https:\/\/news.canadamotorjobs.com\/#\/schema\/logo\/image\/","url":"https:\/\/news.canadamotorjobs.com\/wp-content\/uploads\/2022\/10\/logo-canada-motor-jobs-1.png","contentUrl":"https:\/\/news.canadamotorjobs.com\/wp-content\/uploads\/2022\/10\/logo-canada-motor-jobs-1.png","width":800,"height":400,"caption":"Canada Motor Jobs"},"image":{"@id":"https:\/\/news.canadamotorjobs.com\/#\/schema\/logo\/image\/"},"sameAs":["https:\/\/www.facebook.com\/canadamotorjobs\/","https:\/\/x.com\/canadamotorjobs","https:\/\/www.instagram.com\/canadamotorjobs\/","https:\/\/www.linkedin.com\/company\/canadamotorjobs"]},{"@type":"Person","@id":"https:\/\/news.canadamotorjobs.com\/#\/schema\/person\/51793d1f87d44011d7bcc2ed99269a90","name":"Benoit Charette","image":{"@type":"ImageObject","inLanguage":"fr-CA","@id":"https:\/\/news.canadamotorjobs.com\/#\/schema\/person\/image\/","url":"https:\/\/secure.gravatar.com\/avatar\/45f3d2eebcccd909668d7ce7ea7267b6?s=96&d=mm&r=g","contentUrl":"https:\/\/secure.gravatar.com\/avatar\/45f3d2eebcccd909668d7ce7ea7267b6?s=96&d=mm&r=g","caption":"Benoit Charette"},"description":"Benoit Charette \/ Propri\u00e9taire et r\u00e9dacteur en chef Benoit Charette pratique le journalisme automobile depuis bient\u00f4t 30 ans. Il a fait ses classes au c\u00f4t\u00e9 de Daniel H\u00e9raud et au Carnet de route de 1992 \u00e0 2001. Il est fondateur, copropri\u00e9taire et r\u00e9dacteur en chef de L\u2019Annuel de l\u2019automobile, qu\u2019il publie depuis 2001. Il a anim\u00e9 les \u00e9missions RPM et RPM+ sur V et les L\u00e9gendes de la route sur Historia. \u00c0 la radio depuis 1986, il reprend l\u2019antenne cette ann\u00e9e sur les ondes de Cogeco et participe pour la deuxi\u00e8me ann\u00e9e \u00e0 l\u2019\u00e9mission Passion Auto sur RDS en plus de mettre en ligne le site Web officiel de L\u2019Annuel de l\u2019automobile sur annuelauto.ca.","sameAs":["https:\/\/annuelauto.ca\/"],"url":"https:\/\/news.canadamotorjobs.com\/fr\/author\/benoit-charette\/"}]}},"_links":{"self":[{"href":"https:\/\/news.canadamotorjobs.com\/fr\/wp-json\/wp\/v2\/posts\/135903"}],"collection":[{"href":"https:\/\/news.canadamotorjobs.com\/fr\/wp-json\/wp\/v2\/posts"}],"about":[{"href":"https:\/\/news.canadamotorjobs.com\/fr\/wp-json\/wp\/v2\/types\/post"}],"author":[{"embeddable":true,"href":"https:\/\/news.canadamotorjobs.com\/fr\/wp-json\/wp\/v2\/users\/8"}],"replies":[{"embeddable":true,"href":"https:\/\/news.canadamotorjobs.com\/fr\/wp-json\/wp\/v2\/comments?post=135903"}],"version-history":[{"count":0,"href":"https:\/\/news.canadamotorjobs.com\/fr\/wp-json\/wp\/v2\/posts\/135903\/revisions"}],"wp:featuredmedia":[{"embeddable":true,"href":"https:\/\/news.canadamotorjobs.com\/fr\/wp-json\/wp\/v2\/media\/135907"}],"wp:attachment":[{"href":"https:\/\/news.canadamotorjobs.com\/fr\/wp-json\/wp\/v2\/media?parent=135903"}],"wp:term":[{"taxonomy":"category","embeddable":true,"href":"https:\/\/news.canadamotorjobs.com\/fr\/wp-json\/wp\/v2\/categories?post=135903"},{"taxonomy":"post_tag","embeddable":true,"href":"https:\/\/news.canadamotorjobs.com\/fr\/wp-json\/wp\/v2\/tags?post=135903"}],"curies":[{"name":"wp","href":"https:\/\/api.w.org\/{rel}","templated":true}]}}