{"id":135895,"date":"2022-10-25T06:46:34","date_gmt":"2022-10-25T10:46:34","guid":{"rendered":"https:\/\/news.canadamotorjobs.com\/toyota-va-remplacer-les-cables-defectueux-sur-les-rav4-hybride-et-prime-et-ouvre-une-enquete\/"},"modified":"2022-10-25T09:32:41","modified_gmt":"2022-10-25T13:32:41","slug":"toyota-va-remplacer-les-cables-defectueux-sur-les-rav4-hybride-et-prime-et-ouvre-une-enquete","status":"publish","type":"post","link":"https:\/\/news.canadamotorjobs.com\/fr\/toyota-va-remplacer-les-cables-defectueux-sur-les-rav4-hybride-et-prime-et-ouvre-une-enquete\/","title":{"rendered":"Toyota va remplacer les c\u00e2bles d\u00e9fectueux sur les RAV4 hybride et Prime et ouvre une enqu\u00eate"},"content":{"rendered":"<p>Voil\u00e0 la r\u00e9ponse qu\u2019attendaient depuis longtemps les propri\u00e9taires de RAV4 hybride. Depuis quelques jours, les concessionnaires Toyota sont autoris\u00e9s \u00e0 remplacer, sans frais, le c\u00e2ble d\u2019alimentation du moteur arri\u00e8re des RAV4 Hybride et Prime, m\u00eame pour les clients qui ont accept\u00e9 de contribuer financi\u00e8rement \u00e0 la r\u00e9paration et attendent la pi\u00e8ce. Une note qui se monte \u00e0 5 000 ou 6 000 $. Les concessionnaires ont d\u2019ailleurs commenc\u00e9 \u00e0 contacter les clients. Les frais de 500 \u00e0 2 000 $ qui \u00e9taient exig\u00e9 pour la r\u00e9paration n\u2019existe plus.<\/p>\n<h3>La r\u00e9paration n\u2019est pas gratuite pour tout le monde<\/h3>\n<p>La r\u00e9paration sans frais ne touche que les RAV4 avec un t\u00e9moin d\u2019avertissement allum\u00e9 au tableau de bord. Les clients qui entendent des interf\u00e9rences sur la bande radio AM (un signe que le connecteur se corrode), ou qui souhaitent remplacer le c\u00e2ble apr\u00e8s une inspection visuelle qui r\u00e9v\u00e8le de la corrosion, ne sont pas \u00e9ligibles. Ces clients peuvent soit attendre que le probl\u00e8me s\u2019aggrave et d\u00e9clenche l\u2019avertissement au tableau de bord, soit payer eux-m\u00eames la r\u00e9paration par mesure de pr\u00e9caution.<\/p>\n<h3>Inclure le c\u00e2ble d\u2019alimentation dans la garantie de la batterie<\/h3>\n<p>Nous souhaitons maintenant que Toyota puisse inclure le c\u00e2ble d\u2019alimentation \u00e9lectrique dans la garantie de 8 ans ou 160\u00a0000 km qui couvre d\u00e9j\u00e0 la batterie et trouvez des c\u00e2bles qui co\u00fbtent moins cher dans le cas o\u00f9 ces derniers font d\u00e9faut.<\/p>\n<p>Avec des renseignements de Prot\u00e9gez-vous<\/p>\n<p>Le texte <a href=\"https:\/\/annuelauto.ca\/toyota-va-remplacer-les-cables-defectueux-sur-les-rav4-hybride-et-prime-et-ouvre-une-enquete\/\" rel=\"nofollow\">Toyota va remplacer les c\u00e2bles d\u00e9fectueux sur les RAV4 hybride et Prime et<\/a><\/p>\n","protected":false},"excerpt":{"rendered":"<p>Voil\u00e0 la r\u00e9ponse qu\u2019attendaient depuis longtemps les propri\u00e9taires de RAV4 hybride. Depuis quelques jours, les concessionnaires Toyota sont autoris\u00e9s \u00e0 remplacer, sans frais, le c\u00e2ble d\u2019alimentation du moteur arri\u00e8re des RAV4 Hybride et Prime, m\u00eame pour les clients qui ont accept\u00e9 de contribuer financi\u00e8rement \u00e0 la r\u00e9paration et attendent la pi\u00e8ce. Une note qui se [&hellip;]<\/p>\n","protected":false},"author":8,"featured_media":135899,"comment_status":"close","ping_status":"closed","sticky":false,"template":"","format":"standard","meta":{"_monsterinsights_skip_tracking":false,"_monsterinsights_sitenote_active":false,"_monsterinsights_sitenote_note":"","_monsterinsights_sitenote_category":0,"footnotes":""},"categories":[101],"tags":[],"yoast_head":"<!-- This site is optimized with the Yoast SEO plugin v23.2 - https:\/\/yoast.com\/wordpress\/plugins\/seo\/ -->\n<title>Toyota va remplacer les c\u00e2bles d\u00e9fectueux sur les RAV4 hybride et Prime et ouvre une enqu\u00eate - CanadaMotorJobs.com<\/title>\n<meta name=\"description\" content=\"Toyota va remplacer les c\u00e2bles d\u00e9fectueux sur les RAV4 hybride et Prime et ouvre une enqu\u00eate - Benoit Charette - Annuel automobile - CanadaMotorJobs.com.\" \/>\n<meta name=\"robots\" content=\"index, follow, max-snippet:-1, max-image-preview:large, max-video-preview:-1\" \/>\n<meta property=\"og:locale\" content=\"fr_CA\" \/>\n<meta property=\"og:type\" content=\"article\" \/>\n<meta property=\"og:title\" content=\"Toyota va remplacer les c\u00e2bles d\u00e9fectueux sur les RAV4 hybride et Prime et ouvre une enqu\u00eate - CanadaMotorJobs.com\" \/>\n<meta property=\"og:description\" content=\"Toyota va remplacer les c\u00e2bles d\u00e9fectueux sur les RAV4 hybride et Prime et ouvre une enqu\u00eate - Benoit Charette - Annuel automobile - CanadaMotorJobs.com.\" \/>\n<meta property=\"og:url\" content=\"https:\/\/news.canadamotorjobs.com\/fr\/toyota-va-remplacer-les-cables-defectueux-sur-les-rav4-hybride-et-prime-et-ouvre-une-enquete\/\" \/>\n<meta property=\"og:site_name\" content=\"CanadaMotorJobs.com\" \/>\n<meta property=\"article:publisher\" content=\"https:\/\/www.facebook.com\/canadamotorjobs\/\" \/>\n<meta property=\"article:published_time\" content=\"2022-10-25T10:46:34+00:00\" \/>\n<meta property=\"article:modified_time\" content=\"2022-10-25T13:32:41+00:00\" \/>\n<meta property=\"og:image\" content=\"https:\/\/news.canadamotorjobs.com\/wp-content\/uploads\/2022\/10\/longueuil-toyota-rav4-prime-2021-prix-fiche1602895851017-1.jpg\" \/>\n\t<meta property=\"og:image:width\" content=\"1800\" \/>\n\t<meta property=\"og:image:height\" content=\"1200\" \/>\n\t<meta property=\"og:image:type\" content=\"image\/jpeg\" \/>\n<meta name=\"author\" content=\"Benoit Charette\" \/>\n<meta name=\"twitter:card\" content=\"summary_large_image\" \/>\n<meta name=\"twitter:creator\" content=\"@canadamotorjobs\" \/>\n<meta name=\"twitter:site\" content=\"@canadamotorjobs\" \/>\n<meta name=\"twitter:label1\" content=\"\u00c9crit par\" \/>\n\t<meta name=\"twitter:data1\" content=\"Benoit Charette\" \/>\n\t<meta name=\"twitter:label2\" content=\"Estimation du temps de lecture\" \/>\n\t<meta name=\"twitter:data2\" content=\"2 minutes\" \/>\n<!-- \/ Yoast SEO plugin. -->","yoast_head_json":{"title":"Toyota va remplacer les c\u00e2bles d\u00e9fectueux sur les RAV4 hybride et Prime et ouvre une enqu\u00eate - CanadaMotorJobs.com","description":"Toyota va remplacer les c\u00e2bles d\u00e9fectueux sur les RAV4 hybride et Prime et ouvre une enqu\u00eate - Benoit Charette - Annuel automobile - CanadaMotorJobs.com.","robots":{"index":"index","follow":"follow","max-snippet":"max-snippet:-1","max-image-preview":"max-image-preview:large","max-video-preview":"max-video-preview:-1"},"og_locale":"fr_CA","og_type":"article","og_title":"Toyota va remplacer les c\u00e2bles d\u00e9fectueux sur les RAV4 hybride et Prime et ouvre une enqu\u00eate - CanadaMotorJobs.com","og_description":"Toyota va remplacer les c\u00e2bles d\u00e9fectueux sur les RAV4 hybride et Prime et ouvre une enqu\u00eate - Benoit Charette - Annuel automobile - CanadaMotorJobs.com.","og_url":"https:\/\/news.canadamotorjobs.com\/fr\/toyota-va-remplacer-les-cables-defectueux-sur-les-rav4-hybride-et-prime-et-ouvre-une-enquete\/","og_site_name":"CanadaMotorJobs.com","article_publisher":"https:\/\/www.facebook.com\/canadamotorjobs\/","article_published_time":"2022-10-25T10:46:34+00:00","article_modified_time":"2022-10-25T13:32:41+00:00","og_image":[{"width":1800,"height":1200,"url":"https:\/\/news.canadamotorjobs.com\/wp-content\/uploads\/2022\/10\/longueuil-toyota-rav4-prime-2021-prix-fiche1602895851017-1.jpg","type":"image\/jpeg"}],"author":"Benoit Charette","twitter_card":"summary_large_image","twitter_creator":"@canadamotorjobs","twitter_site":"@canadamotorjobs","twitter_misc":{"\u00c9crit par":"Benoit Charette","Estimation du temps de lecture":"2 minutes"},"schema":{"@context":"https:\/\/schema.org","@graph":[{"@type":"Article","@id":"https:\/\/news.canadamotorjobs.com\/fr\/toyota-va-remplacer-les-cables-defectueux-sur-les-rav4-hybride-et-prime-et-ouvre-une-enquete\/#article","isPartOf":{"@id":"https:\/\/news.canadamotorjobs.com\/fr\/toyota-va-remplacer-les-cables-defectueux-sur-les-rav4-hybride-et-prime-et-ouvre-une-enquete\/"},"author":{"name":"Benoit Charette","@id":"https:\/\/news.canadamotorjobs.com\/#\/schema\/person\/51793d1f87d44011d7bcc2ed99269a90"},"headline":"Toyota va remplacer les c\u00e2bles d\u00e9fectueux sur les RAV4 hybride et Prime et ouvre une enqu\u00eate","datePublished":"2022-10-25T10:46:34+00:00","dateModified":"2022-10-25T13:32:41+00:00","mainEntityOfPage":{"@id":"https:\/\/news.canadamotorjobs.com\/fr\/toyota-va-remplacer-les-cables-defectueux-sur-les-rav4-hybride-et-prime-et-ouvre-une-enquete\/"},"wordCount":293,"publisher":{"@id":"https:\/\/news.canadamotorjobs.com\/#organization"},"image":{"@id":"https:\/\/news.canadamotorjobs.com\/fr\/toyota-va-remplacer-les-cables-defectueux-sur-les-rav4-hybride-et-prime-et-ouvre-une-enquete\/#primaryimage"},"thumbnailUrl":"https:\/\/news.canadamotorjobs.com\/wp-content\/uploads\/2022\/10\/longueuil-toyota-rav4-prime-2021-prix-fiche1602895851017-1.jpg","articleSection":["Annuel automobile"],"inLanguage":"fr-CA"},{"@type":"WebPage","@id":"https:\/\/news.canadamotorjobs.com\/fr\/toyota-va-remplacer-les-cables-defectueux-sur-les-rav4-hybride-et-prime-et-ouvre-une-enquete\/","url":"https:\/\/news.canadamotorjobs.com\/fr\/toyota-va-remplacer-les-cables-defectueux-sur-les-rav4-hybride-et-prime-et-ouvre-une-enquete\/","name":"Toyota va remplacer les c\u00e2bles d\u00e9fectueux sur les RAV4 hybride et Prime et ouvre une enqu\u00eate - CanadaMotorJobs.com","isPartOf":{"@id":"https:\/\/news.canadamotorjobs.com\/#website"},"primaryImageOfPage":{"@id":"https:\/\/news.canadamotorjobs.com\/fr\/toyota-va-remplacer-les-cables-defectueux-sur-les-rav4-hybride-et-prime-et-ouvre-une-enquete\/#primaryimage"},"image":{"@id":"https:\/\/news.canadamotorjobs.com\/fr\/toyota-va-remplacer-les-cables-defectueux-sur-les-rav4-hybride-et-prime-et-ouvre-une-enquete\/#primaryimage"},"thumbnailUrl":"https:\/\/news.canadamotorjobs.com\/wp-content\/uploads\/2022\/10\/longueuil-toyota-rav4-prime-2021-prix-fiche1602895851017-1.jpg","datePublished":"2022-10-25T10:46:34+00:00","dateModified":"2022-10-25T13:32:41+00:00","description":"Toyota va remplacer les c\u00e2bles d\u00e9fectueux sur les RAV4 hybride et Prime et ouvre une enqu\u00eate - Benoit Charette - Annuel automobile - CanadaMotorJobs.com.","breadcrumb":{"@id":"https:\/\/news.canadamotorjobs.com\/fr\/toyota-va-remplacer-les-cables-defectueux-sur-les-rav4-hybride-et-prime-et-ouvre-une-enquete\/#breadcrumb"},"inLanguage":"fr-CA","potentialAction":[{"@type":"ReadAction","target":["https:\/\/news.canadamotorjobs.com\/fr\/toyota-va-remplacer-les-cables-defectueux-sur-les-rav4-hybride-et-prime-et-ouvre-une-enquete\/"]}]},{"@type":"ImageObject","inLanguage":"fr-CA","@id":"https:\/\/news.canadamotorjobs.com\/fr\/toyota-va-remplacer-les-cables-defectueux-sur-les-rav4-hybride-et-prime-et-ouvre-une-enquete\/#primaryimage","url":"https:\/\/news.canadamotorjobs.com\/wp-content\/uploads\/2022\/10\/longueuil-toyota-rav4-prime-2021-prix-fiche1602895851017-1.jpg","contentUrl":"https:\/\/news.canadamotorjobs.com\/wp-content\/uploads\/2022\/10\/longueuil-toyota-rav4-prime-2021-prix-fiche1602895851017-1.jpg","width":1800,"height":1200},{"@type":"BreadcrumbList","@id":"https:\/\/news.canadamotorjobs.com\/fr\/toyota-va-remplacer-les-cables-defectueux-sur-les-rav4-hybride-et-prime-et-ouvre-une-enquete\/#breadcrumb","itemListElement":[{"@type":"ListItem","position":1,"name":"Home","item":"https:\/\/news.canadamotorjobs.com\/fr\/blog\/"},{"@type":"ListItem","position":2,"name":"Toyota va remplacer les c\u00e2bles d\u00e9fectueux sur les RAV4 hybride et Prime et ouvre une enqu\u00eate"}]},{"@type":"WebSite","@id":"https:\/\/news.canadamotorjobs.com\/#website","url":"https:\/\/news.canadamotorjobs.com\/","name":"CanadaMotorJobs.com","description":"Automotive Jobs","publisher":{"@id":"https:\/\/news.canadamotorjobs.com\/#organization"},"potentialAction":[{"@type":"SearchAction","target":{"@type":"EntryPoint","urlTemplate":"https:\/\/news.canadamotorjobs.com\/?s={search_term_string}"},"query-input":"required name=search_term_string"}],"inLanguage":"fr-CA"},{"@type":"Organization","@id":"https:\/\/news.canadamotorjobs.com\/#organization","name":"Canada Motor Jobs","url":"https:\/\/news.canadamotorjobs.com\/","logo":{"@type":"ImageObject","inLanguage":"fr-CA","@id":"https:\/\/news.canadamotorjobs.com\/#\/schema\/logo\/image\/","url":"https:\/\/news.canadamotorjobs.com\/wp-content\/uploads\/2022\/10\/logo-canada-motor-jobs-1.png","contentUrl":"https:\/\/news.canadamotorjobs.com\/wp-content\/uploads\/2022\/10\/logo-canada-motor-jobs-1.png","width":800,"height":400,"caption":"Canada Motor Jobs"},"image":{"@id":"https:\/\/news.canadamotorjobs.com\/#\/schema\/logo\/image\/"},"sameAs":["https:\/\/www.facebook.com\/canadamotorjobs\/","https:\/\/x.com\/canadamotorjobs","https:\/\/www.instagram.com\/canadamotorjobs\/","https:\/\/www.linkedin.com\/company\/canadamotorjobs"]},{"@type":"Person","@id":"https:\/\/news.canadamotorjobs.com\/#\/schema\/person\/51793d1f87d44011d7bcc2ed99269a90","name":"Benoit Charette","image":{"@type":"ImageObject","inLanguage":"fr-CA","@id":"https:\/\/news.canadamotorjobs.com\/#\/schema\/person\/image\/","url":"https:\/\/secure.gravatar.com\/avatar\/45f3d2eebcccd909668d7ce7ea7267b6?s=96&d=mm&r=g","contentUrl":"https:\/\/secure.gravatar.com\/avatar\/45f3d2eebcccd909668d7ce7ea7267b6?s=96&d=mm&r=g","caption":"Benoit Charette"},"description":"Benoit Charette \/ Propri\u00e9taire et r\u00e9dacteur en chef Benoit Charette pratique le journalisme automobile depuis bient\u00f4t 30 ans. Il a fait ses classes au c\u00f4t\u00e9 de Daniel H\u00e9raud et au Carnet de route de 1992 \u00e0 2001. Il est fondateur, copropri\u00e9taire et r\u00e9dacteur en chef de L\u2019Annuel de l\u2019automobile, qu\u2019il publie depuis 2001. Il a anim\u00e9 les \u00e9missions RPM et RPM+ sur V et les L\u00e9gendes de la route sur Historia. \u00c0 la radio depuis 1986, il reprend l\u2019antenne cette ann\u00e9e sur les ondes de Cogeco et participe pour la deuxi\u00e8me ann\u00e9e \u00e0 l\u2019\u00e9mission Passion Auto sur RDS en plus de mettre en ligne le site Web officiel de L\u2019Annuel de l\u2019automobile sur annuelauto.ca.","sameAs":["https:\/\/annuelauto.ca\/"],"url":"https:\/\/news.canadamotorjobs.com\/fr\/author\/benoit-charette\/"}]}},"_links":{"self":[{"href":"https:\/\/news.canadamotorjobs.com\/fr\/wp-json\/wp\/v2\/posts\/135895"}],"collection":[{"href":"https:\/\/news.canadamotorjobs.com\/fr\/wp-json\/wp\/v2\/posts"}],"about":[{"href":"https:\/\/news.canadamotorjobs.com\/fr\/wp-json\/wp\/v2\/types\/post"}],"author":[{"embeddable":true,"href":"https:\/\/news.canadamotorjobs.com\/fr\/wp-json\/wp\/v2\/users\/8"}],"replies":[{"embeddable":true,"href":"https:\/\/news.canadamotorjobs.com\/fr\/wp-json\/wp\/v2\/comments?post=135895"}],"version-history":[{"count":0,"href":"https:\/\/news.canadamotorjobs.com\/fr\/wp-json\/wp\/v2\/posts\/135895\/revisions"}],"wp:featuredmedia":[{"embeddable":true,"href":"https:\/\/news.canadamotorjobs.com\/fr\/wp-json\/wp\/v2\/media\/135899"}],"wp:attachment":[{"href":"https:\/\/news.canadamotorjobs.com\/fr\/wp-json\/wp\/v2\/media?parent=135895"}],"wp:term":[{"taxonomy":"category","embeddable":true,"href":"https:\/\/news.canadamotorjobs.com\/fr\/wp-json\/wp\/v2\/categories?post=135895"},{"taxonomy":"post_tag","embeddable":true,"href":"https:\/\/news.canadamotorjobs.com\/fr\/wp-json\/wp\/v2\/tags?post=135895"}],"curies":[{"name":"wp","href":"https:\/\/api.w.org\/{rel}","templated":true}]}}