{"id":135886,"date":"2022-10-24T15:08:17","date_gmt":"2022-10-24T19:08:17","guid":{"rendered":"https:\/\/news.canadamotorjobs.com\/toyota-veut-redemarrer-son-programme-de-vehicule-electrique\/"},"modified":"2022-10-24T15:22:31","modified_gmt":"2022-10-24T19:22:31","slug":"toyota-veut-redemarrer-son-programme-de-vehicule-electrique","status":"publish","type":"post","link":"https:\/\/news.canadamotorjobs.com\/fr\/toyota-veut-redemarrer-son-programme-de-vehicule-electrique\/","title":{"rendered":"Toyota veut red\u00e9marrer son programme de v\u00e9hicule \u00e9lectrique"},"content":{"rendered":"<p>Consid\u00e9rant l\u2019ampleur du faux d\u00e9part qu\u2019a connu la marque avec le lancement rat\u00e9 du bz4X, nous serions menteurs de vous dire que nous sommes surpris. Mais, la nouvelle va plus loin. Toyota aurait interrompu certains travaux sur des projets de V\u00c9 existants et la compagnie se pr\u00e9pare \u00e0 d\u00e9ployer pas moins de 38 milliards de dollars am\u00e9ricains pour remettre la fili\u00e8re \u00e9lectrique sur les rails. C\u2019est un revirement majeur pour le g\u00e9ant japonais.<\/p>\n<h3>Tout est remis en question<\/h3>\n<p>Un groupe de travail au sein de Toyota a \u00e9t\u00e9 charg\u00e9 de pr\u00e9senter, d&#8217;ici le d\u00e9but de l&#8217;ann\u00e9e prochaine, des plans d&#8217;am\u00e9lioration de sa plate-forme EV existante ou d&#8217;une nouvelle architecture, ont d\u00e9clar\u00e9 les quatre personnes de Toyota. Dans l&#8217;intervalle, Toyota a suspendu les travaux sur certains des 30 projets de V\u00c9 annonc\u00e9s en d\u00e9cembre dernier, qui, selon les sources et un document examin\u00e9 par Reuters, comprennent le multisegment Toyota Compact Cruiser et la Crown \u00e9lectrique.<\/p>\n<h3>Reculer pour mieux se relancer<\/h3>\n<p>Cette refonte va paralyser pour un certain temps les projets de Toyota. Toutefois, cette remise en question et un plan plus agressif donnent une chance \u00e0 Toyota de rivaliser avec un processus de fabrication plus efficace et feront plaisir \u00e0 tous ceux qui ont mentionn\u00e9 que Toyota \u00e9tait trop lent dans son approche de l\u2019\u00e9lectrification. Dans le cadre de cette r\u00e9vision, Toyota envisage un successeur \u00e0 sa technologie sous-jacente aux V\u00c9, appel\u00e9e e-TNGA, d\u00e9voil\u00e9e en 2019. Cela permettrait \u00e0 Toyota de r\u00e9duire les co\u00fbts, selon les personnes interrog\u00e9es.<\/p>\n","protected":false},"excerpt":{"rendered":"<p>Consid\u00e9rant l\u2019ampleur du faux d\u00e9part qu\u2019a connu la marque avec le lancement rat\u00e9 du bz4X, nous serions menteurs de vous dire que nous sommes surpris. Mais, la nouvelle va plus loin. Toyota aurait interrompu certains travaux sur des projets de V\u00c9 existants et la compagnie se pr\u00e9pare \u00e0 d\u00e9ployer pas moins de 38 milliards de [&hellip;]<\/p>\n","protected":false},"author":8,"featured_media":135890,"comment_status":"close","ping_status":"closed","sticky":false,"template":"","format":"standard","meta":{"_monsterinsights_skip_tracking":false,"_monsterinsights_sitenote_active":false,"_monsterinsights_sitenote_note":"","_monsterinsights_sitenote_category":0,"footnotes":""},"categories":[101],"tags":[],"yoast_head":"<!-- This site is optimized with the Yoast SEO plugin v23.2 - https:\/\/yoast.com\/wordpress\/plugins\/seo\/ -->\n<title>Toyota veut red\u00e9marrer son programme de v\u00e9hicule \u00e9lectrique - CanadaMotorJobs.com<\/title>\n<meta name=\"description\" content=\"Toyota veut red\u00e9marrer son programme de v\u00e9hicule \u00e9lectrique - Benoit Charette - Annuel automobile - CanadaMotorJobs.com.\" \/>\n<meta name=\"robots\" content=\"index, follow, max-snippet:-1, max-image-preview:large, max-video-preview:-1\" \/>\n<meta property=\"og:locale\" content=\"fr_CA\" \/>\n<meta property=\"og:type\" content=\"article\" \/>\n<meta property=\"og:title\" content=\"Toyota veut red\u00e9marrer son programme de v\u00e9hicule \u00e9lectrique - CanadaMotorJobs.com\" \/>\n<meta property=\"og:description\" content=\"Toyota veut red\u00e9marrer son programme de v\u00e9hicule \u00e9lectrique - Benoit Charette - Annuel automobile - CanadaMotorJobs.com.\" \/>\n<meta property=\"og:url\" content=\"https:\/\/news.canadamotorjobs.com\/fr\/toyota-veut-redemarrer-son-programme-de-vehicule-electrique\/\" \/>\n<meta property=\"og:site_name\" content=\"CanadaMotorJobs.com\" \/>\n<meta property=\"article:publisher\" content=\"https:\/\/www.facebook.com\/canadamotorjobs\/\" \/>\n<meta property=\"article:published_time\" content=\"2022-10-24T19:08:17+00:00\" \/>\n<meta property=\"article:modified_time\" content=\"2022-10-24T19:22:31+00:00\" \/>\n<meta property=\"og:image\" content=\"https:\/\/news.canadamotorjobs.com\/wp-content\/uploads\/2022\/10\/2023_bZ4X_XLE_FWD_WindChillPearl_001-1.jpg\" \/>\n\t<meta property=\"og:image:width\" content=\"2500\" \/>\n\t<meta property=\"og:image:height\" content=\"1655\" \/>\n\t<meta property=\"og:image:type\" content=\"image\/jpeg\" \/>\n<meta name=\"author\" content=\"Benoit Charette\" \/>\n<meta name=\"twitter:card\" content=\"summary_large_image\" \/>\n<meta name=\"twitter:creator\" content=\"@canadamotorjobs\" \/>\n<meta name=\"twitter:site\" content=\"@canadamotorjobs\" \/>\n<meta name=\"twitter:label1\" content=\"\u00c9crit par\" \/>\n\t<meta name=\"twitter:data1\" content=\"Benoit Charette\" \/>\n\t<meta name=\"twitter:label2\" content=\"Estimation du temps de lecture\" \/>\n\t<meta name=\"twitter:data2\" content=\"2 minutes\" \/>\n<!-- \/ Yoast SEO plugin. -->","yoast_head_json":{"title":"Toyota veut red\u00e9marrer son programme de v\u00e9hicule \u00e9lectrique - CanadaMotorJobs.com","description":"Toyota veut red\u00e9marrer son programme de v\u00e9hicule \u00e9lectrique - Benoit Charette - Annuel automobile - CanadaMotorJobs.com.","robots":{"index":"index","follow":"follow","max-snippet":"max-snippet:-1","max-image-preview":"max-image-preview:large","max-video-preview":"max-video-preview:-1"},"og_locale":"fr_CA","og_type":"article","og_title":"Toyota veut red\u00e9marrer son programme de v\u00e9hicule \u00e9lectrique - CanadaMotorJobs.com","og_description":"Toyota veut red\u00e9marrer son programme de v\u00e9hicule \u00e9lectrique - Benoit Charette - Annuel automobile - CanadaMotorJobs.com.","og_url":"https:\/\/news.canadamotorjobs.com\/fr\/toyota-veut-redemarrer-son-programme-de-vehicule-electrique\/","og_site_name":"CanadaMotorJobs.com","article_publisher":"https:\/\/www.facebook.com\/canadamotorjobs\/","article_published_time":"2022-10-24T19:08:17+00:00","article_modified_time":"2022-10-24T19:22:31+00:00","og_image":[{"width":2500,"height":1655,"url":"https:\/\/news.canadamotorjobs.com\/wp-content\/uploads\/2022\/10\/2023_bZ4X_XLE_FWD_WindChillPearl_001-1.jpg","type":"image\/jpeg"}],"author":"Benoit Charette","twitter_card":"summary_large_image","twitter_creator":"@canadamotorjobs","twitter_site":"@canadamotorjobs","twitter_misc":{"\u00c9crit par":"Benoit Charette","Estimation du temps de lecture":"2 minutes"},"schema":{"@context":"https:\/\/schema.org","@graph":[{"@type":"Article","@id":"https:\/\/news.canadamotorjobs.com\/fr\/toyota-veut-redemarrer-son-programme-de-vehicule-electrique\/#article","isPartOf":{"@id":"https:\/\/news.canadamotorjobs.com\/fr\/toyota-veut-redemarrer-son-programme-de-vehicule-electrique\/"},"author":{"name":"Benoit Charette","@id":"https:\/\/news.canadamotorjobs.com\/#\/schema\/person\/51793d1f87d44011d7bcc2ed99269a90"},"headline":"Toyota veut red\u00e9marrer son programme de v\u00e9hicule \u00e9lectrique","datePublished":"2022-10-24T19:08:17+00:00","dateModified":"2022-10-24T19:22:31+00:00","mainEntityOfPage":{"@id":"https:\/\/news.canadamotorjobs.com\/fr\/toyota-veut-redemarrer-son-programme-de-vehicule-electrique\/"},"wordCount":280,"publisher":{"@id":"https:\/\/news.canadamotorjobs.com\/#organization"},"image":{"@id":"https:\/\/news.canadamotorjobs.com\/fr\/toyota-veut-redemarrer-son-programme-de-vehicule-electrique\/#primaryimage"},"thumbnailUrl":"https:\/\/news.canadamotorjobs.com\/wp-content\/uploads\/2022\/10\/2023_bZ4X_XLE_FWD_WindChillPearl_001-1.jpg","articleSection":["Annuel automobile"],"inLanguage":"fr-CA"},{"@type":"WebPage","@id":"https:\/\/news.canadamotorjobs.com\/fr\/toyota-veut-redemarrer-son-programme-de-vehicule-electrique\/","url":"https:\/\/news.canadamotorjobs.com\/fr\/toyota-veut-redemarrer-son-programme-de-vehicule-electrique\/","name":"Toyota veut red\u00e9marrer son programme de v\u00e9hicule \u00e9lectrique - CanadaMotorJobs.com","isPartOf":{"@id":"https:\/\/news.canadamotorjobs.com\/#website"},"primaryImageOfPage":{"@id":"https:\/\/news.canadamotorjobs.com\/fr\/toyota-veut-redemarrer-son-programme-de-vehicule-electrique\/#primaryimage"},"image":{"@id":"https:\/\/news.canadamotorjobs.com\/fr\/toyota-veut-redemarrer-son-programme-de-vehicule-electrique\/#primaryimage"},"thumbnailUrl":"https:\/\/news.canadamotorjobs.com\/wp-content\/uploads\/2022\/10\/2023_bZ4X_XLE_FWD_WindChillPearl_001-1.jpg","datePublished":"2022-10-24T19:08:17+00:00","dateModified":"2022-10-24T19:22:31+00:00","description":"Toyota veut red\u00e9marrer son programme de v\u00e9hicule \u00e9lectrique - Benoit Charette - Annuel automobile - CanadaMotorJobs.com.","breadcrumb":{"@id":"https:\/\/news.canadamotorjobs.com\/fr\/toyota-veut-redemarrer-son-programme-de-vehicule-electrique\/#breadcrumb"},"inLanguage":"fr-CA","potentialAction":[{"@type":"ReadAction","target":["https:\/\/news.canadamotorjobs.com\/fr\/toyota-veut-redemarrer-son-programme-de-vehicule-electrique\/"]}]},{"@type":"ImageObject","inLanguage":"fr-CA","@id":"https:\/\/news.canadamotorjobs.com\/fr\/toyota-veut-redemarrer-son-programme-de-vehicule-electrique\/#primaryimage","url":"https:\/\/news.canadamotorjobs.com\/wp-content\/uploads\/2022\/10\/2023_bZ4X_XLE_FWD_WindChillPearl_001-1.jpg","contentUrl":"https:\/\/news.canadamotorjobs.com\/wp-content\/uploads\/2022\/10\/2023_bZ4X_XLE_FWD_WindChillPearl_001-1.jpg","width":2500,"height":1655},{"@type":"BreadcrumbList","@id":"https:\/\/news.canadamotorjobs.com\/fr\/toyota-veut-redemarrer-son-programme-de-vehicule-electrique\/#breadcrumb","itemListElement":[{"@type":"ListItem","position":1,"name":"Home","item":"https:\/\/news.canadamotorjobs.com\/fr\/blog\/"},{"@type":"ListItem","position":2,"name":"Toyota veut red\u00e9marrer son programme de v\u00e9hicule \u00e9lectrique"}]},{"@type":"WebSite","@id":"https:\/\/news.canadamotorjobs.com\/#website","url":"https:\/\/news.canadamotorjobs.com\/","name":"CanadaMotorJobs.com","description":"Automotive Jobs","publisher":{"@id":"https:\/\/news.canadamotorjobs.com\/#organization"},"potentialAction":[{"@type":"SearchAction","target":{"@type":"EntryPoint","urlTemplate":"https:\/\/news.canadamotorjobs.com\/?s={search_term_string}"},"query-input":"required name=search_term_string"}],"inLanguage":"fr-CA"},{"@type":"Organization","@id":"https:\/\/news.canadamotorjobs.com\/#organization","name":"Canada Motor Jobs","url":"https:\/\/news.canadamotorjobs.com\/","logo":{"@type":"ImageObject","inLanguage":"fr-CA","@id":"https:\/\/news.canadamotorjobs.com\/#\/schema\/logo\/image\/","url":"https:\/\/news.canadamotorjobs.com\/wp-content\/uploads\/2022\/10\/logo-canada-motor-jobs-1.png","contentUrl":"https:\/\/news.canadamotorjobs.com\/wp-content\/uploads\/2022\/10\/logo-canada-motor-jobs-1.png","width":800,"height":400,"caption":"Canada Motor Jobs"},"image":{"@id":"https:\/\/news.canadamotorjobs.com\/#\/schema\/logo\/image\/"},"sameAs":["https:\/\/www.facebook.com\/canadamotorjobs\/","https:\/\/x.com\/canadamotorjobs","https:\/\/www.instagram.com\/canadamotorjobs\/","https:\/\/www.linkedin.com\/company\/canadamotorjobs"]},{"@type":"Person","@id":"https:\/\/news.canadamotorjobs.com\/#\/schema\/person\/51793d1f87d44011d7bcc2ed99269a90","name":"Benoit Charette","image":{"@type":"ImageObject","inLanguage":"fr-CA","@id":"https:\/\/news.canadamotorjobs.com\/#\/schema\/person\/image\/","url":"https:\/\/secure.gravatar.com\/avatar\/45f3d2eebcccd909668d7ce7ea7267b6?s=96&d=mm&r=g","contentUrl":"https:\/\/secure.gravatar.com\/avatar\/45f3d2eebcccd909668d7ce7ea7267b6?s=96&d=mm&r=g","caption":"Benoit Charette"},"description":"Benoit Charette \/ Propri\u00e9taire et r\u00e9dacteur en chef Benoit Charette pratique le journalisme automobile depuis bient\u00f4t 30 ans. Il a fait ses classes au c\u00f4t\u00e9 de Daniel H\u00e9raud et au Carnet de route de 1992 \u00e0 2001. Il est fondateur, copropri\u00e9taire et r\u00e9dacteur en chef de L\u2019Annuel de l\u2019automobile, qu\u2019il publie depuis 2001. Il a anim\u00e9 les \u00e9missions RPM et RPM+ sur V et les L\u00e9gendes de la route sur Historia. \u00c0 la radio depuis 1986, il reprend l\u2019antenne cette ann\u00e9e sur les ondes de Cogeco et participe pour la deuxi\u00e8me ann\u00e9e \u00e0 l\u2019\u00e9mission Passion Auto sur RDS en plus de mettre en ligne le site Web officiel de L\u2019Annuel de l\u2019automobile sur annuelauto.ca.","sameAs":["https:\/\/annuelauto.ca\/"],"url":"https:\/\/news.canadamotorjobs.com\/fr\/author\/benoit-charette\/"}]}},"_links":{"self":[{"href":"https:\/\/news.canadamotorjobs.com\/fr\/wp-json\/wp\/v2\/posts\/135886"}],"collection":[{"href":"https:\/\/news.canadamotorjobs.com\/fr\/wp-json\/wp\/v2\/posts"}],"about":[{"href":"https:\/\/news.canadamotorjobs.com\/fr\/wp-json\/wp\/v2\/types\/post"}],"author":[{"embeddable":true,"href":"https:\/\/news.canadamotorjobs.com\/fr\/wp-json\/wp\/v2\/users\/8"}],"replies":[{"embeddable":true,"href":"https:\/\/news.canadamotorjobs.com\/fr\/wp-json\/wp\/v2\/comments?post=135886"}],"version-history":[{"count":0,"href":"https:\/\/news.canadamotorjobs.com\/fr\/wp-json\/wp\/v2\/posts\/135886\/revisions"}],"wp:featuredmedia":[{"embeddable":true,"href":"https:\/\/news.canadamotorjobs.com\/fr\/wp-json\/wp\/v2\/media\/135890"}],"wp:attachment":[{"href":"https:\/\/news.canadamotorjobs.com\/fr\/wp-json\/wp\/v2\/media?parent=135886"}],"wp:term":[{"taxonomy":"category","embeddable":true,"href":"https:\/\/news.canadamotorjobs.com\/fr\/wp-json\/wp\/v2\/categories?post=135886"},{"taxonomy":"post_tag","embeddable":true,"href":"https:\/\/news.canadamotorjobs.com\/fr\/wp-json\/wp\/v2\/tags?post=135886"}],"curies":[{"name":"wp","href":"https:\/\/api.w.org\/{rel}","templated":true}]}}