{"id":135874,"date":"2022-10-24T08:16:20","date_gmt":"2022-10-24T12:16:20","guid":{"rendered":"https:\/\/news.canadamotorjobs.com\/kia-met-fin-a-la-production-de-la-stinger-en-avril-2023\/"},"modified":"2022-10-24T09:52:46","modified_gmt":"2022-10-24T13:52:46","slug":"kia-met-fin-a-la-production-de-la-stinger-en-avril-2023","status":"publish","type":"post","link":"https:\/\/news.canadamotorjobs.com\/fr\/kia-met-fin-a-la-production-de-la-stinger-en-avril-2023\/","title":{"rendered":"Kia met fin \u00e0 la production de la Stinger en avril 2023"},"content":{"rendered":"<p>Malgr\u00e9 son pedigree int\u00e9ressant, la Stinger n\u2019a jamais atteint les objectifs de Kia. Depuis plus de deux ans, les ventes tra\u00eenent de la patte. La Stinger a \u00e9t\u00e9 le v\u00e9hicule Kia le moins vendu en Cor\u00e9e du Sud le mois dernier. Pour toutes ces raisons, la marque cor\u00e9enne a d\u00e9cid\u00e9 que les choses avaient assez dur\u00e9 et on va mettre fin au supplice l\u2019an prochain.<\/p>\n<h3>Un rapport amour haine<\/h3>\n<p>Salu\u00e9e par la critique et boud\u00e9e par le public, la Stinger est arriv\u00e9e dans l\u2019histoire automobile \u00e0 un bien mauvais moment. Vendu pendant sept ann\u00e9es-mod\u00e8les (2017-2023), il ne s&#8217;en est vendu qu&#8217;environ 80\u00a0000 au Canada et aux \u00c9tats-Unis combin\u00e9s, soit environ 20\u00a0000 unit\u00e9s de moins que les ventes de Ford F-150 r\u00e9alis\u00e9es aux \u00c9tats-Unis en ao\u00fbt et septembre 2022. Dans un monde domin\u00e9 par les VUS, un tel v\u00e9hicule \u00e9tait presque vou\u00e9 \u00e0 l\u2019\u00e9chec, diront plusieurs. Vous pouviez aussi avoir une BMW S\u00e9rie 4 pour environ le m\u00eame paiement mensuel.<\/p>\n<h3>Vous avez jusqu\u2019en mars 2023<\/h3>\n<p>Pour ceux que la chose int\u00e9resse, vous avez jusqu\u2019en mars 2023 pour prendre une d\u00e9cision, apr\u00e8s il sera trop tard. Kia a laiss\u00e9 entendre qu\u2019il n\u2019y aura pas de successeur \u00e0 la Stinger, du moins pas \u00e0 essence. Une berline pleine grandeur sous forme \u00e9lectrique pourrait arriver dans le paysage, mais pas avant 2025.<\/p>\n<p>Avec les renseignements de Motor Illustrated<\/p>\n<p>Le texte <a href=\"https:\/\/annuelauto.ca\/kia-met-fin-a-la-production-de-la-stinger-en-avril-2023\/\" rel=\"nofollow\">Kia met fin \u00e0 la production de la Stinger en avril 2023<\/a> provient de <a href=\"https:\/\/annuelauto.ca\" rel=\"nofollow\">L&#8217;annuel de l&#8217;automobile &#8211; Actualit\u00e9 automobile<\/a><\/p>\n","protected":false},"excerpt":{"rendered":"<p>Malgr\u00e9 son pedigree int\u00e9ressant, la Stinger n\u2019a jamais atteint les objectifs de Kia. Depuis plus de deux ans, les ventes tra\u00eenent de la patte. La Stinger a \u00e9t\u00e9 le v\u00e9hicule Kia le moins vendu en Cor\u00e9e du Sud le mois dernier. Pour toutes ces raisons, la marque cor\u00e9enne a d\u00e9cid\u00e9 que les choses avaient assez [&hellip;]<\/p>\n","protected":false},"author":8,"featured_media":135878,"comment_status":"close","ping_status":"closed","sticky":false,"template":"","format":"standard","meta":{"_monsterinsights_skip_tracking":false,"_monsterinsights_sitenote_active":false,"_monsterinsights_sitenote_note":"","_monsterinsights_sitenote_category":0,"footnotes":""},"categories":[101],"tags":[],"yoast_head":"<!-- This site is optimized with the Yoast SEO plugin v23.2 - https:\/\/yoast.com\/wordpress\/plugins\/seo\/ -->\n<title>Kia met fin \u00e0 la production de la Stinger en avril 2023 - CanadaMotorJobs.com<\/title>\n<meta name=\"description\" content=\"Kia met fin \u00e0 la production de la Stinger en avril 2023 - Benoit Charette - Annuel automobile - CanadaMotorJobs.com.\" \/>\n<meta name=\"robots\" content=\"index, follow, max-snippet:-1, max-image-preview:large, max-video-preview:-1\" \/>\n<meta property=\"og:locale\" content=\"fr_CA\" \/>\n<meta property=\"og:type\" content=\"article\" \/>\n<meta property=\"og:title\" content=\"Kia met fin \u00e0 la production de la Stinger en avril 2023 - CanadaMotorJobs.com\" \/>\n<meta property=\"og:description\" content=\"Kia met fin \u00e0 la production de la Stinger en avril 2023 - Benoit Charette - Annuel automobile - CanadaMotorJobs.com.\" \/>\n<meta property=\"og:url\" content=\"https:\/\/news.canadamotorjobs.com\/fr\/kia-met-fin-a-la-production-de-la-stinger-en-avril-2023\/\" \/>\n<meta property=\"og:site_name\" content=\"CanadaMotorJobs.com\" \/>\n<meta property=\"article:publisher\" content=\"https:\/\/www.facebook.com\/canadamotorjobs\/\" \/>\n<meta property=\"article:published_time\" content=\"2022-10-24T12:16:20+00:00\" \/>\n<meta property=\"article:modified_time\" content=\"2022-10-24T13:52:46+00:00\" \/>\n<meta property=\"og:image\" content=\"https:\/\/news.canadamotorjobs.com\/wp-content\/uploads\/2022\/10\/2022_kia_stinger_sedan_gt-line_fq_oem_1_1600-1.jpg\" \/>\n\t<meta property=\"og:image:width\" content=\"1600\" \/>\n\t<meta property=\"og:image:height\" content=\"1067\" \/>\n\t<meta property=\"og:image:type\" content=\"image\/jpeg\" \/>\n<meta name=\"author\" content=\"Benoit Charette\" \/>\n<meta name=\"twitter:card\" content=\"summary_large_image\" \/>\n<meta name=\"twitter:creator\" content=\"@canadamotorjobs\" \/>\n<meta name=\"twitter:site\" content=\"@canadamotorjobs\" \/>\n<meta name=\"twitter:label1\" content=\"\u00c9crit par\" \/>\n\t<meta name=\"twitter:data1\" content=\"Benoit Charette\" \/>\n\t<meta name=\"twitter:label2\" content=\"Estimation du temps de lecture\" \/>\n\t<meta name=\"twitter:data2\" content=\"2 minutes\" \/>\n<!-- \/ Yoast SEO plugin. -->","yoast_head_json":{"title":"Kia met fin \u00e0 la production de la Stinger en avril 2023 - CanadaMotorJobs.com","description":"Kia met fin \u00e0 la production de la Stinger en avril 2023 - Benoit Charette - Annuel automobile - CanadaMotorJobs.com.","robots":{"index":"index","follow":"follow","max-snippet":"max-snippet:-1","max-image-preview":"max-image-preview:large","max-video-preview":"max-video-preview:-1"},"og_locale":"fr_CA","og_type":"article","og_title":"Kia met fin \u00e0 la production de la Stinger en avril 2023 - CanadaMotorJobs.com","og_description":"Kia met fin \u00e0 la production de la Stinger en avril 2023 - Benoit Charette - Annuel automobile - CanadaMotorJobs.com.","og_url":"https:\/\/news.canadamotorjobs.com\/fr\/kia-met-fin-a-la-production-de-la-stinger-en-avril-2023\/","og_site_name":"CanadaMotorJobs.com","article_publisher":"https:\/\/www.facebook.com\/canadamotorjobs\/","article_published_time":"2022-10-24T12:16:20+00:00","article_modified_time":"2022-10-24T13:52:46+00:00","og_image":[{"width":1600,"height":1067,"url":"https:\/\/news.canadamotorjobs.com\/wp-content\/uploads\/2022\/10\/2022_kia_stinger_sedan_gt-line_fq_oem_1_1600-1.jpg","type":"image\/jpeg"}],"author":"Benoit Charette","twitter_card":"summary_large_image","twitter_creator":"@canadamotorjobs","twitter_site":"@canadamotorjobs","twitter_misc":{"\u00c9crit par":"Benoit Charette","Estimation du temps de lecture":"2 minutes"},"schema":{"@context":"https:\/\/schema.org","@graph":[{"@type":"Article","@id":"https:\/\/news.canadamotorjobs.com\/fr\/kia-met-fin-a-la-production-de-la-stinger-en-avril-2023\/#article","isPartOf":{"@id":"https:\/\/news.canadamotorjobs.com\/fr\/kia-met-fin-a-la-production-de-la-stinger-en-avril-2023\/"},"author":{"name":"Benoit Charette","@id":"https:\/\/news.canadamotorjobs.com\/#\/schema\/person\/51793d1f87d44011d7bcc2ed99269a90"},"headline":"Kia met fin \u00e0 la production de la Stinger en avril 2023","datePublished":"2022-10-24T12:16:20+00:00","dateModified":"2022-10-24T13:52:46+00:00","mainEntityOfPage":{"@id":"https:\/\/news.canadamotorjobs.com\/fr\/kia-met-fin-a-la-production-de-la-stinger-en-avril-2023\/"},"wordCount":277,"publisher":{"@id":"https:\/\/news.canadamotorjobs.com\/#organization"},"image":{"@id":"https:\/\/news.canadamotorjobs.com\/fr\/kia-met-fin-a-la-production-de-la-stinger-en-avril-2023\/#primaryimage"},"thumbnailUrl":"https:\/\/news.canadamotorjobs.com\/wp-content\/uploads\/2022\/10\/2022_kia_stinger_sedan_gt-line_fq_oem_1_1600-1.jpg","articleSection":["Annuel automobile"],"inLanguage":"fr-CA"},{"@type":"WebPage","@id":"https:\/\/news.canadamotorjobs.com\/fr\/kia-met-fin-a-la-production-de-la-stinger-en-avril-2023\/","url":"https:\/\/news.canadamotorjobs.com\/fr\/kia-met-fin-a-la-production-de-la-stinger-en-avril-2023\/","name":"Kia met fin \u00e0 la production de la Stinger en avril 2023 - CanadaMotorJobs.com","isPartOf":{"@id":"https:\/\/news.canadamotorjobs.com\/#website"},"primaryImageOfPage":{"@id":"https:\/\/news.canadamotorjobs.com\/fr\/kia-met-fin-a-la-production-de-la-stinger-en-avril-2023\/#primaryimage"},"image":{"@id":"https:\/\/news.canadamotorjobs.com\/fr\/kia-met-fin-a-la-production-de-la-stinger-en-avril-2023\/#primaryimage"},"thumbnailUrl":"https:\/\/news.canadamotorjobs.com\/wp-content\/uploads\/2022\/10\/2022_kia_stinger_sedan_gt-line_fq_oem_1_1600-1.jpg","datePublished":"2022-10-24T12:16:20+00:00","dateModified":"2022-10-24T13:52:46+00:00","description":"Kia met fin \u00e0 la production de la Stinger en avril 2023 - Benoit Charette - Annuel automobile - CanadaMotorJobs.com.","breadcrumb":{"@id":"https:\/\/news.canadamotorjobs.com\/fr\/kia-met-fin-a-la-production-de-la-stinger-en-avril-2023\/#breadcrumb"},"inLanguage":"fr-CA","potentialAction":[{"@type":"ReadAction","target":["https:\/\/news.canadamotorjobs.com\/fr\/kia-met-fin-a-la-production-de-la-stinger-en-avril-2023\/"]}]},{"@type":"ImageObject","inLanguage":"fr-CA","@id":"https:\/\/news.canadamotorjobs.com\/fr\/kia-met-fin-a-la-production-de-la-stinger-en-avril-2023\/#primaryimage","url":"https:\/\/news.canadamotorjobs.com\/wp-content\/uploads\/2022\/10\/2022_kia_stinger_sedan_gt-line_fq_oem_1_1600-1.jpg","contentUrl":"https:\/\/news.canadamotorjobs.com\/wp-content\/uploads\/2022\/10\/2022_kia_stinger_sedan_gt-line_fq_oem_1_1600-1.jpg","width":1600,"height":1067},{"@type":"BreadcrumbList","@id":"https:\/\/news.canadamotorjobs.com\/fr\/kia-met-fin-a-la-production-de-la-stinger-en-avril-2023\/#breadcrumb","itemListElement":[{"@type":"ListItem","position":1,"name":"Home","item":"https:\/\/news.canadamotorjobs.com\/fr\/blog\/"},{"@type":"ListItem","position":2,"name":"Kia met fin \u00e0 la production de la Stinger en avril 2023"}]},{"@type":"WebSite","@id":"https:\/\/news.canadamotorjobs.com\/#website","url":"https:\/\/news.canadamotorjobs.com\/","name":"CanadaMotorJobs.com","description":"Automotive Jobs","publisher":{"@id":"https:\/\/news.canadamotorjobs.com\/#organization"},"potentialAction":[{"@type":"SearchAction","target":{"@type":"EntryPoint","urlTemplate":"https:\/\/news.canadamotorjobs.com\/?s={search_term_string}"},"query-input":"required name=search_term_string"}],"inLanguage":"fr-CA"},{"@type":"Organization","@id":"https:\/\/news.canadamotorjobs.com\/#organization","name":"Canada Motor Jobs","url":"https:\/\/news.canadamotorjobs.com\/","logo":{"@type":"ImageObject","inLanguage":"fr-CA","@id":"https:\/\/news.canadamotorjobs.com\/#\/schema\/logo\/image\/","url":"https:\/\/news.canadamotorjobs.com\/wp-content\/uploads\/2022\/10\/logo-canada-motor-jobs-1.png","contentUrl":"https:\/\/news.canadamotorjobs.com\/wp-content\/uploads\/2022\/10\/logo-canada-motor-jobs-1.png","width":800,"height":400,"caption":"Canada Motor Jobs"},"image":{"@id":"https:\/\/news.canadamotorjobs.com\/#\/schema\/logo\/image\/"},"sameAs":["https:\/\/www.facebook.com\/canadamotorjobs\/","https:\/\/x.com\/canadamotorjobs","https:\/\/www.instagram.com\/canadamotorjobs\/","https:\/\/www.linkedin.com\/company\/canadamotorjobs"]},{"@type":"Person","@id":"https:\/\/news.canadamotorjobs.com\/#\/schema\/person\/51793d1f87d44011d7bcc2ed99269a90","name":"Benoit Charette","image":{"@type":"ImageObject","inLanguage":"fr-CA","@id":"https:\/\/news.canadamotorjobs.com\/#\/schema\/person\/image\/","url":"https:\/\/secure.gravatar.com\/avatar\/45f3d2eebcccd909668d7ce7ea7267b6?s=96&d=mm&r=g","contentUrl":"https:\/\/secure.gravatar.com\/avatar\/45f3d2eebcccd909668d7ce7ea7267b6?s=96&d=mm&r=g","caption":"Benoit Charette"},"description":"Benoit Charette \/ Propri\u00e9taire et r\u00e9dacteur en chef Benoit Charette pratique le journalisme automobile depuis bient\u00f4t 30 ans. Il a fait ses classes au c\u00f4t\u00e9 de Daniel H\u00e9raud et au Carnet de route de 1992 \u00e0 2001. Il est fondateur, copropri\u00e9taire et r\u00e9dacteur en chef de L\u2019Annuel de l\u2019automobile, qu\u2019il publie depuis 2001. Il a anim\u00e9 les \u00e9missions RPM et RPM+ sur V et les L\u00e9gendes de la route sur Historia. \u00c0 la radio depuis 1986, il reprend l\u2019antenne cette ann\u00e9e sur les ondes de Cogeco et participe pour la deuxi\u00e8me ann\u00e9e \u00e0 l\u2019\u00e9mission Passion Auto sur RDS en plus de mettre en ligne le site Web officiel de L\u2019Annuel de l\u2019automobile sur annuelauto.ca.","sameAs":["https:\/\/annuelauto.ca\/"],"url":"https:\/\/news.canadamotorjobs.com\/fr\/author\/benoit-charette\/"}]}},"_links":{"self":[{"href":"https:\/\/news.canadamotorjobs.com\/fr\/wp-json\/wp\/v2\/posts\/135874"}],"collection":[{"href":"https:\/\/news.canadamotorjobs.com\/fr\/wp-json\/wp\/v2\/posts"}],"about":[{"href":"https:\/\/news.canadamotorjobs.com\/fr\/wp-json\/wp\/v2\/types\/post"}],"author":[{"embeddable":true,"href":"https:\/\/news.canadamotorjobs.com\/fr\/wp-json\/wp\/v2\/users\/8"}],"replies":[{"embeddable":true,"href":"https:\/\/news.canadamotorjobs.com\/fr\/wp-json\/wp\/v2\/comments?post=135874"}],"version-history":[{"count":0,"href":"https:\/\/news.canadamotorjobs.com\/fr\/wp-json\/wp\/v2\/posts\/135874\/revisions"}],"wp:featuredmedia":[{"embeddable":true,"href":"https:\/\/news.canadamotorjobs.com\/fr\/wp-json\/wp\/v2\/media\/135878"}],"wp:attachment":[{"href":"https:\/\/news.canadamotorjobs.com\/fr\/wp-json\/wp\/v2\/media?parent=135874"}],"wp:term":[{"taxonomy":"category","embeddable":true,"href":"https:\/\/news.canadamotorjobs.com\/fr\/wp-json\/wp\/v2\/categories?post=135874"},{"taxonomy":"post_tag","embeddable":true,"href":"https:\/\/news.canadamotorjobs.com\/fr\/wp-json\/wp\/v2\/tags?post=135874"}],"curies":[{"name":"wp","href":"https:\/\/api.w.org\/{rel}","templated":true}]}}