{"id":135858,"date":"2022-10-23T09:35:11","date_gmt":"2022-10-23T13:35:11","guid":{"rendered":"https:\/\/news.canadamotorjobs.com\/plus-de-1-200-milliards-de-dollars-seront-alloues-aux-vehicules-electriques-dici-2030\/"},"modified":"2022-10-24T09:54:22","modified_gmt":"2022-10-24T13:54:22","slug":"plus-de-1-200-milliards-de-dollars-seront-alloues-aux-vehicules-electriques-dici-2030","status":"publish","type":"post","link":"https:\/\/news.canadamotorjobs.com\/fr\/plus-de-1-200-milliards-de-dollars-seront-alloues-aux-vehicules-electriques-dici-2030\/","title":{"rendered":"Plus de 1\u00a0200 milliards de dollars seront allou\u00e9s aux v\u00e9hicules \u00e9lectriques d\u2019ici 2030"},"content":{"rendered":"<p>C\u2019est le double des pr\u00e9visions qui avaient \u00e9t\u00e9 faite par Reuters, il y a seulement un an. Ce montant inclut le d\u00e9veloppement des batteries et les mati\u00e8res premi\u00e8res n\u00e9cessaires \u00e0 cette production, selon l\u2019analyse de Reuters<\/p>\n<h3>Plus de 54 millions de v\u00e9hicules seront construits<\/h3>\n<p>Les constructeurs automobiles ont pr\u00e9vu de construire 54 millions de v\u00e9hicules \u00e9lectriques \u00e0 batterie en 2030, ce qui repr\u00e9sente plus de 50 % de la production totale de v\u00e9hicules, toujours selon Reuters. Pour \u00eatre en mesure de soutenir un tel rythme de production, les constructeurs automobiles auront besoin de 5,8 t\u00e9rawattheures de capacit\u00e9 de production de batteries d&#8217;ici 2030, selon les donn\u00e9es de Benchmark Mineral Intelligence et des constructeurs.<\/p>\n<h3>Tesla m\u00e8ne le bal<\/h3>\n<p>Elon Musk a pr\u00e9sent\u00e9 un plan audacieux visant \u00e0 construire 20 millions de v\u00e9hicules \u00e9lectriques en 2030, ce qui n\u00e9cessiterait environ 3 t\u00e9rawattheures de batteries. Fin octobre, M. Musk a d\u00e9clar\u00e9 que Tesla travaillait d\u00e9j\u00e0 sur une plateforme de v\u00e9hicules plus petits qui devrait co\u00fbter deux fois moins cher que le Model 3 et le Model Y. Ce qui veut dire que Tesla multiplierait par 13 sa production actuelle qui tourne autour de 1,5 million de v\u00e9hicules.<\/p>\n<h3>Volkswagen tout pr\u00e8s derri\u00e8re<\/h3>\n<p>Le g\u00e9ant Volkswagen qui ambitionne d\u00e9j\u00e0 de devancer Tesla dans un proche avenir a annonc\u00e9 qu\u2019il va d\u00e9penser 100 milliards de dollars pour d\u00e9velopper son portefeuille mondial de v\u00e9hicules \u00e9lectriques, ajouter de nouvelles grandes usines de batteries en Europe et en Am\u00e9rique du Nord et s\u00e9curiser l&#8217;approvisionnement en mati\u00e8res premi\u00e8res cl\u00e9s.<br \/>\nToyota<\/p>\n","protected":false},"excerpt":{"rendered":"<p>C\u2019est le double des pr\u00e9visions qui avaient \u00e9t\u00e9 faite par Reuters, il y a seulement un an. Ce montant inclut le d\u00e9veloppement des batteries et les mati\u00e8res premi\u00e8res n\u00e9cessaires \u00e0 cette production, selon l\u2019analyse de Reuters Plus de 54 millions de v\u00e9hicules seront construits Les constructeurs automobiles ont pr\u00e9vu de construire 54 millions de v\u00e9hicules [&hellip;]<\/p>\n","protected":false},"author":8,"featured_media":135862,"comment_status":"close","ping_status":"closed","sticky":false,"template":"","format":"standard","meta":{"_monsterinsights_skip_tracking":false,"_monsterinsights_sitenote_active":false,"_monsterinsights_sitenote_note":"","_monsterinsights_sitenote_category":0,"footnotes":""},"categories":[101],"tags":[131],"yoast_head":"<!-- This site is optimized with the Yoast SEO plugin v23.2 - https:\/\/yoast.com\/wordpress\/plugins\/seo\/ -->\n<title>Plus de 1\u00a0200 milliards de dollars seront allou\u00e9s aux v\u00e9hicules \u00e9lectriques d\u2019ici 2030 - CanadaMotorJobs.com<\/title>\n<meta name=\"description\" content=\"Plus de 1\u00a0200 milliards de dollars seront allou\u00e9s aux v\u00e9hicules \u00e9lectriques d\u2019ici 2030 - Benoit Charette - Annuel automobile - CanadaMotorJobs.com.\" \/>\n<meta name=\"robots\" content=\"index, follow, max-snippet:-1, max-image-preview:large, max-video-preview:-1\" \/>\n<meta property=\"og:locale\" content=\"fr_CA\" \/>\n<meta property=\"og:type\" content=\"article\" \/>\n<meta property=\"og:title\" content=\"Plus de 1\u00a0200 milliards de dollars seront allou\u00e9s aux v\u00e9hicules \u00e9lectriques d\u2019ici 2030 - CanadaMotorJobs.com\" \/>\n<meta property=\"og:description\" content=\"Plus de 1\u00a0200 milliards de dollars seront allou\u00e9s aux v\u00e9hicules \u00e9lectriques d\u2019ici 2030 - Benoit Charette - Annuel automobile - CanadaMotorJobs.com.\" \/>\n<meta property=\"og:url\" content=\"https:\/\/news.canadamotorjobs.com\/fr\/plus-de-1-200-milliards-de-dollars-seront-alloues-aux-vehicules-electriques-dici-2030\/\" \/>\n<meta property=\"og:site_name\" content=\"CanadaMotorJobs.com\" \/>\n<meta property=\"article:publisher\" content=\"https:\/\/www.facebook.com\/canadamotorjobs\/\" \/>\n<meta property=\"article:published_time\" content=\"2022-10-23T13:35:11+00:00\" \/>\n<meta property=\"article:modified_time\" content=\"2022-10-24T13:54:22+00:00\" \/>\n<meta property=\"og:image\" content=\"https:\/\/news.canadamotorjobs.com\/wp-content\/uploads\/2022\/10\/DMK-Borne-1.jpeg\" \/>\n\t<meta property=\"og:image:width\" content=\"1227\" \/>\n\t<meta property=\"og:image:height\" content=\"816\" \/>\n\t<meta property=\"og:image:type\" content=\"image\/jpeg\" \/>\n<meta name=\"author\" content=\"Benoit Charette\" \/>\n<meta name=\"twitter:card\" content=\"summary_large_image\" \/>\n<meta name=\"twitter:creator\" content=\"@canadamotorjobs\" \/>\n<meta name=\"twitter:site\" content=\"@canadamotorjobs\" \/>\n<meta name=\"twitter:label1\" content=\"\u00c9crit par\" \/>\n\t<meta name=\"twitter:data1\" content=\"Benoit Charette\" \/>\n\t<meta name=\"twitter:label2\" content=\"Estimation du temps de lecture\" \/>\n\t<meta name=\"twitter:data2\" content=\"2 minutes\" \/>\n<!-- \/ Yoast SEO plugin. -->","yoast_head_json":{"title":"Plus de 1\u00a0200 milliards de dollars seront allou\u00e9s aux v\u00e9hicules \u00e9lectriques d\u2019ici 2030 - CanadaMotorJobs.com","description":"Plus de 1\u00a0200 milliards de dollars seront allou\u00e9s aux v\u00e9hicules \u00e9lectriques d\u2019ici 2030 - Benoit Charette - Annuel automobile - CanadaMotorJobs.com.","robots":{"index":"index","follow":"follow","max-snippet":"max-snippet:-1","max-image-preview":"max-image-preview:large","max-video-preview":"max-video-preview:-1"},"og_locale":"fr_CA","og_type":"article","og_title":"Plus de 1\u00a0200 milliards de dollars seront allou\u00e9s aux v\u00e9hicules \u00e9lectriques d\u2019ici 2030 - CanadaMotorJobs.com","og_description":"Plus de 1\u00a0200 milliards de dollars seront allou\u00e9s aux v\u00e9hicules \u00e9lectriques d\u2019ici 2030 - Benoit Charette - Annuel automobile - CanadaMotorJobs.com.","og_url":"https:\/\/news.canadamotorjobs.com\/fr\/plus-de-1-200-milliards-de-dollars-seront-alloues-aux-vehicules-electriques-dici-2030\/","og_site_name":"CanadaMotorJobs.com","article_publisher":"https:\/\/www.facebook.com\/canadamotorjobs\/","article_published_time":"2022-10-23T13:35:11+00:00","article_modified_time":"2022-10-24T13:54:22+00:00","og_image":[{"width":1227,"height":816,"url":"https:\/\/news.canadamotorjobs.com\/wp-content\/uploads\/2022\/10\/DMK-Borne-1.jpeg","type":"image\/jpeg"}],"author":"Benoit Charette","twitter_card":"summary_large_image","twitter_creator":"@canadamotorjobs","twitter_site":"@canadamotorjobs","twitter_misc":{"\u00c9crit par":"Benoit Charette","Estimation du temps de lecture":"2 minutes"},"schema":{"@context":"https:\/\/schema.org","@graph":[{"@type":"Article","@id":"https:\/\/news.canadamotorjobs.com\/fr\/plus-de-1-200-milliards-de-dollars-seront-alloues-aux-vehicules-electriques-dici-2030\/#article","isPartOf":{"@id":"https:\/\/news.canadamotorjobs.com\/fr\/plus-de-1-200-milliards-de-dollars-seront-alloues-aux-vehicules-electriques-dici-2030\/"},"author":{"name":"Benoit Charette","@id":"https:\/\/news.canadamotorjobs.com\/#\/schema\/person\/51793d1f87d44011d7bcc2ed99269a90"},"headline":"Plus de 1\u00a0200 milliards de dollars seront allou\u00e9s aux v\u00e9hicules \u00e9lectriques d\u2019ici 2030","datePublished":"2022-10-23T13:35:11+00:00","dateModified":"2022-10-24T13:54:22+00:00","mainEntityOfPage":{"@id":"https:\/\/news.canadamotorjobs.com\/fr\/plus-de-1-200-milliards-de-dollars-seront-alloues-aux-vehicules-electriques-dici-2030\/"},"wordCount":286,"publisher":{"@id":"https:\/\/news.canadamotorjobs.com\/#organization"},"image":{"@id":"https:\/\/news.canadamotorjobs.com\/fr\/plus-de-1-200-milliards-de-dollars-seront-alloues-aux-vehicules-electriques-dici-2030\/#primaryimage"},"thumbnailUrl":"https:\/\/news.canadamotorjobs.com\/wp-content\/uploads\/2022\/10\/DMK-Borne-1.jpeg","keywords":["Newsletter"],"articleSection":["Annuel automobile"],"inLanguage":"fr-CA"},{"@type":"WebPage","@id":"https:\/\/news.canadamotorjobs.com\/fr\/plus-de-1-200-milliards-de-dollars-seront-alloues-aux-vehicules-electriques-dici-2030\/","url":"https:\/\/news.canadamotorjobs.com\/fr\/plus-de-1-200-milliards-de-dollars-seront-alloues-aux-vehicules-electriques-dici-2030\/","name":"Plus de 1\u00a0200 milliards de dollars seront allou\u00e9s aux v\u00e9hicules \u00e9lectriques d\u2019ici 2030 - CanadaMotorJobs.com","isPartOf":{"@id":"https:\/\/news.canadamotorjobs.com\/#website"},"primaryImageOfPage":{"@id":"https:\/\/news.canadamotorjobs.com\/fr\/plus-de-1-200-milliards-de-dollars-seront-alloues-aux-vehicules-electriques-dici-2030\/#primaryimage"},"image":{"@id":"https:\/\/news.canadamotorjobs.com\/fr\/plus-de-1-200-milliards-de-dollars-seront-alloues-aux-vehicules-electriques-dici-2030\/#primaryimage"},"thumbnailUrl":"https:\/\/news.canadamotorjobs.com\/wp-content\/uploads\/2022\/10\/DMK-Borne-1.jpeg","datePublished":"2022-10-23T13:35:11+00:00","dateModified":"2022-10-24T13:54:22+00:00","description":"Plus de 1\u00a0200 milliards de dollars seront allou\u00e9s aux v\u00e9hicules \u00e9lectriques d\u2019ici 2030 - Benoit Charette - Annuel automobile - CanadaMotorJobs.com.","breadcrumb":{"@id":"https:\/\/news.canadamotorjobs.com\/fr\/plus-de-1-200-milliards-de-dollars-seront-alloues-aux-vehicules-electriques-dici-2030\/#breadcrumb"},"inLanguage":"fr-CA","potentialAction":[{"@type":"ReadAction","target":["https:\/\/news.canadamotorjobs.com\/fr\/plus-de-1-200-milliards-de-dollars-seront-alloues-aux-vehicules-electriques-dici-2030\/"]}]},{"@type":"ImageObject","inLanguage":"fr-CA","@id":"https:\/\/news.canadamotorjobs.com\/fr\/plus-de-1-200-milliards-de-dollars-seront-alloues-aux-vehicules-electriques-dici-2030\/#primaryimage","url":"https:\/\/news.canadamotorjobs.com\/wp-content\/uploads\/2022\/10\/DMK-Borne-1.jpeg","contentUrl":"https:\/\/news.canadamotorjobs.com\/wp-content\/uploads\/2022\/10\/DMK-Borne-1.jpeg","width":1227,"height":816},{"@type":"BreadcrumbList","@id":"https:\/\/news.canadamotorjobs.com\/fr\/plus-de-1-200-milliards-de-dollars-seront-alloues-aux-vehicules-electriques-dici-2030\/#breadcrumb","itemListElement":[{"@type":"ListItem","position":1,"name":"Home","item":"https:\/\/news.canadamotorjobs.com\/fr\/blog\/"},{"@type":"ListItem","position":2,"name":"Plus de 1\u00a0200 milliards de dollars seront allou\u00e9s aux v\u00e9hicules \u00e9lectriques d\u2019ici 2030"}]},{"@type":"WebSite","@id":"https:\/\/news.canadamotorjobs.com\/#website","url":"https:\/\/news.canadamotorjobs.com\/","name":"CanadaMotorJobs.com","description":"Automotive Jobs","publisher":{"@id":"https:\/\/news.canadamotorjobs.com\/#organization"},"potentialAction":[{"@type":"SearchAction","target":{"@type":"EntryPoint","urlTemplate":"https:\/\/news.canadamotorjobs.com\/?s={search_term_string}"},"query-input":"required name=search_term_string"}],"inLanguage":"fr-CA"},{"@type":"Organization","@id":"https:\/\/news.canadamotorjobs.com\/#organization","name":"Canada Motor Jobs","url":"https:\/\/news.canadamotorjobs.com\/","logo":{"@type":"ImageObject","inLanguage":"fr-CA","@id":"https:\/\/news.canadamotorjobs.com\/#\/schema\/logo\/image\/","url":"https:\/\/news.canadamotorjobs.com\/wp-content\/uploads\/2022\/10\/logo-canada-motor-jobs-1.png","contentUrl":"https:\/\/news.canadamotorjobs.com\/wp-content\/uploads\/2022\/10\/logo-canada-motor-jobs-1.png","width":800,"height":400,"caption":"Canada Motor Jobs"},"image":{"@id":"https:\/\/news.canadamotorjobs.com\/#\/schema\/logo\/image\/"},"sameAs":["https:\/\/www.facebook.com\/canadamotorjobs\/","https:\/\/x.com\/canadamotorjobs","https:\/\/www.instagram.com\/canadamotorjobs\/","https:\/\/www.linkedin.com\/company\/canadamotorjobs"]},{"@type":"Person","@id":"https:\/\/news.canadamotorjobs.com\/#\/schema\/person\/51793d1f87d44011d7bcc2ed99269a90","name":"Benoit Charette","image":{"@type":"ImageObject","inLanguage":"fr-CA","@id":"https:\/\/news.canadamotorjobs.com\/#\/schema\/person\/image\/","url":"https:\/\/secure.gravatar.com\/avatar\/45f3d2eebcccd909668d7ce7ea7267b6?s=96&d=mm&r=g","contentUrl":"https:\/\/secure.gravatar.com\/avatar\/45f3d2eebcccd909668d7ce7ea7267b6?s=96&d=mm&r=g","caption":"Benoit Charette"},"description":"Benoit Charette \/ Propri\u00e9taire et r\u00e9dacteur en chef Benoit Charette pratique le journalisme automobile depuis bient\u00f4t 30 ans. Il a fait ses classes au c\u00f4t\u00e9 de Daniel H\u00e9raud et au Carnet de route de 1992 \u00e0 2001. Il est fondateur, copropri\u00e9taire et r\u00e9dacteur en chef de L\u2019Annuel de l\u2019automobile, qu\u2019il publie depuis 2001. Il a anim\u00e9 les \u00e9missions RPM et RPM+ sur V et les L\u00e9gendes de la route sur Historia. \u00c0 la radio depuis 1986, il reprend l\u2019antenne cette ann\u00e9e sur les ondes de Cogeco et participe pour la deuxi\u00e8me ann\u00e9e \u00e0 l\u2019\u00e9mission Passion Auto sur RDS en plus de mettre en ligne le site Web officiel de L\u2019Annuel de l\u2019automobile sur annuelauto.ca.","sameAs":["https:\/\/annuelauto.ca\/"],"url":"https:\/\/news.canadamotorjobs.com\/fr\/author\/benoit-charette\/"}]}},"_links":{"self":[{"href":"https:\/\/news.canadamotorjobs.com\/fr\/wp-json\/wp\/v2\/posts\/135858"}],"collection":[{"href":"https:\/\/news.canadamotorjobs.com\/fr\/wp-json\/wp\/v2\/posts"}],"about":[{"href":"https:\/\/news.canadamotorjobs.com\/fr\/wp-json\/wp\/v2\/types\/post"}],"author":[{"embeddable":true,"href":"https:\/\/news.canadamotorjobs.com\/fr\/wp-json\/wp\/v2\/users\/8"}],"replies":[{"embeddable":true,"href":"https:\/\/news.canadamotorjobs.com\/fr\/wp-json\/wp\/v2\/comments?post=135858"}],"version-history":[{"count":0,"href":"https:\/\/news.canadamotorjobs.com\/fr\/wp-json\/wp\/v2\/posts\/135858\/revisions"}],"wp:featuredmedia":[{"embeddable":true,"href":"https:\/\/news.canadamotorjobs.com\/fr\/wp-json\/wp\/v2\/media\/135862"}],"wp:attachment":[{"href":"https:\/\/news.canadamotorjobs.com\/fr\/wp-json\/wp\/v2\/media?parent=135858"}],"wp:term":[{"taxonomy":"category","embeddable":true,"href":"https:\/\/news.canadamotorjobs.com\/fr\/wp-json\/wp\/v2\/categories?post=135858"},{"taxonomy":"post_tag","embeddable":true,"href":"https:\/\/news.canadamotorjobs.com\/fr\/wp-json\/wp\/v2\/tags?post=135858"}],"curies":[{"name":"wp","href":"https:\/\/api.w.org\/{rel}","templated":true}]}}