{"id":135850,"date":"2022-10-21T16:26:00","date_gmt":"2022-10-21T20:26:00","guid":{"rendered":"https:\/\/news.canadamotorjobs.com\/alef-modele-a-lauto-volante-qui-decolle-a-la-verticale\/"},"modified":"2022-10-22T13:14:02","modified_gmt":"2022-10-22T17:14:02","slug":"alef-modele-a-lauto-volante-qui-decolle-a-la-verticale","status":"publish","type":"post","link":"https:\/\/news.canadamotorjobs.com\/fr\/alef-modele-a-lauto-volante-qui-decolle-a-la-verticale\/","title":{"rendered":"Alef Mod\u00e8le\u00a0A, l\u2019auto volante qui d\u00e9colle \u00e0 la verticale"},"content":{"rendered":"<\/p>\n<p>L\u2019Alef Mod\u00e8le\u00a0A a beau ressembler \u00e0 un roadster performant, elle sera assur\u00e9ment beaucoup plus rapide dans les airs que sur terre. Car c\u2019est une <a href=\"https:\/\/annuelauto.ca\/un-vehicule-volant-chez-cadillac\/\" target=\"_blank\" rel=\"noopener noreferrer\">auto volante<\/a>; la seule \u00e0 pouvoir d\u00e9coller \u00e0 la verticale, affirme son constructeur. Mais, c\u2019est aussi un&#8230; VBV\u00a0!<\/p>\n<p> Alef\u00a0Aeronautics est une jeune entreprise de la Silicon\u00a0Valley. Lors d\u2019une conf\u00e9rence de presse pr\u00e9sent\u00e9e \u00e0 l\u2019Universit\u00e9 Draper de San\u00a0Mateo, en Californie, le 19 octobre, elle a diffus\u00e9 les premi\u00e8res images et quelques donn\u00e9es techniques de son \u00e9tonnante cr\u00e9ation.<\/p>\n<p> Sa rutilante cr\u00e9ation est qualifi\u00e9e d&#8217;eVTOL : \u00ab <em>e<\/em> \u00bb pour sa motorisation \u00e9lectrique et <em>VTOL<\/em> pour <em>vertical take-off and landing<\/em>, l\u2019acronyme anglais d\u00e9signant les a\u00e9ronefs \u00e0 d\u00e9collage et atterrissage vertical (ADAV).<\/p>\n<p> Le plus \u00e9tonnant dans ce d\u00e9voilement, \u00e0 mon avis, c\u2019est le fait que personne n\u2019avait entendu parler de cette voiture volante jusque-l\u00e0. Qui plus est, elle est d\u00e9j\u00e0 en vente et les premi\u00e8res livraisons sont pr\u00e9vues pour le dernier trimestre de 2025\u00a0!<\/p>\n<p> Alors, si vous r\u00eavez de d\u00e9couvrir le monde \u00e0 bord d\u2019une voiture volante, comme la fait le docteur Emmett Brown dans la trilogie <a href=\"https:\/\/annuelauto.ca\/lego-fait-un-retour-vers-le-futur\/\" target=\"_blank\" rel=\"noopener noreferrer\"><em>Retour vers le futur<\/em><\/a>, il vous suffit d\u2019inscrire votre nom dans le carnet de commandes d\u2019Alef, sur internet, et de verser 500\u00a0$US. Mais si vous \u00eates press\u00e9, en d\u00e9boursant 1\u00a0500\u00a0$US plut\u00f4t que 500, le constructeur placera votre nom au haut de la liste des commandes. Au fait, avais-je pr\u00e9cis\u00e9 que cet a\u00e9ronef routier est offert pour la coquette somme de 300\u00a0000\u00a0$US\u00a0?<\/p>\n<p> <strong>Une conception inusit\u00e9e<\/strong><br \/> La soci\u00e9t\u00e9 Alef<\/p>\n","protected":false},"excerpt":{"rendered":"<p>L\u2019Alef Mod\u00e8le\u00a0A a beau ressembler \u00e0 un roadster performant, elle sera assur\u00e9ment beaucoup plus rapide dans les airs que sur terre. Car c\u2019est une auto volante; la seule \u00e0 pouvoir d\u00e9coller \u00e0 la verticale, affirme son constructeur. Mais, c\u2019est aussi un&#8230; VBV\u00a0! Alef\u00a0Aeronautics est une jeune entreprise de la Silicon\u00a0Valley. Lors d\u2019une conf\u00e9rence de presse [&hellip;]<\/p>\n","protected":false},"author":8,"featured_media":135854,"comment_status":"close","ping_status":"closed","sticky":false,"template":"","format":"standard","meta":{"_monsterinsights_skip_tracking":false,"_monsterinsights_sitenote_active":false,"_monsterinsights_sitenote_note":"","_monsterinsights_sitenote_category":0,"footnotes":""},"categories":[101],"tags":[],"yoast_head":"<!-- This site is optimized with the Yoast SEO plugin v23.2 - https:\/\/yoast.com\/wordpress\/plugins\/seo\/ -->\n<title>Alef Mod\u00e8le\u00a0A, l\u2019auto volante qui d\u00e9colle \u00e0 la verticale - CanadaMotorJobs.com<\/title>\n<meta name=\"description\" content=\"Alef Mod\u00e8le\u00a0A, l\u2019auto volante qui d\u00e9colle \u00e0 la verticale - Benoit Charette - Annuel automobile - CanadaMotorJobs.com.\" \/>\n<meta name=\"robots\" content=\"index, follow, max-snippet:-1, max-image-preview:large, max-video-preview:-1\" \/>\n<meta property=\"og:locale\" content=\"fr_CA\" \/>\n<meta property=\"og:type\" content=\"article\" \/>\n<meta property=\"og:title\" content=\"Alef Mod\u00e8le\u00a0A, l\u2019auto volante qui d\u00e9colle \u00e0 la verticale - CanadaMotorJobs.com\" \/>\n<meta property=\"og:description\" content=\"Alef Mod\u00e8le\u00a0A, l\u2019auto volante qui d\u00e9colle \u00e0 la verticale - Benoit Charette - Annuel automobile - CanadaMotorJobs.com.\" \/>\n<meta property=\"og:url\" content=\"https:\/\/news.canadamotorjobs.com\/fr\/alef-modele-a-lauto-volante-qui-decolle-a-la-verticale\/\" \/>\n<meta property=\"og:site_name\" content=\"CanadaMotorJobs.com\" \/>\n<meta property=\"article:publisher\" content=\"https:\/\/www.facebook.com\/canadamotorjobs\/\" \/>\n<meta property=\"article:published_time\" content=\"2022-10-21T20:26:00+00:00\" \/>\n<meta property=\"article:modified_time\" content=\"2022-10-22T17:14:02+00:00\" \/>\n<meta property=\"og:image\" content=\"https:\/\/news.canadamotorjobs.com\/wp-content\/uploads\/2022\/10\/Alef-Mode\u0300le-A-2025-6-1.jpg\" \/>\n\t<meta property=\"og:image:width\" content=\"1500\" \/>\n\t<meta property=\"og:image:height\" content=\"1000\" \/>\n\t<meta property=\"og:image:type\" content=\"image\/jpeg\" \/>\n<meta name=\"author\" content=\"Benoit Charette\" \/>\n<meta name=\"twitter:card\" content=\"summary_large_image\" \/>\n<meta name=\"twitter:creator\" content=\"@canadamotorjobs\" \/>\n<meta name=\"twitter:site\" content=\"@canadamotorjobs\" \/>\n<meta name=\"twitter:label1\" content=\"\u00c9crit par\" \/>\n\t<meta name=\"twitter:data1\" content=\"Benoit Charette\" \/>\n\t<meta name=\"twitter:label2\" content=\"Estimation du temps de lecture\" \/>\n\t<meta name=\"twitter:data2\" content=\"1 minute\" \/>\n<!-- \/ Yoast SEO plugin. -->","yoast_head_json":{"title":"Alef Mod\u00e8le\u00a0A, l\u2019auto volante qui d\u00e9colle \u00e0 la verticale - CanadaMotorJobs.com","description":"Alef Mod\u00e8le\u00a0A, l\u2019auto volante qui d\u00e9colle \u00e0 la verticale - Benoit Charette - Annuel automobile - CanadaMotorJobs.com.","robots":{"index":"index","follow":"follow","max-snippet":"max-snippet:-1","max-image-preview":"max-image-preview:large","max-video-preview":"max-video-preview:-1"},"og_locale":"fr_CA","og_type":"article","og_title":"Alef Mod\u00e8le\u00a0A, l\u2019auto volante qui d\u00e9colle \u00e0 la verticale - CanadaMotorJobs.com","og_description":"Alef Mod\u00e8le\u00a0A, l\u2019auto volante qui d\u00e9colle \u00e0 la verticale - Benoit Charette - Annuel automobile - CanadaMotorJobs.com.","og_url":"https:\/\/news.canadamotorjobs.com\/fr\/alef-modele-a-lauto-volante-qui-decolle-a-la-verticale\/","og_site_name":"CanadaMotorJobs.com","article_publisher":"https:\/\/www.facebook.com\/canadamotorjobs\/","article_published_time":"2022-10-21T20:26:00+00:00","article_modified_time":"2022-10-22T17:14:02+00:00","og_image":[{"width":1500,"height":1000,"url":"https:\/\/news.canadamotorjobs.com\/wp-content\/uploads\/2022\/10\/Alef-Mode\u0300le-A-2025-6-1.jpg","type":"image\/jpeg"}],"author":"Benoit Charette","twitter_card":"summary_large_image","twitter_creator":"@canadamotorjobs","twitter_site":"@canadamotorjobs","twitter_misc":{"\u00c9crit par":"Benoit Charette","Estimation du temps de lecture":"1 minute"},"schema":{"@context":"https:\/\/schema.org","@graph":[{"@type":"Article","@id":"https:\/\/news.canadamotorjobs.com\/fr\/alef-modele-a-lauto-volante-qui-decolle-a-la-verticale\/#article","isPartOf":{"@id":"https:\/\/news.canadamotorjobs.com\/fr\/alef-modele-a-lauto-volante-qui-decolle-a-la-verticale\/"},"author":{"name":"Benoit Charette","@id":"https:\/\/news.canadamotorjobs.com\/#\/schema\/person\/51793d1f87d44011d7bcc2ed99269a90"},"headline":"Alef Mod\u00e8le\u00a0A, l\u2019auto volante qui d\u00e9colle \u00e0 la verticale","datePublished":"2022-10-21T20:26:00+00:00","dateModified":"2022-10-22T17:14:02+00:00","mainEntityOfPage":{"@id":"https:\/\/news.canadamotorjobs.com\/fr\/alef-modele-a-lauto-volante-qui-decolle-a-la-verticale\/"},"wordCount":285,"publisher":{"@id":"https:\/\/news.canadamotorjobs.com\/#organization"},"image":{"@id":"https:\/\/news.canadamotorjobs.com\/fr\/alef-modele-a-lauto-volante-qui-decolle-a-la-verticale\/#primaryimage"},"thumbnailUrl":"https:\/\/news.canadamotorjobs.com\/wp-content\/uploads\/2022\/10\/Alef-Mode\u0300le-A-2025-6-1.jpg","articleSection":["Annuel automobile"],"inLanguage":"fr-CA"},{"@type":"WebPage","@id":"https:\/\/news.canadamotorjobs.com\/fr\/alef-modele-a-lauto-volante-qui-decolle-a-la-verticale\/","url":"https:\/\/news.canadamotorjobs.com\/fr\/alef-modele-a-lauto-volante-qui-decolle-a-la-verticale\/","name":"Alef Mod\u00e8le\u00a0A, l\u2019auto volante qui d\u00e9colle \u00e0 la verticale - CanadaMotorJobs.com","isPartOf":{"@id":"https:\/\/news.canadamotorjobs.com\/#website"},"primaryImageOfPage":{"@id":"https:\/\/news.canadamotorjobs.com\/fr\/alef-modele-a-lauto-volante-qui-decolle-a-la-verticale\/#primaryimage"},"image":{"@id":"https:\/\/news.canadamotorjobs.com\/fr\/alef-modele-a-lauto-volante-qui-decolle-a-la-verticale\/#primaryimage"},"thumbnailUrl":"https:\/\/news.canadamotorjobs.com\/wp-content\/uploads\/2022\/10\/Alef-Mode\u0300le-A-2025-6-1.jpg","datePublished":"2022-10-21T20:26:00+00:00","dateModified":"2022-10-22T17:14:02+00:00","description":"Alef Mod\u00e8le\u00a0A, l\u2019auto volante qui d\u00e9colle \u00e0 la verticale - Benoit Charette - Annuel automobile - CanadaMotorJobs.com.","breadcrumb":{"@id":"https:\/\/news.canadamotorjobs.com\/fr\/alef-modele-a-lauto-volante-qui-decolle-a-la-verticale\/#breadcrumb"},"inLanguage":"fr-CA","potentialAction":[{"@type":"ReadAction","target":["https:\/\/news.canadamotorjobs.com\/fr\/alef-modele-a-lauto-volante-qui-decolle-a-la-verticale\/"]}]},{"@type":"ImageObject","inLanguage":"fr-CA","@id":"https:\/\/news.canadamotorjobs.com\/fr\/alef-modele-a-lauto-volante-qui-decolle-a-la-verticale\/#primaryimage","url":"https:\/\/news.canadamotorjobs.com\/wp-content\/uploads\/2022\/10\/Alef-Mode\u0300le-A-2025-6-1.jpg","contentUrl":"https:\/\/news.canadamotorjobs.com\/wp-content\/uploads\/2022\/10\/Alef-Mode\u0300le-A-2025-6-1.jpg","width":1500,"height":1000},{"@type":"BreadcrumbList","@id":"https:\/\/news.canadamotorjobs.com\/fr\/alef-modele-a-lauto-volante-qui-decolle-a-la-verticale\/#breadcrumb","itemListElement":[{"@type":"ListItem","position":1,"name":"Home","item":"https:\/\/news.canadamotorjobs.com\/fr\/blog\/"},{"@type":"ListItem","position":2,"name":"Alef Mod\u00e8le\u00a0A, l\u2019auto volante qui d\u00e9colle \u00e0 la verticale"}]},{"@type":"WebSite","@id":"https:\/\/news.canadamotorjobs.com\/#website","url":"https:\/\/news.canadamotorjobs.com\/","name":"CanadaMotorJobs.com","description":"Automotive Jobs","publisher":{"@id":"https:\/\/news.canadamotorjobs.com\/#organization"},"potentialAction":[{"@type":"SearchAction","target":{"@type":"EntryPoint","urlTemplate":"https:\/\/news.canadamotorjobs.com\/?s={search_term_string}"},"query-input":"required name=search_term_string"}],"inLanguage":"fr-CA"},{"@type":"Organization","@id":"https:\/\/news.canadamotorjobs.com\/#organization","name":"Canada Motor Jobs","url":"https:\/\/news.canadamotorjobs.com\/","logo":{"@type":"ImageObject","inLanguage":"fr-CA","@id":"https:\/\/news.canadamotorjobs.com\/#\/schema\/logo\/image\/","url":"https:\/\/news.canadamotorjobs.com\/wp-content\/uploads\/2022\/10\/logo-canada-motor-jobs-1.png","contentUrl":"https:\/\/news.canadamotorjobs.com\/wp-content\/uploads\/2022\/10\/logo-canada-motor-jobs-1.png","width":800,"height":400,"caption":"Canada Motor Jobs"},"image":{"@id":"https:\/\/news.canadamotorjobs.com\/#\/schema\/logo\/image\/"},"sameAs":["https:\/\/www.facebook.com\/canadamotorjobs\/","https:\/\/x.com\/canadamotorjobs","https:\/\/www.instagram.com\/canadamotorjobs\/","https:\/\/www.linkedin.com\/company\/canadamotorjobs"]},{"@type":"Person","@id":"https:\/\/news.canadamotorjobs.com\/#\/schema\/person\/51793d1f87d44011d7bcc2ed99269a90","name":"Benoit Charette","image":{"@type":"ImageObject","inLanguage":"fr-CA","@id":"https:\/\/news.canadamotorjobs.com\/#\/schema\/person\/image\/","url":"https:\/\/secure.gravatar.com\/avatar\/45f3d2eebcccd909668d7ce7ea7267b6?s=96&d=mm&r=g","contentUrl":"https:\/\/secure.gravatar.com\/avatar\/45f3d2eebcccd909668d7ce7ea7267b6?s=96&d=mm&r=g","caption":"Benoit Charette"},"description":"Benoit Charette \/ Propri\u00e9taire et r\u00e9dacteur en chef Benoit Charette pratique le journalisme automobile depuis bient\u00f4t 30 ans. Il a fait ses classes au c\u00f4t\u00e9 de Daniel H\u00e9raud et au Carnet de route de 1992 \u00e0 2001. Il est fondateur, copropri\u00e9taire et r\u00e9dacteur en chef de L\u2019Annuel de l\u2019automobile, qu\u2019il publie depuis 2001. Il a anim\u00e9 les \u00e9missions RPM et RPM+ sur V et les L\u00e9gendes de la route sur Historia. \u00c0 la radio depuis 1986, il reprend l\u2019antenne cette ann\u00e9e sur les ondes de Cogeco et participe pour la deuxi\u00e8me ann\u00e9e \u00e0 l\u2019\u00e9mission Passion Auto sur RDS en plus de mettre en ligne le site Web officiel de L\u2019Annuel de l\u2019automobile sur annuelauto.ca.","sameAs":["https:\/\/annuelauto.ca\/"],"url":"https:\/\/news.canadamotorjobs.com\/fr\/author\/benoit-charette\/"}]}},"_links":{"self":[{"href":"https:\/\/news.canadamotorjobs.com\/fr\/wp-json\/wp\/v2\/posts\/135850"}],"collection":[{"href":"https:\/\/news.canadamotorjobs.com\/fr\/wp-json\/wp\/v2\/posts"}],"about":[{"href":"https:\/\/news.canadamotorjobs.com\/fr\/wp-json\/wp\/v2\/types\/post"}],"author":[{"embeddable":true,"href":"https:\/\/news.canadamotorjobs.com\/fr\/wp-json\/wp\/v2\/users\/8"}],"replies":[{"embeddable":true,"href":"https:\/\/news.canadamotorjobs.com\/fr\/wp-json\/wp\/v2\/comments?post=135850"}],"version-history":[{"count":0,"href":"https:\/\/news.canadamotorjobs.com\/fr\/wp-json\/wp\/v2\/posts\/135850\/revisions"}],"wp:featuredmedia":[{"embeddable":true,"href":"https:\/\/news.canadamotorjobs.com\/fr\/wp-json\/wp\/v2\/media\/135854"}],"wp:attachment":[{"href":"https:\/\/news.canadamotorjobs.com\/fr\/wp-json\/wp\/v2\/media?parent=135850"}],"wp:term":[{"taxonomy":"category","embeddable":true,"href":"https:\/\/news.canadamotorjobs.com\/fr\/wp-json\/wp\/v2\/categories?post=135850"},{"taxonomy":"post_tag","embeddable":true,"href":"https:\/\/news.canadamotorjobs.com\/fr\/wp-json\/wp\/v2\/tags?post=135850"}],"curies":[{"name":"wp","href":"https:\/\/api.w.org\/{rel}","templated":true}]}}