{"id":135823,"date":"2022-10-21T07:04:02","date_gmt":"2022-10-21T11:04:02","guid":{"rendered":"https:\/\/news.canadamotorjobs.com\/le-fabricant-des-telephones-apple-veut-aussi-construire-des-tesla\/"},"modified":"2022-10-21T09:40:45","modified_gmt":"2022-10-21T13:40:45","slug":"le-fabricant-des-telephones-apple-veut-aussi-construire-des-tesla","status":"publish","type":"post","link":"https:\/\/news.canadamotorjobs.com\/fr\/le-fabricant-des-telephones-apple-veut-aussi-construire-des-tesla\/","title":{"rendered":"Le fabricant des t\u00e9l\u00e9phones Apple veut aussi construire des Tesla"},"content":{"rendered":"<p>L&#8217;ann\u00e9e derni\u00e8re, le fabricant d&#8217;iPhone Foxconn a annonc\u00e9 qu&#8217;il allait se lancer dans la fabrication de v\u00e9hicules \u00e9lectriques avec une nouvelle soci\u00e9t\u00e9 appel\u00e9e Foxtron, qui a pr\u00e9sent\u00e9 trois concepts. Depuis lors, l&#8217;entreprise a peaufin\u00e9 ses cr\u00e9ations en collaborant davantage avec des g\u00e9ants du secteur, notamment un design avec Pininfarina pour r\u00e9diger ses nouveaux mod\u00e8les. Et bien que la soci\u00e9t\u00e9 soit encore tr\u00e8s r\u00e9cente dans ce secteur, la progression de la compagnie est tr\u00e8s rapide.<\/p>\n<h3>On vise toujours plus haut<\/h3>\n<p>&#8220;J&#8217;esp\u00e8re qu&#8217;un jour nous pourrons fabriquer des voitures Tesla pour Tesla&#8221;, a d\u00e9clar\u00e9 Young Lio, PDG et pr\u00e9sident de Foxconn, ajoutant que l&#8217;entreprise vise 5 % de la part du march\u00e9 mondial de la fabrication de v\u00e9hicules \u00e9lectriques d&#8217;ici 2025. Mais pourquoi la soci\u00e9t\u00e9 veut-elle construire la Tesla Model S du futur si elle a d\u00e9j\u00e0 ses propres voitures en projet ? Les voitures que Foxxconn a pr\u00e9sent\u00e9es son le fruit du savoir-faire et une vitrine de leur technologie, mais Foxconn n\u2019est pas une compagnie automobile. Elle a besoin d\u2019un constructeur pour concr\u00e9tiser ce savoir-faire et Tesla est un partenaire id\u00e9al.<\/p>\n<h3>Mettre deux forces en commun<\/h3>\n<p>Foxconn conna\u00eet tout de la technologie et Tesla offre les voitures \u00e9lectriques les plus \u00e9volu\u00e9es sur la route en ce moment. Ensemble, ils peuvent sans doute red\u00e9finir ce que sera la voiture \u00e9lectrique d\u2019un futur proche. Foxconn affirme pouvoir r\u00e9duire de moiti\u00e9 le temps de conception et diminuer d&#8217;un tiers les co\u00fbts de d\u00e9veloppement pour un constructeur automobile. Ces affirmations sont impressionnantes, surtout si l&#8217;on<\/p>\n","protected":false},"excerpt":{"rendered":"<p>L&#8217;ann\u00e9e derni\u00e8re, le fabricant d&#8217;iPhone Foxconn a annonc\u00e9 qu&#8217;il allait se lancer dans la fabrication de v\u00e9hicules \u00e9lectriques avec une nouvelle soci\u00e9t\u00e9 appel\u00e9e Foxtron, qui a pr\u00e9sent\u00e9 trois concepts. Depuis lors, l&#8217;entreprise a peaufin\u00e9 ses cr\u00e9ations en collaborant davantage avec des g\u00e9ants du secteur, notamment un design avec Pininfarina pour r\u00e9diger ses nouveaux mod\u00e8les. Et [&hellip;]<\/p>\n","protected":false},"author":8,"featured_media":135827,"comment_status":"close","ping_status":"closed","sticky":false,"template":"","format":"standard","meta":{"_monsterinsights_skip_tracking":false,"_monsterinsights_sitenote_active":false,"_monsterinsights_sitenote_note":"","_monsterinsights_sitenote_category":0,"footnotes":""},"categories":[101],"tags":[],"yoast_head":"<!-- This site is optimized with the Yoast SEO plugin v23.2 - https:\/\/yoast.com\/wordpress\/plugins\/seo\/ -->\n<title>Le fabricant des t\u00e9l\u00e9phones Apple veut aussi construire des Tesla - CanadaMotorJobs.com<\/title>\n<meta name=\"description\" content=\"Le fabricant des t\u00e9l\u00e9phones Apple veut aussi construire des Tesla - Benoit Charette - Annuel automobile - CanadaMotorJobs.com.\" \/>\n<meta name=\"robots\" content=\"index, follow, max-snippet:-1, max-image-preview:large, max-video-preview:-1\" \/>\n<meta property=\"og:locale\" content=\"fr_CA\" \/>\n<meta property=\"og:type\" content=\"article\" \/>\n<meta property=\"og:title\" content=\"Le fabricant des t\u00e9l\u00e9phones Apple veut aussi construire des Tesla - CanadaMotorJobs.com\" \/>\n<meta property=\"og:description\" content=\"Le fabricant des t\u00e9l\u00e9phones Apple veut aussi construire des Tesla - Benoit Charette - Annuel automobile - CanadaMotorJobs.com.\" \/>\n<meta property=\"og:url\" content=\"https:\/\/news.canadamotorjobs.com\/fr\/le-fabricant-des-telephones-apple-veut-aussi-construire-des-tesla\/\" \/>\n<meta property=\"og:site_name\" content=\"CanadaMotorJobs.com\" \/>\n<meta property=\"article:publisher\" content=\"https:\/\/www.facebook.com\/canadamotorjobs\/\" \/>\n<meta property=\"article:published_time\" content=\"2022-10-21T11:04:02+00:00\" \/>\n<meta property=\"article:modified_time\" content=\"2022-10-21T13:40:45+00:00\" \/>\n<meta property=\"og:image\" content=\"https:\/\/news.canadamotorjobs.com\/wp-content\/uploads\/2022\/10\/Cropped-1618802849jpp036593074-1.jpg\" \/>\n\t<meta property=\"og:image:width\" content=\"2418\" \/>\n\t<meta property=\"og:image:height\" content=\"1360\" \/>\n\t<meta property=\"og:image:type\" content=\"image\/jpeg\" \/>\n<meta name=\"author\" content=\"Benoit Charette\" \/>\n<meta name=\"twitter:card\" content=\"summary_large_image\" \/>\n<meta name=\"twitter:creator\" content=\"@canadamotorjobs\" \/>\n<meta name=\"twitter:site\" content=\"@canadamotorjobs\" \/>\n<meta name=\"twitter:label1\" content=\"\u00c9crit par\" \/>\n\t<meta name=\"twitter:data1\" content=\"Benoit Charette\" \/>\n\t<meta name=\"twitter:label2\" content=\"Estimation du temps de lecture\" \/>\n\t<meta name=\"twitter:data2\" content=\"2 minutes\" \/>\n<!-- \/ Yoast SEO plugin. -->","yoast_head_json":{"title":"Le fabricant des t\u00e9l\u00e9phones Apple veut aussi construire des Tesla - CanadaMotorJobs.com","description":"Le fabricant des t\u00e9l\u00e9phones Apple veut aussi construire des Tesla - Benoit Charette - Annuel automobile - CanadaMotorJobs.com.","robots":{"index":"index","follow":"follow","max-snippet":"max-snippet:-1","max-image-preview":"max-image-preview:large","max-video-preview":"max-video-preview:-1"},"og_locale":"fr_CA","og_type":"article","og_title":"Le fabricant des t\u00e9l\u00e9phones Apple veut aussi construire des Tesla - CanadaMotorJobs.com","og_description":"Le fabricant des t\u00e9l\u00e9phones Apple veut aussi construire des Tesla - Benoit Charette - Annuel automobile - CanadaMotorJobs.com.","og_url":"https:\/\/news.canadamotorjobs.com\/fr\/le-fabricant-des-telephones-apple-veut-aussi-construire-des-tesla\/","og_site_name":"CanadaMotorJobs.com","article_publisher":"https:\/\/www.facebook.com\/canadamotorjobs\/","article_published_time":"2022-10-21T11:04:02+00:00","article_modified_time":"2022-10-21T13:40:45+00:00","og_image":[{"width":2418,"height":1360,"url":"https:\/\/news.canadamotorjobs.com\/wp-content\/uploads\/2022\/10\/Cropped-1618802849jpp036593074-1.jpg","type":"image\/jpeg"}],"author":"Benoit Charette","twitter_card":"summary_large_image","twitter_creator":"@canadamotorjobs","twitter_site":"@canadamotorjobs","twitter_misc":{"\u00c9crit par":"Benoit Charette","Estimation du temps de lecture":"2 minutes"},"schema":{"@context":"https:\/\/schema.org","@graph":[{"@type":"Article","@id":"https:\/\/news.canadamotorjobs.com\/fr\/le-fabricant-des-telephones-apple-veut-aussi-construire-des-tesla\/#article","isPartOf":{"@id":"https:\/\/news.canadamotorjobs.com\/fr\/le-fabricant-des-telephones-apple-veut-aussi-construire-des-tesla\/"},"author":{"name":"Benoit Charette","@id":"https:\/\/news.canadamotorjobs.com\/#\/schema\/person\/51793d1f87d44011d7bcc2ed99269a90"},"headline":"Le fabricant des t\u00e9l\u00e9phones Apple veut aussi construire des Tesla","datePublished":"2022-10-21T11:04:02+00:00","dateModified":"2022-10-21T13:40:45+00:00","mainEntityOfPage":{"@id":"https:\/\/news.canadamotorjobs.com\/fr\/le-fabricant-des-telephones-apple-veut-aussi-construire-des-tesla\/"},"wordCount":301,"publisher":{"@id":"https:\/\/news.canadamotorjobs.com\/#organization"},"image":{"@id":"https:\/\/news.canadamotorjobs.com\/fr\/le-fabricant-des-telephones-apple-veut-aussi-construire-des-tesla\/#primaryimage"},"thumbnailUrl":"https:\/\/news.canadamotorjobs.com\/wp-content\/uploads\/2022\/10\/Cropped-1618802849jpp036593074-1.jpg","articleSection":["Annuel automobile"],"inLanguage":"fr-CA"},{"@type":"WebPage","@id":"https:\/\/news.canadamotorjobs.com\/fr\/le-fabricant-des-telephones-apple-veut-aussi-construire-des-tesla\/","url":"https:\/\/news.canadamotorjobs.com\/fr\/le-fabricant-des-telephones-apple-veut-aussi-construire-des-tesla\/","name":"Le fabricant des t\u00e9l\u00e9phones Apple veut aussi construire des Tesla - CanadaMotorJobs.com","isPartOf":{"@id":"https:\/\/news.canadamotorjobs.com\/#website"},"primaryImageOfPage":{"@id":"https:\/\/news.canadamotorjobs.com\/fr\/le-fabricant-des-telephones-apple-veut-aussi-construire-des-tesla\/#primaryimage"},"image":{"@id":"https:\/\/news.canadamotorjobs.com\/fr\/le-fabricant-des-telephones-apple-veut-aussi-construire-des-tesla\/#primaryimage"},"thumbnailUrl":"https:\/\/news.canadamotorjobs.com\/wp-content\/uploads\/2022\/10\/Cropped-1618802849jpp036593074-1.jpg","datePublished":"2022-10-21T11:04:02+00:00","dateModified":"2022-10-21T13:40:45+00:00","description":"Le fabricant des t\u00e9l\u00e9phones Apple veut aussi construire des Tesla - Benoit Charette - Annuel automobile - CanadaMotorJobs.com.","breadcrumb":{"@id":"https:\/\/news.canadamotorjobs.com\/fr\/le-fabricant-des-telephones-apple-veut-aussi-construire-des-tesla\/#breadcrumb"},"inLanguage":"fr-CA","potentialAction":[{"@type":"ReadAction","target":["https:\/\/news.canadamotorjobs.com\/fr\/le-fabricant-des-telephones-apple-veut-aussi-construire-des-tesla\/"]}]},{"@type":"ImageObject","inLanguage":"fr-CA","@id":"https:\/\/news.canadamotorjobs.com\/fr\/le-fabricant-des-telephones-apple-veut-aussi-construire-des-tesla\/#primaryimage","url":"https:\/\/news.canadamotorjobs.com\/wp-content\/uploads\/2022\/10\/Cropped-1618802849jpp036593074-1.jpg","contentUrl":"https:\/\/news.canadamotorjobs.com\/wp-content\/uploads\/2022\/10\/Cropped-1618802849jpp036593074-1.jpg","width":2418,"height":1360},{"@type":"BreadcrumbList","@id":"https:\/\/news.canadamotorjobs.com\/fr\/le-fabricant-des-telephones-apple-veut-aussi-construire-des-tesla\/#breadcrumb","itemListElement":[{"@type":"ListItem","position":1,"name":"Home","item":"https:\/\/news.canadamotorjobs.com\/fr\/blog\/"},{"@type":"ListItem","position":2,"name":"Le fabricant des t\u00e9l\u00e9phones Apple veut aussi construire des Tesla"}]},{"@type":"WebSite","@id":"https:\/\/news.canadamotorjobs.com\/#website","url":"https:\/\/news.canadamotorjobs.com\/","name":"CanadaMotorJobs.com","description":"Automotive Jobs","publisher":{"@id":"https:\/\/news.canadamotorjobs.com\/#organization"},"potentialAction":[{"@type":"SearchAction","target":{"@type":"EntryPoint","urlTemplate":"https:\/\/news.canadamotorjobs.com\/?s={search_term_string}"},"query-input":"required name=search_term_string"}],"inLanguage":"fr-CA"},{"@type":"Organization","@id":"https:\/\/news.canadamotorjobs.com\/#organization","name":"Canada Motor Jobs","url":"https:\/\/news.canadamotorjobs.com\/","logo":{"@type":"ImageObject","inLanguage":"fr-CA","@id":"https:\/\/news.canadamotorjobs.com\/#\/schema\/logo\/image\/","url":"https:\/\/news.canadamotorjobs.com\/wp-content\/uploads\/2022\/10\/logo-canada-motor-jobs-1.png","contentUrl":"https:\/\/news.canadamotorjobs.com\/wp-content\/uploads\/2022\/10\/logo-canada-motor-jobs-1.png","width":800,"height":400,"caption":"Canada Motor Jobs"},"image":{"@id":"https:\/\/news.canadamotorjobs.com\/#\/schema\/logo\/image\/"},"sameAs":["https:\/\/www.facebook.com\/canadamotorjobs\/","https:\/\/x.com\/canadamotorjobs","https:\/\/www.instagram.com\/canadamotorjobs\/","https:\/\/www.linkedin.com\/company\/canadamotorjobs"]},{"@type":"Person","@id":"https:\/\/news.canadamotorjobs.com\/#\/schema\/person\/51793d1f87d44011d7bcc2ed99269a90","name":"Benoit Charette","image":{"@type":"ImageObject","inLanguage":"fr-CA","@id":"https:\/\/news.canadamotorjobs.com\/#\/schema\/person\/image\/","url":"https:\/\/secure.gravatar.com\/avatar\/45f3d2eebcccd909668d7ce7ea7267b6?s=96&d=mm&r=g","contentUrl":"https:\/\/secure.gravatar.com\/avatar\/45f3d2eebcccd909668d7ce7ea7267b6?s=96&d=mm&r=g","caption":"Benoit Charette"},"description":"Benoit Charette \/ Propri\u00e9taire et r\u00e9dacteur en chef Benoit Charette pratique le journalisme automobile depuis bient\u00f4t 30 ans. Il a fait ses classes au c\u00f4t\u00e9 de Daniel H\u00e9raud et au Carnet de route de 1992 \u00e0 2001. Il est fondateur, copropri\u00e9taire et r\u00e9dacteur en chef de L\u2019Annuel de l\u2019automobile, qu\u2019il publie depuis 2001. Il a anim\u00e9 les \u00e9missions RPM et RPM+ sur V et les L\u00e9gendes de la route sur Historia. \u00c0 la radio depuis 1986, il reprend l\u2019antenne cette ann\u00e9e sur les ondes de Cogeco et participe pour la deuxi\u00e8me ann\u00e9e \u00e0 l\u2019\u00e9mission Passion Auto sur RDS en plus de mettre en ligne le site Web officiel de L\u2019Annuel de l\u2019automobile sur annuelauto.ca.","sameAs":["https:\/\/annuelauto.ca\/"],"url":"https:\/\/news.canadamotorjobs.com\/fr\/author\/benoit-charette\/"}]}},"_links":{"self":[{"href":"https:\/\/news.canadamotorjobs.com\/fr\/wp-json\/wp\/v2\/posts\/135823"}],"collection":[{"href":"https:\/\/news.canadamotorjobs.com\/fr\/wp-json\/wp\/v2\/posts"}],"about":[{"href":"https:\/\/news.canadamotorjobs.com\/fr\/wp-json\/wp\/v2\/types\/post"}],"author":[{"embeddable":true,"href":"https:\/\/news.canadamotorjobs.com\/fr\/wp-json\/wp\/v2\/users\/8"}],"replies":[{"embeddable":true,"href":"https:\/\/news.canadamotorjobs.com\/fr\/wp-json\/wp\/v2\/comments?post=135823"}],"version-history":[{"count":0,"href":"https:\/\/news.canadamotorjobs.com\/fr\/wp-json\/wp\/v2\/posts\/135823\/revisions"}],"wp:featuredmedia":[{"embeddable":true,"href":"https:\/\/news.canadamotorjobs.com\/fr\/wp-json\/wp\/v2\/media\/135827"}],"wp:attachment":[{"href":"https:\/\/news.canadamotorjobs.com\/fr\/wp-json\/wp\/v2\/media?parent=135823"}],"wp:term":[{"taxonomy":"category","embeddable":true,"href":"https:\/\/news.canadamotorjobs.com\/fr\/wp-json\/wp\/v2\/categories?post=135823"},{"taxonomy":"post_tag","embeddable":true,"href":"https:\/\/news.canadamotorjobs.com\/fr\/wp-json\/wp\/v2\/tags?post=135823"}],"curies":[{"name":"wp","href":"https:\/\/api.w.org\/{rel}","templated":true}]}}