{"id":135782,"date":"2022-10-20T08:36:57","date_gmt":"2022-10-20T12:36:57","guid":{"rendered":"https:\/\/news.canadamotorjobs.com\/gm-envisage-lajout-dun-pick-up-hummer-de-taille-intermediaire\/"},"modified":"2022-10-20T09:25:01","modified_gmt":"2022-10-20T13:25:01","slug":"gm-envisage-lajout-dun-pick-up-hummer-de-taille-intermediaire","status":"publish","type":"post","link":"https:\/\/news.canadamotorjobs.com\/fr\/gm-envisage-lajout-dun-pick-up-hummer-de-taille-intermediaire\/","title":{"rendered":"GM envisage l\u2019ajout d\u2019un pick-up Hummer de taille interm\u00e9diaire"},"content":{"rendered":"<p>Malgr\u00e9 un prix fort sal\u00e9, le GMC Hummer EV conna\u00eet un grand succ\u00e8s et les carnets de commandes sont pleins.\u00a0 Un Hummer \u00e9lectrique plus petit est encore \u00e0 l&#8217;\u00e9tat de concept dans le studio californien de GM, mais il a de bonnes chances d&#8217;entrer en production et est consid\u00e9r\u00e9 comme un projet prioritaire, ont d\u00e9clar\u00e9 des responsables de GM, qui ont demand\u00e9 \u00e0 ne pas \u00eatre identifi\u00e9es, car les plans sont priv\u00e9s.<\/p>\n<h3>Le nom Hummer est magn\u00e9tique<\/h3>\n<p>Un peu comme le nom Jeep, celui de Hummer attire immanquablement la curiosit\u00e9. GM veut en faire un \u00e9l\u00e9ment central de sa strat\u00e9gie. La soci\u00e9t\u00e9 a d\u00e9clar\u00e9 qu&#8217;elle d\u00e9pensait 35 milliards de dollars pour construire 30 V\u00c9 d&#8217;ici 2025. Elle fait une perc\u00e9e sur le march\u00e9 en s&#8217;adressant aux clients haut de gamme avec le Hummer. Comme la marque jouit d\u2019une grande notori\u00e9t\u00e9, on veut miser \u00e0 fond sur ce concept. Un plus petit mod\u00e8le permettrait aussi de r\u00e9introduire le nom Hummer en Europe.<\/p>\n<h3>D\u00e9j\u00e0 90\u00a0000 commandes<\/h3>\n<p>Malgr\u00e9 un prix qui atteint les 125\u00a0000 $ chez nous, GMC a plus de 90\u00a0000 commandes de son pick-up Hummer et a m\u00eame du arr\u00eat\u00e9 temporairement les ventes et m\u00eame augmenter le prix, pour \u00e9viter un important retard de commandes. Au 30 septembre, la soci\u00e9t\u00e9 avait livr\u00e9 781 v\u00e9hicules.<\/p>\n<h3>Une strat\u00e9gie qui a fait ses preuves dans le pass\u00e9<\/h3>\n<p>Apr\u00e8s le gros Hummer qui \u00e9tait une version civile d\u2019un mod\u00e8le militaire, Hummer est arriv\u00e9 avec le H2 en 2002 qui a connu un immense succ\u00e8s avant<\/p>\n","protected":false},"excerpt":{"rendered":"<p>Malgr\u00e9 un prix fort sal\u00e9, le GMC Hummer EV conna\u00eet un grand succ\u00e8s et les carnets de commandes sont pleins.\u00a0 Un Hummer \u00e9lectrique plus petit est encore \u00e0 l&#8217;\u00e9tat de concept dans le studio californien de GM, mais il a de bonnes chances d&#8217;entrer en production et est consid\u00e9r\u00e9 comme un projet prioritaire, ont d\u00e9clar\u00e9 [&hellip;]<\/p>\n","protected":false},"author":8,"featured_media":135786,"comment_status":"close","ping_status":"closed","sticky":false,"template":"","format":"standard","meta":{"_monsterinsights_skip_tracking":false,"_monsterinsights_sitenote_active":false,"_monsterinsights_sitenote_note":"","_monsterinsights_sitenote_category":0,"footnotes":""},"categories":[101],"tags":[],"yoast_head":"<!-- This site is optimized with the Yoast SEO plugin v23.2 - https:\/\/yoast.com\/wordpress\/plugins\/seo\/ -->\n<title>GM envisage l\u2019ajout d\u2019un pick-up Hummer de taille interm\u00e9diaire - CanadaMotorJobs.com<\/title>\n<meta name=\"description\" content=\"GM envisage l\u2019ajout d\u2019un pick-up Hummer de taille interm\u00e9diaire - Benoit Charette - Annuel automobile - CanadaMotorJobs.com.\" \/>\n<meta name=\"robots\" content=\"index, follow, max-snippet:-1, max-image-preview:large, max-video-preview:-1\" \/>\n<meta property=\"og:locale\" content=\"fr_CA\" \/>\n<meta property=\"og:type\" content=\"article\" \/>\n<meta property=\"og:title\" content=\"GM envisage l\u2019ajout d\u2019un pick-up Hummer de taille interm\u00e9diaire - CanadaMotorJobs.com\" \/>\n<meta property=\"og:description\" content=\"GM envisage l\u2019ajout d\u2019un pick-up Hummer de taille interm\u00e9diaire - Benoit Charette - Annuel automobile - CanadaMotorJobs.com.\" \/>\n<meta property=\"og:url\" content=\"https:\/\/news.canadamotorjobs.com\/fr\/gm-envisage-lajout-dun-pick-up-hummer-de-taille-intermediaire\/\" \/>\n<meta property=\"og:site_name\" content=\"CanadaMotorJobs.com\" \/>\n<meta property=\"article:publisher\" content=\"https:\/\/www.facebook.com\/canadamotorjobs\/\" \/>\n<meta property=\"article:published_time\" content=\"2022-10-20T12:36:57+00:00\" \/>\n<meta property=\"article:modified_time\" content=\"2022-10-20T13:25:01+00:00\" \/>\n<meta property=\"og:image\" content=\"https:\/\/news.canadamotorjobs.com\/wp-content\/uploads\/2022\/10\/2022-GMC-HUMMER-EV-308-1.jpg\" \/>\n\t<meta property=\"og:image:width\" content=\"1500\" \/>\n\t<meta property=\"og:image:height\" content=\"1000\" \/>\n\t<meta property=\"og:image:type\" content=\"image\/jpeg\" \/>\n<meta name=\"author\" content=\"Benoit Charette\" \/>\n<meta name=\"twitter:card\" content=\"summary_large_image\" \/>\n<meta name=\"twitter:creator\" content=\"@canadamotorjobs\" \/>\n<meta name=\"twitter:site\" content=\"@canadamotorjobs\" \/>\n<meta name=\"twitter:label1\" content=\"\u00c9crit par\" \/>\n\t<meta name=\"twitter:data1\" content=\"Benoit Charette\" \/>\n\t<meta name=\"twitter:label2\" content=\"Estimation du temps de lecture\" \/>\n\t<meta name=\"twitter:data2\" content=\"2 minutes\" \/>\n<!-- \/ Yoast SEO plugin. -->","yoast_head_json":{"title":"GM envisage l\u2019ajout d\u2019un pick-up Hummer de taille interm\u00e9diaire - CanadaMotorJobs.com","description":"GM envisage l\u2019ajout d\u2019un pick-up Hummer de taille interm\u00e9diaire - Benoit Charette - Annuel automobile - CanadaMotorJobs.com.","robots":{"index":"index","follow":"follow","max-snippet":"max-snippet:-1","max-image-preview":"max-image-preview:large","max-video-preview":"max-video-preview:-1"},"og_locale":"fr_CA","og_type":"article","og_title":"GM envisage l\u2019ajout d\u2019un pick-up Hummer de taille interm\u00e9diaire - CanadaMotorJobs.com","og_description":"GM envisage l\u2019ajout d\u2019un pick-up Hummer de taille interm\u00e9diaire - Benoit Charette - Annuel automobile - CanadaMotorJobs.com.","og_url":"https:\/\/news.canadamotorjobs.com\/fr\/gm-envisage-lajout-dun-pick-up-hummer-de-taille-intermediaire\/","og_site_name":"CanadaMotorJobs.com","article_publisher":"https:\/\/www.facebook.com\/canadamotorjobs\/","article_published_time":"2022-10-20T12:36:57+00:00","article_modified_time":"2022-10-20T13:25:01+00:00","og_image":[{"width":1500,"height":1000,"url":"https:\/\/news.canadamotorjobs.com\/wp-content\/uploads\/2022\/10\/2022-GMC-HUMMER-EV-308-1.jpg","type":"image\/jpeg"}],"author":"Benoit Charette","twitter_card":"summary_large_image","twitter_creator":"@canadamotorjobs","twitter_site":"@canadamotorjobs","twitter_misc":{"\u00c9crit par":"Benoit Charette","Estimation du temps de lecture":"2 minutes"},"schema":{"@context":"https:\/\/schema.org","@graph":[{"@type":"Article","@id":"https:\/\/news.canadamotorjobs.com\/fr\/gm-envisage-lajout-dun-pick-up-hummer-de-taille-intermediaire\/#article","isPartOf":{"@id":"https:\/\/news.canadamotorjobs.com\/fr\/gm-envisage-lajout-dun-pick-up-hummer-de-taille-intermediaire\/"},"author":{"name":"Benoit Charette","@id":"https:\/\/news.canadamotorjobs.com\/#\/schema\/person\/51793d1f87d44011d7bcc2ed99269a90"},"headline":"GM envisage l\u2019ajout d\u2019un pick-up Hummer de taille interm\u00e9diaire","datePublished":"2022-10-20T12:36:57+00:00","dateModified":"2022-10-20T13:25:01+00:00","mainEntityOfPage":{"@id":"https:\/\/news.canadamotorjobs.com\/fr\/gm-envisage-lajout-dun-pick-up-hummer-de-taille-intermediaire\/"},"wordCount":282,"publisher":{"@id":"https:\/\/news.canadamotorjobs.com\/#organization"},"image":{"@id":"https:\/\/news.canadamotorjobs.com\/fr\/gm-envisage-lajout-dun-pick-up-hummer-de-taille-intermediaire\/#primaryimage"},"thumbnailUrl":"https:\/\/news.canadamotorjobs.com\/wp-content\/uploads\/2022\/10\/2022-GMC-HUMMER-EV-308-1.jpg","articleSection":["Annuel automobile"],"inLanguage":"fr-CA"},{"@type":"WebPage","@id":"https:\/\/news.canadamotorjobs.com\/fr\/gm-envisage-lajout-dun-pick-up-hummer-de-taille-intermediaire\/","url":"https:\/\/news.canadamotorjobs.com\/fr\/gm-envisage-lajout-dun-pick-up-hummer-de-taille-intermediaire\/","name":"GM envisage l\u2019ajout d\u2019un pick-up Hummer de taille interm\u00e9diaire - CanadaMotorJobs.com","isPartOf":{"@id":"https:\/\/news.canadamotorjobs.com\/#website"},"primaryImageOfPage":{"@id":"https:\/\/news.canadamotorjobs.com\/fr\/gm-envisage-lajout-dun-pick-up-hummer-de-taille-intermediaire\/#primaryimage"},"image":{"@id":"https:\/\/news.canadamotorjobs.com\/fr\/gm-envisage-lajout-dun-pick-up-hummer-de-taille-intermediaire\/#primaryimage"},"thumbnailUrl":"https:\/\/news.canadamotorjobs.com\/wp-content\/uploads\/2022\/10\/2022-GMC-HUMMER-EV-308-1.jpg","datePublished":"2022-10-20T12:36:57+00:00","dateModified":"2022-10-20T13:25:01+00:00","description":"GM envisage l\u2019ajout d\u2019un pick-up Hummer de taille interm\u00e9diaire - Benoit Charette - Annuel automobile - CanadaMotorJobs.com.","breadcrumb":{"@id":"https:\/\/news.canadamotorjobs.com\/fr\/gm-envisage-lajout-dun-pick-up-hummer-de-taille-intermediaire\/#breadcrumb"},"inLanguage":"fr-CA","potentialAction":[{"@type":"ReadAction","target":["https:\/\/news.canadamotorjobs.com\/fr\/gm-envisage-lajout-dun-pick-up-hummer-de-taille-intermediaire\/"]}]},{"@type":"ImageObject","inLanguage":"fr-CA","@id":"https:\/\/news.canadamotorjobs.com\/fr\/gm-envisage-lajout-dun-pick-up-hummer-de-taille-intermediaire\/#primaryimage","url":"https:\/\/news.canadamotorjobs.com\/wp-content\/uploads\/2022\/10\/2022-GMC-HUMMER-EV-308-1.jpg","contentUrl":"https:\/\/news.canadamotorjobs.com\/wp-content\/uploads\/2022\/10\/2022-GMC-HUMMER-EV-308-1.jpg","width":1500,"height":1000},{"@type":"BreadcrumbList","@id":"https:\/\/news.canadamotorjobs.com\/fr\/gm-envisage-lajout-dun-pick-up-hummer-de-taille-intermediaire\/#breadcrumb","itemListElement":[{"@type":"ListItem","position":1,"name":"Home","item":"https:\/\/news.canadamotorjobs.com\/fr\/blog\/"},{"@type":"ListItem","position":2,"name":"GM envisage l\u2019ajout d\u2019un pick-up Hummer de taille interm\u00e9diaire"}]},{"@type":"WebSite","@id":"https:\/\/news.canadamotorjobs.com\/#website","url":"https:\/\/news.canadamotorjobs.com\/","name":"CanadaMotorJobs.com","description":"Automotive Jobs","publisher":{"@id":"https:\/\/news.canadamotorjobs.com\/#organization"},"potentialAction":[{"@type":"SearchAction","target":{"@type":"EntryPoint","urlTemplate":"https:\/\/news.canadamotorjobs.com\/?s={search_term_string}"},"query-input":"required name=search_term_string"}],"inLanguage":"fr-CA"},{"@type":"Organization","@id":"https:\/\/news.canadamotorjobs.com\/#organization","name":"Canada Motor Jobs","url":"https:\/\/news.canadamotorjobs.com\/","logo":{"@type":"ImageObject","inLanguage":"fr-CA","@id":"https:\/\/news.canadamotorjobs.com\/#\/schema\/logo\/image\/","url":"https:\/\/news.canadamotorjobs.com\/wp-content\/uploads\/2022\/10\/logo-canada-motor-jobs-1.png","contentUrl":"https:\/\/news.canadamotorjobs.com\/wp-content\/uploads\/2022\/10\/logo-canada-motor-jobs-1.png","width":800,"height":400,"caption":"Canada Motor Jobs"},"image":{"@id":"https:\/\/news.canadamotorjobs.com\/#\/schema\/logo\/image\/"},"sameAs":["https:\/\/www.facebook.com\/canadamotorjobs\/","https:\/\/x.com\/canadamotorjobs","https:\/\/www.instagram.com\/canadamotorjobs\/","https:\/\/www.linkedin.com\/company\/canadamotorjobs"]},{"@type":"Person","@id":"https:\/\/news.canadamotorjobs.com\/#\/schema\/person\/51793d1f87d44011d7bcc2ed99269a90","name":"Benoit Charette","image":{"@type":"ImageObject","inLanguage":"fr-CA","@id":"https:\/\/news.canadamotorjobs.com\/#\/schema\/person\/image\/","url":"https:\/\/secure.gravatar.com\/avatar\/45f3d2eebcccd909668d7ce7ea7267b6?s=96&d=mm&r=g","contentUrl":"https:\/\/secure.gravatar.com\/avatar\/45f3d2eebcccd909668d7ce7ea7267b6?s=96&d=mm&r=g","caption":"Benoit Charette"},"description":"Benoit Charette \/ Propri\u00e9taire et r\u00e9dacteur en chef Benoit Charette pratique le journalisme automobile depuis bient\u00f4t 30 ans. Il a fait ses classes au c\u00f4t\u00e9 de Daniel H\u00e9raud et au Carnet de route de 1992 \u00e0 2001. Il est fondateur, copropri\u00e9taire et r\u00e9dacteur en chef de L\u2019Annuel de l\u2019automobile, qu\u2019il publie depuis 2001. Il a anim\u00e9 les \u00e9missions RPM et RPM+ sur V et les L\u00e9gendes de la route sur Historia. \u00c0 la radio depuis 1986, il reprend l\u2019antenne cette ann\u00e9e sur les ondes de Cogeco et participe pour la deuxi\u00e8me ann\u00e9e \u00e0 l\u2019\u00e9mission Passion Auto sur RDS en plus de mettre en ligne le site Web officiel de L\u2019Annuel de l\u2019automobile sur annuelauto.ca.","sameAs":["https:\/\/annuelauto.ca\/"],"url":"https:\/\/news.canadamotorjobs.com\/fr\/author\/benoit-charette\/"}]}},"_links":{"self":[{"href":"https:\/\/news.canadamotorjobs.com\/fr\/wp-json\/wp\/v2\/posts\/135782"}],"collection":[{"href":"https:\/\/news.canadamotorjobs.com\/fr\/wp-json\/wp\/v2\/posts"}],"about":[{"href":"https:\/\/news.canadamotorjobs.com\/fr\/wp-json\/wp\/v2\/types\/post"}],"author":[{"embeddable":true,"href":"https:\/\/news.canadamotorjobs.com\/fr\/wp-json\/wp\/v2\/users\/8"}],"replies":[{"embeddable":true,"href":"https:\/\/news.canadamotorjobs.com\/fr\/wp-json\/wp\/v2\/comments?post=135782"}],"version-history":[{"count":0,"href":"https:\/\/news.canadamotorjobs.com\/fr\/wp-json\/wp\/v2\/posts\/135782\/revisions"}],"wp:featuredmedia":[{"embeddable":true,"href":"https:\/\/news.canadamotorjobs.com\/fr\/wp-json\/wp\/v2\/media\/135786"}],"wp:attachment":[{"href":"https:\/\/news.canadamotorjobs.com\/fr\/wp-json\/wp\/v2\/media?parent=135782"}],"wp:term":[{"taxonomy":"category","embeddable":true,"href":"https:\/\/news.canadamotorjobs.com\/fr\/wp-json\/wp\/v2\/categories?post=135782"},{"taxonomy":"post_tag","embeddable":true,"href":"https:\/\/news.canadamotorjobs.com\/fr\/wp-json\/wp\/v2\/tags?post=135782"}],"curies":[{"name":"wp","href":"https:\/\/api.w.org\/{rel}","templated":true}]}}