{"id":135774,"date":"2022-10-20T08:08:53","date_gmt":"2022-10-20T12:08:53","guid":{"rendered":"https:\/\/news.canadamotorjobs.com\/le-canada-se-positionne-en-leader-des-camions-electriques\/"},"modified":"2022-10-20T09:25:56","modified_gmt":"2022-10-20T13:25:56","slug":"le-canada-se-positionne-en-leader-des-camions-electriques","status":"publish","type":"post","link":"https:\/\/news.canadamotorjobs.com\/fr\/le-canada-se-positionne-en-leader-des-camions-electriques\/","title":{"rendered":"Le Canada se positionne en leader des camions \u00e9lectriques"},"content":{"rendered":"<p>Il n\u2019y a pas seulement Lion \u00c9lectrique ni m\u00eame le Qu\u00e9bec qui veut profiter de l\u2019\u00e9lectrification des transports pour faire cro\u00eetre son industrie\u2026 La Colombie-Britannique nourrit la m\u00eame ambition et au moins une de ses entreprises, Vicinity Motor, vient de faire un gros pas en avant pour s\u2019imposer comme leader du camion de livraison \u00e9lectrique partout en Am\u00e9rique du Nord.<\/p>\n<p>On conna\u00eet d\u00e9j\u00e0 plut\u00f4t bien au Qu\u00e9bec la soci\u00e9t\u00e9 Lion \u00c9lectrique parce que ses autobus scolaires tout \u00e9lectriques ont commenc\u00e9 \u00e0 prendre la route. Lion \u00c9lectrique qui commence la commercialisation des camions Classe 8, entres autres avec Familiprix.. On parle de v\u00e9hicules lourds, ici. Les camions de Classe 8 sont des v\u00e9hicules qui vont facilement plus de 26 pieds de longueur et qui peuvent accepter une charge de 30\u00a0000 livres.<\/p>\n<p>Vicinity Motor est ailleurs dans ce march\u00e9. Le constructeur qui a ses installations \u00e0 une heure \u00e0 l\u2019est de Vancouver vient de mettre sur la route un camion de Classe 3 appel\u00e9 VMC 1200 et qui est davantage destin\u00e9 \u00e0 la livraison dans des milieux urbains. C\u2019est le genre de camions qu\u2019une soci\u00e9t\u00e9 comme Purolator devrait adorer. Le VMC 1200 a une autonomie qui varie selon le mod\u00e8le entre 240 et 300 kilom\u00e8tres par charge quand il est plein. Sa capacit\u00e9 maximale de cargo est de 10\u00a0000 livres. Tout \u00e7a mis ensemble, \u00e7a r\u00e9pond aux besoins quotidiens d\u2019une soci\u00e9t\u00e9 de livraison comme Puro. Autrement dit, on n\u2019aurait qu\u2019\u00e0 recharger le camion qu\u2019une fois par jour.<\/p>\n<p>Ce n\u2019est<\/p>\n","protected":false},"excerpt":{"rendered":"<p>Il n\u2019y a pas seulement Lion \u00c9lectrique ni m\u00eame le Qu\u00e9bec qui veut profiter de l\u2019\u00e9lectrification des transports pour faire cro\u00eetre son industrie\u2026 La Colombie-Britannique nourrit la m\u00eame ambition et au moins une de ses entreprises, Vicinity Motor, vient de faire un gros pas en avant pour s\u2019imposer comme leader du camion de livraison \u00e9lectrique [&hellip;]<\/p>\n","protected":false},"author":8,"featured_media":135778,"comment_status":"close","ping_status":"closed","sticky":false,"template":"","format":"standard","meta":{"_monsterinsights_skip_tracking":false,"_monsterinsights_sitenote_active":false,"_monsterinsights_sitenote_note":"","_monsterinsights_sitenote_category":0,"footnotes":""},"categories":[101],"tags":[],"yoast_head":"<!-- This site is optimized with the Yoast SEO plugin v23.2 - https:\/\/yoast.com\/wordpress\/plugins\/seo\/ -->\n<title>Le Canada se positionne en leader des camions \u00e9lectriques - CanadaMotorJobs.com<\/title>\n<meta name=\"description\" content=\"Le Canada se positionne en leader des camions \u00e9lectriques - Benoit Charette - Annuel automobile - CanadaMotorJobs.com.\" \/>\n<meta name=\"robots\" content=\"index, follow, max-snippet:-1, max-image-preview:large, max-video-preview:-1\" \/>\n<meta property=\"og:locale\" content=\"fr_CA\" \/>\n<meta property=\"og:type\" content=\"article\" \/>\n<meta property=\"og:title\" content=\"Le Canada se positionne en leader des camions \u00e9lectriques - CanadaMotorJobs.com\" \/>\n<meta property=\"og:description\" content=\"Le Canada se positionne en leader des camions \u00e9lectriques - Benoit Charette - Annuel automobile - CanadaMotorJobs.com.\" \/>\n<meta property=\"og:url\" content=\"https:\/\/news.canadamotorjobs.com\/fr\/le-canada-se-positionne-en-leader-des-camions-electriques\/\" \/>\n<meta property=\"og:site_name\" content=\"CanadaMotorJobs.com\" \/>\n<meta property=\"article:publisher\" content=\"https:\/\/www.facebook.com\/canadamotorjobs\/\" \/>\n<meta property=\"article:published_time\" content=\"2022-10-20T12:08:53+00:00\" \/>\n<meta property=\"article:modified_time\" content=\"2022-10-20T13:25:56+00:00\" \/>\n<meta property=\"og:image\" content=\"https:\/\/news.canadamotorjobs.com\/wp-content\/uploads\/2022\/10\/VMC-1200-1.jpeg\" \/>\n\t<meta property=\"og:image:width\" content=\"1600\" \/>\n\t<meta property=\"og:image:height\" content=\"900\" \/>\n\t<meta property=\"og:image:type\" content=\"image\/jpeg\" \/>\n<meta name=\"author\" content=\"Benoit Charette\" \/>\n<meta name=\"twitter:card\" content=\"summary_large_image\" \/>\n<meta name=\"twitter:creator\" content=\"@canadamotorjobs\" \/>\n<meta name=\"twitter:site\" content=\"@canadamotorjobs\" \/>\n<meta name=\"twitter:label1\" content=\"\u00c9crit par\" \/>\n\t<meta name=\"twitter:data1\" content=\"Benoit Charette\" \/>\n\t<meta name=\"twitter:label2\" content=\"Estimation du temps de lecture\" \/>\n\t<meta name=\"twitter:data2\" content=\"2 minutes\" \/>\n<!-- \/ Yoast SEO plugin. -->","yoast_head_json":{"title":"Le Canada se positionne en leader des camions \u00e9lectriques - CanadaMotorJobs.com","description":"Le Canada se positionne en leader des camions \u00e9lectriques - Benoit Charette - Annuel automobile - CanadaMotorJobs.com.","robots":{"index":"index","follow":"follow","max-snippet":"max-snippet:-1","max-image-preview":"max-image-preview:large","max-video-preview":"max-video-preview:-1"},"og_locale":"fr_CA","og_type":"article","og_title":"Le Canada se positionne en leader des camions \u00e9lectriques - CanadaMotorJobs.com","og_description":"Le Canada se positionne en leader des camions \u00e9lectriques - Benoit Charette - Annuel automobile - CanadaMotorJobs.com.","og_url":"https:\/\/news.canadamotorjobs.com\/fr\/le-canada-se-positionne-en-leader-des-camions-electriques\/","og_site_name":"CanadaMotorJobs.com","article_publisher":"https:\/\/www.facebook.com\/canadamotorjobs\/","article_published_time":"2022-10-20T12:08:53+00:00","article_modified_time":"2022-10-20T13:25:56+00:00","og_image":[{"width":1600,"height":900,"url":"https:\/\/news.canadamotorjobs.com\/wp-content\/uploads\/2022\/10\/VMC-1200-1.jpeg","type":"image\/jpeg"}],"author":"Benoit Charette","twitter_card":"summary_large_image","twitter_creator":"@canadamotorjobs","twitter_site":"@canadamotorjobs","twitter_misc":{"\u00c9crit par":"Benoit Charette","Estimation du temps de lecture":"2 minutes"},"schema":{"@context":"https:\/\/schema.org","@graph":[{"@type":"Article","@id":"https:\/\/news.canadamotorjobs.com\/fr\/le-canada-se-positionne-en-leader-des-camions-electriques\/#article","isPartOf":{"@id":"https:\/\/news.canadamotorjobs.com\/fr\/le-canada-se-positionne-en-leader-des-camions-electriques\/"},"author":{"name":"Benoit Charette","@id":"https:\/\/news.canadamotorjobs.com\/#\/schema\/person\/51793d1f87d44011d7bcc2ed99269a90"},"headline":"Le Canada se positionne en leader des camions \u00e9lectriques","datePublished":"2022-10-20T12:08:53+00:00","dateModified":"2022-10-20T13:25:56+00:00","mainEntityOfPage":{"@id":"https:\/\/news.canadamotorjobs.com\/fr\/le-canada-se-positionne-en-leader-des-camions-electriques\/"},"wordCount":269,"publisher":{"@id":"https:\/\/news.canadamotorjobs.com\/#organization"},"image":{"@id":"https:\/\/news.canadamotorjobs.com\/fr\/le-canada-se-positionne-en-leader-des-camions-electriques\/#primaryimage"},"thumbnailUrl":"https:\/\/news.canadamotorjobs.com\/wp-content\/uploads\/2022\/10\/VMC-1200-1.jpeg","articleSection":["Annuel automobile"],"inLanguage":"fr-CA"},{"@type":"WebPage","@id":"https:\/\/news.canadamotorjobs.com\/fr\/le-canada-se-positionne-en-leader-des-camions-electriques\/","url":"https:\/\/news.canadamotorjobs.com\/fr\/le-canada-se-positionne-en-leader-des-camions-electriques\/","name":"Le Canada se positionne en leader des camions \u00e9lectriques - CanadaMotorJobs.com","isPartOf":{"@id":"https:\/\/news.canadamotorjobs.com\/#website"},"primaryImageOfPage":{"@id":"https:\/\/news.canadamotorjobs.com\/fr\/le-canada-se-positionne-en-leader-des-camions-electriques\/#primaryimage"},"image":{"@id":"https:\/\/news.canadamotorjobs.com\/fr\/le-canada-se-positionne-en-leader-des-camions-electriques\/#primaryimage"},"thumbnailUrl":"https:\/\/news.canadamotorjobs.com\/wp-content\/uploads\/2022\/10\/VMC-1200-1.jpeg","datePublished":"2022-10-20T12:08:53+00:00","dateModified":"2022-10-20T13:25:56+00:00","description":"Le Canada se positionne en leader des camions \u00e9lectriques - Benoit Charette - Annuel automobile - CanadaMotorJobs.com.","breadcrumb":{"@id":"https:\/\/news.canadamotorjobs.com\/fr\/le-canada-se-positionne-en-leader-des-camions-electriques\/#breadcrumb"},"inLanguage":"fr-CA","potentialAction":[{"@type":"ReadAction","target":["https:\/\/news.canadamotorjobs.com\/fr\/le-canada-se-positionne-en-leader-des-camions-electriques\/"]}]},{"@type":"ImageObject","inLanguage":"fr-CA","@id":"https:\/\/news.canadamotorjobs.com\/fr\/le-canada-se-positionne-en-leader-des-camions-electriques\/#primaryimage","url":"https:\/\/news.canadamotorjobs.com\/wp-content\/uploads\/2022\/10\/VMC-1200-1.jpeg","contentUrl":"https:\/\/news.canadamotorjobs.com\/wp-content\/uploads\/2022\/10\/VMC-1200-1.jpeg","width":1600,"height":900},{"@type":"BreadcrumbList","@id":"https:\/\/news.canadamotorjobs.com\/fr\/le-canada-se-positionne-en-leader-des-camions-electriques\/#breadcrumb","itemListElement":[{"@type":"ListItem","position":1,"name":"Home","item":"https:\/\/news.canadamotorjobs.com\/fr\/blog\/"},{"@type":"ListItem","position":2,"name":"Le Canada se positionne en leader des camions \u00e9lectriques"}]},{"@type":"WebSite","@id":"https:\/\/news.canadamotorjobs.com\/#website","url":"https:\/\/news.canadamotorjobs.com\/","name":"CanadaMotorJobs.com","description":"Automotive Jobs","publisher":{"@id":"https:\/\/news.canadamotorjobs.com\/#organization"},"potentialAction":[{"@type":"SearchAction","target":{"@type":"EntryPoint","urlTemplate":"https:\/\/news.canadamotorjobs.com\/?s={search_term_string}"},"query-input":"required name=search_term_string"}],"inLanguage":"fr-CA"},{"@type":"Organization","@id":"https:\/\/news.canadamotorjobs.com\/#organization","name":"Canada Motor Jobs","url":"https:\/\/news.canadamotorjobs.com\/","logo":{"@type":"ImageObject","inLanguage":"fr-CA","@id":"https:\/\/news.canadamotorjobs.com\/#\/schema\/logo\/image\/","url":"https:\/\/news.canadamotorjobs.com\/wp-content\/uploads\/2022\/10\/logo-canada-motor-jobs-1.png","contentUrl":"https:\/\/news.canadamotorjobs.com\/wp-content\/uploads\/2022\/10\/logo-canada-motor-jobs-1.png","width":800,"height":400,"caption":"Canada Motor Jobs"},"image":{"@id":"https:\/\/news.canadamotorjobs.com\/#\/schema\/logo\/image\/"},"sameAs":["https:\/\/www.facebook.com\/canadamotorjobs\/","https:\/\/x.com\/canadamotorjobs","https:\/\/www.instagram.com\/canadamotorjobs\/","https:\/\/www.linkedin.com\/company\/canadamotorjobs"]},{"@type":"Person","@id":"https:\/\/news.canadamotorjobs.com\/#\/schema\/person\/51793d1f87d44011d7bcc2ed99269a90","name":"Benoit Charette","image":{"@type":"ImageObject","inLanguage":"fr-CA","@id":"https:\/\/news.canadamotorjobs.com\/#\/schema\/person\/image\/","url":"https:\/\/secure.gravatar.com\/avatar\/45f3d2eebcccd909668d7ce7ea7267b6?s=96&d=mm&r=g","contentUrl":"https:\/\/secure.gravatar.com\/avatar\/45f3d2eebcccd909668d7ce7ea7267b6?s=96&d=mm&r=g","caption":"Benoit Charette"},"description":"Benoit Charette \/ Propri\u00e9taire et r\u00e9dacteur en chef Benoit Charette pratique le journalisme automobile depuis bient\u00f4t 30 ans. Il a fait ses classes au c\u00f4t\u00e9 de Daniel H\u00e9raud et au Carnet de route de 1992 \u00e0 2001. Il est fondateur, copropri\u00e9taire et r\u00e9dacteur en chef de L\u2019Annuel de l\u2019automobile, qu\u2019il publie depuis 2001. Il a anim\u00e9 les \u00e9missions RPM et RPM+ sur V et les L\u00e9gendes de la route sur Historia. \u00c0 la radio depuis 1986, il reprend l\u2019antenne cette ann\u00e9e sur les ondes de Cogeco et participe pour la deuxi\u00e8me ann\u00e9e \u00e0 l\u2019\u00e9mission Passion Auto sur RDS en plus de mettre en ligne le site Web officiel de L\u2019Annuel de l\u2019automobile sur annuelauto.ca.","sameAs":["https:\/\/annuelauto.ca\/"],"url":"https:\/\/news.canadamotorjobs.com\/fr\/author\/benoit-charette\/"}]}},"_links":{"self":[{"href":"https:\/\/news.canadamotorjobs.com\/fr\/wp-json\/wp\/v2\/posts\/135774"}],"collection":[{"href":"https:\/\/news.canadamotorjobs.com\/fr\/wp-json\/wp\/v2\/posts"}],"about":[{"href":"https:\/\/news.canadamotorjobs.com\/fr\/wp-json\/wp\/v2\/types\/post"}],"author":[{"embeddable":true,"href":"https:\/\/news.canadamotorjobs.com\/fr\/wp-json\/wp\/v2\/users\/8"}],"replies":[{"embeddable":true,"href":"https:\/\/news.canadamotorjobs.com\/fr\/wp-json\/wp\/v2\/comments?post=135774"}],"version-history":[{"count":0,"href":"https:\/\/news.canadamotorjobs.com\/fr\/wp-json\/wp\/v2\/posts\/135774\/revisions"}],"wp:featuredmedia":[{"embeddable":true,"href":"https:\/\/news.canadamotorjobs.com\/fr\/wp-json\/wp\/v2\/media\/135778"}],"wp:attachment":[{"href":"https:\/\/news.canadamotorjobs.com\/fr\/wp-json\/wp\/v2\/media?parent=135774"}],"wp:term":[{"taxonomy":"category","embeddable":true,"href":"https:\/\/news.canadamotorjobs.com\/fr\/wp-json\/wp\/v2\/categories?post=135774"},{"taxonomy":"post_tag","embeddable":true,"href":"https:\/\/news.canadamotorjobs.com\/fr\/wp-json\/wp\/v2\/tags?post=135774"}],"curies":[{"name":"wp","href":"https:\/\/api.w.org\/{rel}","templated":true}]}}