{"id":135716,"date":"2022-10-18T18:16:59","date_gmt":"2022-10-18T22:16:59","guid":{"rendered":"https:\/\/news.canadamotorjobs.com\/saviez-vous-que-la-chevrolet-camaro-sappelait-dabord-la-panther\/"},"modified":"2022-10-19T10:42:16","modified_gmt":"2022-10-19T14:42:16","slug":"saviez-vous-que-la-chevrolet-camaro-sappelait-dabord-la-panther","status":"publish","type":"post","link":"https:\/\/news.canadamotorjobs.com\/fr\/saviez-vous-que-la-chevrolet-camaro-sappelait-dabord-la-panther\/","title":{"rendered":"Saviez-vous que la Chevrolet Camaro s\u2019appelait d\u2019abord la Panther ?"},"content":{"rendered":"<p>Le projet XP-836, dont le d\u00e9veloppement a d\u00e9but\u00e9 en ao\u00fbt 1964, devait \u00eatre con\u00e7u comme un concurrent direct de la Mustang et cr\u00e9er la nouvelle base du design pour le restylage de la Chevy II\/Nova en 1968. Le projet devait \u00e9galement \u00eatre charg\u00e9 de lancer deux nouveaux moteurs V8. Le premier \u00e9tait le d\u00e9sormais embl\u00e9matique V8 350 con\u00e7u uniquement pour la nouvelle Panther, ainsi qu\u2019un 302 pouces cubes.<\/p>\n<h3>Un nom qui ne plaisait pas<\/h3>\n<p>Le patron de Chevrolet \u00e0 l\u2019\u00e9poque Peter Estes d\u00e9testait le nom de Panther et avait mis sur pied un regroupement baptis\u00e9 SEPAW (Society for the Elimination of Panthers from the Automotive World [soci\u00e9t\u00e9 pour l\u2019\u00e9limination des panth\u00e8res dans l\u2019industrie automobile). Il avait invit\u00e9 par t\u00e9l\u00e9gramme (nous sommes en 1966) 200 journalistes provenant de 14 villes am\u00e9ricaines ont \u00e0 participer \u00e0 une conf\u00e9rence t\u00e9l\u00e9phonique pour pr\u00e9senter le dossier SEPAW, un exploit technologique \u00e0 l\u2019\u00e9poque.<\/p>\n<h3>On voulait changer le nom<\/h3>\n<p>Lors de cette conf\u00e9rence, Peter Estes, a redonn\u00e9 rendez-vous \u00e0 la fin septembre \u00e0 ces journalistes pour assister au d\u00e9voilement de la \u00ab Panther \u00bb. Une fois la journ\u00e9e venue, cinq demoiselles tenaient les lettres C-A-M-A-R dans leurs mains. Puis, Pete Estes est arriv\u00e9 sur sc\u00e8ne avec le \u00ab O \u00bb. C\u2019est ainsi qu\u2019est morte la Panther et qu\u2019est n\u00e9e la Camaro. D\u00e9riv\u00e9 de \u00ab comradeship \u00bb (camaraderie), le nom Camaro se voulait convivial et amical.<\/p>\n<p>Source: Tout sur l&#8217;auto<\/p>\n<p>Le texte <a href=\"https:\/\/annuelauto.ca\/saviez-vous-que-la-chevrolet-camaro-sappelait-dabord-la-panther\/\" rel=\"nofollow\">Saviez-vous que la Chevrolet Camaro s\u2019appelait d\u2019abord la Panther ?<\/a> provient de <a href=\"https:\/\/annuelauto.ca\" rel=\"nofollow\">L&#8217;annuel de<\/a><\/p>\n","protected":false},"excerpt":{"rendered":"<p>Le projet XP-836, dont le d\u00e9veloppement a d\u00e9but\u00e9 en ao\u00fbt 1964, devait \u00eatre con\u00e7u comme un concurrent direct de la Mustang et cr\u00e9er la nouvelle base du design pour le restylage de la Chevy II\/Nova en 1968. Le projet devait \u00e9galement \u00eatre charg\u00e9 de lancer deux nouveaux moteurs V8. Le premier \u00e9tait le d\u00e9sormais embl\u00e9matique [&hellip;]<\/p>\n","protected":false},"author":8,"featured_media":135720,"comment_status":"close","ping_status":"closed","sticky":false,"template":"","format":"standard","meta":{"_monsterinsights_skip_tracking":false,"_monsterinsights_sitenote_active":false,"_monsterinsights_sitenote_note":"","_monsterinsights_sitenote_category":0,"footnotes":""},"categories":[101],"tags":[],"yoast_head":"<!-- This site is optimized with the Yoast SEO plugin v23.2 - https:\/\/yoast.com\/wordpress\/plugins\/seo\/ -->\n<title>Saviez-vous que la Chevrolet Camaro s\u2019appelait d\u2019abord la Panther ? - CanadaMotorJobs.com<\/title>\n<meta name=\"description\" content=\"Saviez-vous que la Chevrolet Camaro s\u2019appelait d\u2019abord la Panther ? - Benoit Charette - Annuel automobile - CanadaMotorJobs.com.\" \/>\n<meta name=\"robots\" content=\"index, follow, max-snippet:-1, max-image-preview:large, max-video-preview:-1\" \/>\n<meta property=\"og:locale\" content=\"fr_CA\" \/>\n<meta property=\"og:type\" content=\"article\" \/>\n<meta property=\"og:title\" content=\"Saviez-vous que la Chevrolet Camaro s\u2019appelait d\u2019abord la Panther ? - CanadaMotorJobs.com\" \/>\n<meta property=\"og:description\" content=\"Saviez-vous que la Chevrolet Camaro s\u2019appelait d\u2019abord la Panther ? - Benoit Charette - Annuel automobile - CanadaMotorJobs.com.\" \/>\n<meta property=\"og:url\" content=\"https:\/\/news.canadamotorjobs.com\/fr\/saviez-vous-que-la-chevrolet-camaro-sappelait-dabord-la-panther\/\" \/>\n<meta property=\"og:site_name\" content=\"CanadaMotorJobs.com\" \/>\n<meta property=\"article:publisher\" content=\"https:\/\/www.facebook.com\/canadamotorjobs\/\" \/>\n<meta property=\"article:published_time\" content=\"2022-10-18T22:16:59+00:00\" \/>\n<meta property=\"article:modified_time\" content=\"2022-10-19T14:42:16+00:00\" \/>\n<meta property=\"og:image\" content=\"https:\/\/news.canadamotorjobs.com\/wp-content\/uploads\/2022\/10\/2016-04-14_15-02-03-1.jpg\" \/>\n\t<meta property=\"og:image:width\" content=\"1200\" \/>\n\t<meta property=\"og:image:height\" content=\"800\" \/>\n\t<meta property=\"og:image:type\" content=\"image\/jpeg\" \/>\n<meta name=\"author\" content=\"Benoit Charette\" \/>\n<meta name=\"twitter:card\" content=\"summary_large_image\" \/>\n<meta name=\"twitter:creator\" content=\"@canadamotorjobs\" \/>\n<meta name=\"twitter:site\" content=\"@canadamotorjobs\" \/>\n<meta name=\"twitter:label1\" content=\"\u00c9crit par\" \/>\n\t<meta name=\"twitter:data1\" content=\"Benoit Charette\" \/>\n\t<meta name=\"twitter:label2\" content=\"Estimation du temps de lecture\" \/>\n\t<meta name=\"twitter:data2\" content=\"2 minutes\" \/>\n<!-- \/ Yoast SEO plugin. -->","yoast_head_json":{"title":"Saviez-vous que la Chevrolet Camaro s\u2019appelait d\u2019abord la Panther ? - CanadaMotorJobs.com","description":"Saviez-vous que la Chevrolet Camaro s\u2019appelait d\u2019abord la Panther ? - Benoit Charette - Annuel automobile - CanadaMotorJobs.com.","robots":{"index":"index","follow":"follow","max-snippet":"max-snippet:-1","max-image-preview":"max-image-preview:large","max-video-preview":"max-video-preview:-1"},"og_locale":"fr_CA","og_type":"article","og_title":"Saviez-vous que la Chevrolet Camaro s\u2019appelait d\u2019abord la Panther ? - CanadaMotorJobs.com","og_description":"Saviez-vous que la Chevrolet Camaro s\u2019appelait d\u2019abord la Panther ? - Benoit Charette - Annuel automobile - CanadaMotorJobs.com.","og_url":"https:\/\/news.canadamotorjobs.com\/fr\/saviez-vous-que-la-chevrolet-camaro-sappelait-dabord-la-panther\/","og_site_name":"CanadaMotorJobs.com","article_publisher":"https:\/\/www.facebook.com\/canadamotorjobs\/","article_published_time":"2022-10-18T22:16:59+00:00","article_modified_time":"2022-10-19T14:42:16+00:00","og_image":[{"width":1200,"height":800,"url":"https:\/\/news.canadamotorjobs.com\/wp-content\/uploads\/2022\/10\/2016-04-14_15-02-03-1.jpg","type":"image\/jpeg"}],"author":"Benoit Charette","twitter_card":"summary_large_image","twitter_creator":"@canadamotorjobs","twitter_site":"@canadamotorjobs","twitter_misc":{"\u00c9crit par":"Benoit Charette","Estimation du temps de lecture":"2 minutes"},"schema":{"@context":"https:\/\/schema.org","@graph":[{"@type":"Article","@id":"https:\/\/news.canadamotorjobs.com\/fr\/saviez-vous-que-la-chevrolet-camaro-sappelait-dabord-la-panther\/#article","isPartOf":{"@id":"https:\/\/news.canadamotorjobs.com\/fr\/saviez-vous-que-la-chevrolet-camaro-sappelait-dabord-la-panther\/"},"author":{"name":"Benoit Charette","@id":"https:\/\/news.canadamotorjobs.com\/#\/schema\/person\/51793d1f87d44011d7bcc2ed99269a90"},"headline":"Saviez-vous que la Chevrolet Camaro s\u2019appelait d\u2019abord la Panther ?","datePublished":"2022-10-18T22:16:59+00:00","dateModified":"2022-10-19T14:42:16+00:00","mainEntityOfPage":{"@id":"https:\/\/news.canadamotorjobs.com\/fr\/saviez-vous-que-la-chevrolet-camaro-sappelait-dabord-la-panther\/"},"wordCount":276,"publisher":{"@id":"https:\/\/news.canadamotorjobs.com\/#organization"},"image":{"@id":"https:\/\/news.canadamotorjobs.com\/fr\/saviez-vous-que-la-chevrolet-camaro-sappelait-dabord-la-panther\/#primaryimage"},"thumbnailUrl":"https:\/\/news.canadamotorjobs.com\/wp-content\/uploads\/2022\/10\/2016-04-14_15-02-03-1.jpg","articleSection":["Annuel automobile"],"inLanguage":"fr-CA"},{"@type":"WebPage","@id":"https:\/\/news.canadamotorjobs.com\/fr\/saviez-vous-que-la-chevrolet-camaro-sappelait-dabord-la-panther\/","url":"https:\/\/news.canadamotorjobs.com\/fr\/saviez-vous-que-la-chevrolet-camaro-sappelait-dabord-la-panther\/","name":"Saviez-vous que la Chevrolet Camaro s\u2019appelait d\u2019abord la Panther ? - CanadaMotorJobs.com","isPartOf":{"@id":"https:\/\/news.canadamotorjobs.com\/#website"},"primaryImageOfPage":{"@id":"https:\/\/news.canadamotorjobs.com\/fr\/saviez-vous-que-la-chevrolet-camaro-sappelait-dabord-la-panther\/#primaryimage"},"image":{"@id":"https:\/\/news.canadamotorjobs.com\/fr\/saviez-vous-que-la-chevrolet-camaro-sappelait-dabord-la-panther\/#primaryimage"},"thumbnailUrl":"https:\/\/news.canadamotorjobs.com\/wp-content\/uploads\/2022\/10\/2016-04-14_15-02-03-1.jpg","datePublished":"2022-10-18T22:16:59+00:00","dateModified":"2022-10-19T14:42:16+00:00","description":"Saviez-vous que la Chevrolet Camaro s\u2019appelait d\u2019abord la Panther ? - Benoit Charette - Annuel automobile - CanadaMotorJobs.com.","breadcrumb":{"@id":"https:\/\/news.canadamotorjobs.com\/fr\/saviez-vous-que-la-chevrolet-camaro-sappelait-dabord-la-panther\/#breadcrumb"},"inLanguage":"fr-CA","potentialAction":[{"@type":"ReadAction","target":["https:\/\/news.canadamotorjobs.com\/fr\/saviez-vous-que-la-chevrolet-camaro-sappelait-dabord-la-panther\/"]}]},{"@type":"ImageObject","inLanguage":"fr-CA","@id":"https:\/\/news.canadamotorjobs.com\/fr\/saviez-vous-que-la-chevrolet-camaro-sappelait-dabord-la-panther\/#primaryimage","url":"https:\/\/news.canadamotorjobs.com\/wp-content\/uploads\/2022\/10\/2016-04-14_15-02-03-1.jpg","contentUrl":"https:\/\/news.canadamotorjobs.com\/wp-content\/uploads\/2022\/10\/2016-04-14_15-02-03-1.jpg","width":1200,"height":800},{"@type":"BreadcrumbList","@id":"https:\/\/news.canadamotorjobs.com\/fr\/saviez-vous-que-la-chevrolet-camaro-sappelait-dabord-la-panther\/#breadcrumb","itemListElement":[{"@type":"ListItem","position":1,"name":"Home","item":"https:\/\/news.canadamotorjobs.com\/fr\/blog\/"},{"@type":"ListItem","position":2,"name":"Saviez-vous que la Chevrolet Camaro s\u2019appelait d\u2019abord la Panther ?"}]},{"@type":"WebSite","@id":"https:\/\/news.canadamotorjobs.com\/#website","url":"https:\/\/news.canadamotorjobs.com\/","name":"CanadaMotorJobs.com","description":"Automotive Jobs","publisher":{"@id":"https:\/\/news.canadamotorjobs.com\/#organization"},"potentialAction":[{"@type":"SearchAction","target":{"@type":"EntryPoint","urlTemplate":"https:\/\/news.canadamotorjobs.com\/?s={search_term_string}"},"query-input":"required name=search_term_string"}],"inLanguage":"fr-CA"},{"@type":"Organization","@id":"https:\/\/news.canadamotorjobs.com\/#organization","name":"Canada Motor Jobs","url":"https:\/\/news.canadamotorjobs.com\/","logo":{"@type":"ImageObject","inLanguage":"fr-CA","@id":"https:\/\/news.canadamotorjobs.com\/#\/schema\/logo\/image\/","url":"https:\/\/news.canadamotorjobs.com\/wp-content\/uploads\/2022\/10\/logo-canada-motor-jobs-1.png","contentUrl":"https:\/\/news.canadamotorjobs.com\/wp-content\/uploads\/2022\/10\/logo-canada-motor-jobs-1.png","width":800,"height":400,"caption":"Canada Motor Jobs"},"image":{"@id":"https:\/\/news.canadamotorjobs.com\/#\/schema\/logo\/image\/"},"sameAs":["https:\/\/www.facebook.com\/canadamotorjobs\/","https:\/\/x.com\/canadamotorjobs","https:\/\/www.instagram.com\/canadamotorjobs\/","https:\/\/www.linkedin.com\/company\/canadamotorjobs"]},{"@type":"Person","@id":"https:\/\/news.canadamotorjobs.com\/#\/schema\/person\/51793d1f87d44011d7bcc2ed99269a90","name":"Benoit Charette","image":{"@type":"ImageObject","inLanguage":"fr-CA","@id":"https:\/\/news.canadamotorjobs.com\/#\/schema\/person\/image\/","url":"https:\/\/secure.gravatar.com\/avatar\/45f3d2eebcccd909668d7ce7ea7267b6?s=96&d=mm&r=g","contentUrl":"https:\/\/secure.gravatar.com\/avatar\/45f3d2eebcccd909668d7ce7ea7267b6?s=96&d=mm&r=g","caption":"Benoit Charette"},"description":"Benoit Charette \/ Propri\u00e9taire et r\u00e9dacteur en chef Benoit Charette pratique le journalisme automobile depuis bient\u00f4t 30 ans. Il a fait ses classes au c\u00f4t\u00e9 de Daniel H\u00e9raud et au Carnet de route de 1992 \u00e0 2001. Il est fondateur, copropri\u00e9taire et r\u00e9dacteur en chef de L\u2019Annuel de l\u2019automobile, qu\u2019il publie depuis 2001. Il a anim\u00e9 les \u00e9missions RPM et RPM+ sur V et les L\u00e9gendes de la route sur Historia. \u00c0 la radio depuis 1986, il reprend l\u2019antenne cette ann\u00e9e sur les ondes de Cogeco et participe pour la deuxi\u00e8me ann\u00e9e \u00e0 l\u2019\u00e9mission Passion Auto sur RDS en plus de mettre en ligne le site Web officiel de L\u2019Annuel de l\u2019automobile sur annuelauto.ca.","sameAs":["https:\/\/annuelauto.ca\/"],"url":"https:\/\/news.canadamotorjobs.com\/fr\/author\/benoit-charette\/"}]}},"_links":{"self":[{"href":"https:\/\/news.canadamotorjobs.com\/fr\/wp-json\/wp\/v2\/posts\/135716"}],"collection":[{"href":"https:\/\/news.canadamotorjobs.com\/fr\/wp-json\/wp\/v2\/posts"}],"about":[{"href":"https:\/\/news.canadamotorjobs.com\/fr\/wp-json\/wp\/v2\/types\/post"}],"author":[{"embeddable":true,"href":"https:\/\/news.canadamotorjobs.com\/fr\/wp-json\/wp\/v2\/users\/8"}],"replies":[{"embeddable":true,"href":"https:\/\/news.canadamotorjobs.com\/fr\/wp-json\/wp\/v2\/comments?post=135716"}],"version-history":[{"count":0,"href":"https:\/\/news.canadamotorjobs.com\/fr\/wp-json\/wp\/v2\/posts\/135716\/revisions"}],"wp:featuredmedia":[{"embeddable":true,"href":"https:\/\/news.canadamotorjobs.com\/fr\/wp-json\/wp\/v2\/media\/135720"}],"wp:attachment":[{"href":"https:\/\/news.canadamotorjobs.com\/fr\/wp-json\/wp\/v2\/media?parent=135716"}],"wp:term":[{"taxonomy":"category","embeddable":true,"href":"https:\/\/news.canadamotorjobs.com\/fr\/wp-json\/wp\/v2\/categories?post=135716"},{"taxonomy":"post_tag","embeddable":true,"href":"https:\/\/news.canadamotorjobs.com\/fr\/wp-json\/wp\/v2\/tags?post=135716"}],"curies":[{"name":"wp","href":"https:\/\/api.w.org\/{rel}","templated":true}]}}