{"id":135695,"date":"2022-10-18T08:41:30","date_gmt":"2022-10-18T12:41:30","guid":{"rendered":"https:\/\/blog.canadamotorjobs.com\/voici-la-rolls-royce-spectre-2024\/"},"modified":"2022-10-18T09:44:47","modified_gmt":"2022-10-18T13:44:47","slug":"voici-la-rolls-royce-spectre-2024","status":"publish","type":"post","link":"https:\/\/news.canadamotorjobs.com\/fr\/voici-la-rolls-royce-spectre-2024\/","title":{"rendered":"Voici la Rolls Royce Spectre 2024"},"content":{"rendered":"<p>Il s\u2019agit du premier v\u00e9hicule \u00e9lectrique de s\u00e9rie chez Rolls-Royce. Elle a conserv\u00e9 tous les traits caract\u00e9ristiques d\u2019une Rolls sans le c\u00f4t\u00e9 parfois bizarre d\u2019un v\u00e9hicule \u00e9lectrique. La Spectre est un coup\u00e9 de luxe dont le prix va se situer autour de 400 000\u00a0$ US. Ce qui est plus que le VUS Cullinan (350 000\u00a0$), mais moins que la Phantom (460\u00a0000$)<\/p>\n<h3>Pr\u00e8s de 3\u00a0000 kilos<\/h3>\n<p>Imposante est le premier mot qui vient en bouche. \u00c0 2\u00a0975 kilos, il ne s\u2019agit pas d\u2019un poids plume. Son empattement est de 3,2 m\u00e8tres et la longueur totale d\u00e9passe les 5 m\u00e8tres. La Spectre est construite autour d&#8217;un cadre en aluminium qui int\u00e8gre la batterie g\u00e9ante pour rendre le coup\u00e9 30\u00a0% plus rigide que toutes les Rolls Royce pr\u00e9c\u00e9dentes. La soci\u00e9t\u00e9 reste particuli\u00e8rement discr\u00e8te sur les sp\u00e9cifications techniques, notamment sur la taille des batteries, mais \u00e9tant donn\u00e9 que les batteries p\u00e8sent \u00e0 elles seules 700\u00a0kg et parviennent \u00e0 donner \u00e0 la Spectre une autonomie \u00e9lectrique de 520\u00a0km en cycle WLTP, nous pouvons supposer qu&#8217;elles d\u00e9passent largement les 100\u00a0kWh.<\/p>\n<h3>577 chevaux au pied droit<\/h3>\n<p>On ne pr\u00e9cise pas non plus quelle est la configuration du groupe motopropulseur, mais seulement que la puissance de pointe est de 577 chevaux et que son couple de 664\u00a0lb-pi est cens\u00e9 permettre au coup\u00e9 de luxe d&#8217;atteindre les 100\u00a0km\/h en 4,4 secondes. Consid\u00e9rant que les propri\u00e9taires vont se promener sur les boulevards haut de gamme de ce monde, c\u2019est plus que suffisant.<\/p>\n","protected":false},"excerpt":{"rendered":"<p>Il s\u2019agit du premier v\u00e9hicule \u00e9lectrique de s\u00e9rie chez Rolls-Royce. Elle a conserv\u00e9 tous les traits caract\u00e9ristiques d\u2019une Rolls sans le c\u00f4t\u00e9 parfois bizarre d\u2019un v\u00e9hicule \u00e9lectrique. La Spectre est un coup\u00e9 de luxe dont le prix va se situer autour de 400 000\u00a0$ US. Ce qui est plus que le VUS Cullinan (350 000\u00a0$), [&hellip;]<\/p>\n","protected":false},"author":8,"featured_media":135699,"comment_status":"close","ping_status":"closed","sticky":false,"template":"","format":"standard","meta":{"_monsterinsights_skip_tracking":false,"_monsterinsights_sitenote_active":false,"_monsterinsights_sitenote_note":"","_monsterinsights_sitenote_category":0,"footnotes":""},"categories":[101],"tags":[131],"yoast_head":"<!-- This site is optimized with the Yoast SEO plugin v23.2 - https:\/\/yoast.com\/wordpress\/plugins\/seo\/ -->\n<title>Voici la Rolls Royce Spectre 2024 - CanadaMotorJobs.com<\/title>\n<meta name=\"description\" content=\"Voici la Rolls Royce Spectre 2024 - Benoit Charette - Annuel automobile - CanadaMotorJobs.com.\" \/>\n<meta name=\"robots\" content=\"index, follow, max-snippet:-1, max-image-preview:large, max-video-preview:-1\" \/>\n<meta property=\"og:locale\" content=\"fr_CA\" \/>\n<meta property=\"og:type\" content=\"article\" \/>\n<meta property=\"og:title\" content=\"Voici la Rolls Royce Spectre 2024 - CanadaMotorJobs.com\" \/>\n<meta property=\"og:description\" content=\"Voici la Rolls Royce Spectre 2024 - Benoit Charette - Annuel automobile - CanadaMotorJobs.com.\" \/>\n<meta property=\"og:url\" content=\"https:\/\/news.canadamotorjobs.com\/fr\/voici-la-rolls-royce-spectre-2024\/\" \/>\n<meta property=\"og:site_name\" content=\"CanadaMotorJobs.com\" \/>\n<meta property=\"article:publisher\" content=\"https:\/\/www.facebook.com\/canadamotorjobs\/\" \/>\n<meta property=\"article:published_time\" content=\"2022-10-18T12:41:30+00:00\" \/>\n<meta property=\"article:modified_time\" content=\"2022-10-18T13:44:47+00:00\" \/>\n<meta property=\"og:image\" content=\"https:\/\/news.canadamotorjobs.com\/wp-content\/uploads\/2022\/10\/P90483626_highRes_spectre-unveiled-the-1-1030x580.jpg\" \/>\n\t<meta property=\"og:image:width\" content=\"1030\" \/>\n\t<meta property=\"og:image:height\" content=\"580\" \/>\n\t<meta property=\"og:image:type\" content=\"image\/jpeg\" \/>\n<meta name=\"author\" content=\"Benoit Charette\" \/>\n<meta name=\"twitter:card\" content=\"summary_large_image\" \/>\n<meta name=\"twitter:creator\" content=\"@canadamotorjobs\" \/>\n<meta name=\"twitter:site\" content=\"@canadamotorjobs\" \/>\n<meta name=\"twitter:label1\" content=\"\u00c9crit par\" \/>\n\t<meta name=\"twitter:data1\" content=\"Benoit Charette\" \/>\n\t<meta name=\"twitter:label2\" content=\"Estimation du temps de lecture\" \/>\n\t<meta name=\"twitter:data2\" content=\"2 minutes\" \/>\n<!-- \/ Yoast SEO plugin. -->","yoast_head_json":{"title":"Voici la Rolls Royce Spectre 2024 - CanadaMotorJobs.com","description":"Voici la Rolls Royce Spectre 2024 - Benoit Charette - Annuel automobile - CanadaMotorJobs.com.","robots":{"index":"index","follow":"follow","max-snippet":"max-snippet:-1","max-image-preview":"max-image-preview:large","max-video-preview":"max-video-preview:-1"},"og_locale":"fr_CA","og_type":"article","og_title":"Voici la Rolls Royce Spectre 2024 - CanadaMotorJobs.com","og_description":"Voici la Rolls Royce Spectre 2024 - Benoit Charette - Annuel automobile - CanadaMotorJobs.com.","og_url":"https:\/\/news.canadamotorjobs.com\/fr\/voici-la-rolls-royce-spectre-2024\/","og_site_name":"CanadaMotorJobs.com","article_publisher":"https:\/\/www.facebook.com\/canadamotorjobs\/","article_published_time":"2022-10-18T12:41:30+00:00","article_modified_time":"2022-10-18T13:44:47+00:00","og_image":[{"width":1030,"height":580,"url":"https:\/\/news.canadamotorjobs.com\/wp-content\/uploads\/2022\/10\/P90483626_highRes_spectre-unveiled-the-1-1030x580.jpg","type":"image\/jpeg"}],"author":"Benoit Charette","twitter_card":"summary_large_image","twitter_creator":"@canadamotorjobs","twitter_site":"@canadamotorjobs","twitter_misc":{"\u00c9crit par":"Benoit Charette","Estimation du temps de lecture":"2 minutes"},"schema":{"@context":"https:\/\/schema.org","@graph":[{"@type":"Article","@id":"https:\/\/news.canadamotorjobs.com\/fr\/voici-la-rolls-royce-spectre-2024\/#article","isPartOf":{"@id":"https:\/\/news.canadamotorjobs.com\/fr\/voici-la-rolls-royce-spectre-2024\/"},"author":{"name":"Benoit Charette","@id":"https:\/\/news.canadamotorjobs.com\/#\/schema\/person\/51793d1f87d44011d7bcc2ed99269a90"},"headline":"Voici la Rolls Royce Spectre 2024","datePublished":"2022-10-18T12:41:30+00:00","dateModified":"2022-10-18T13:44:47+00:00","mainEntityOfPage":{"@id":"https:\/\/news.canadamotorjobs.com\/fr\/voici-la-rolls-royce-spectre-2024\/"},"wordCount":262,"publisher":{"@id":"https:\/\/news.canadamotorjobs.com\/#organization"},"image":{"@id":"https:\/\/news.canadamotorjobs.com\/fr\/voici-la-rolls-royce-spectre-2024\/#primaryimage"},"thumbnailUrl":"https:\/\/news.canadamotorjobs.com\/wp-content\/uploads\/2022\/10\/P90483626_highRes_spectre-unveiled-the-1.jpg","keywords":["Newsletter"],"articleSection":["Annuel automobile"],"inLanguage":"fr-CA"},{"@type":"WebPage","@id":"https:\/\/news.canadamotorjobs.com\/fr\/voici-la-rolls-royce-spectre-2024\/","url":"https:\/\/news.canadamotorjobs.com\/fr\/voici-la-rolls-royce-spectre-2024\/","name":"Voici la Rolls Royce Spectre 2024 - CanadaMotorJobs.com","isPartOf":{"@id":"https:\/\/news.canadamotorjobs.com\/#website"},"primaryImageOfPage":{"@id":"https:\/\/news.canadamotorjobs.com\/fr\/voici-la-rolls-royce-spectre-2024\/#primaryimage"},"image":{"@id":"https:\/\/news.canadamotorjobs.com\/fr\/voici-la-rolls-royce-spectre-2024\/#primaryimage"},"thumbnailUrl":"https:\/\/news.canadamotorjobs.com\/wp-content\/uploads\/2022\/10\/P90483626_highRes_spectre-unveiled-the-1.jpg","datePublished":"2022-10-18T12:41:30+00:00","dateModified":"2022-10-18T13:44:47+00:00","description":"Voici la Rolls Royce Spectre 2024 - Benoit Charette - Annuel automobile - CanadaMotorJobs.com.","breadcrumb":{"@id":"https:\/\/news.canadamotorjobs.com\/fr\/voici-la-rolls-royce-spectre-2024\/#breadcrumb"},"inLanguage":"fr-CA","potentialAction":[{"@type":"ReadAction","target":["https:\/\/news.canadamotorjobs.com\/fr\/voici-la-rolls-royce-spectre-2024\/"]}]},{"@type":"ImageObject","inLanguage":"fr-CA","@id":"https:\/\/news.canadamotorjobs.com\/fr\/voici-la-rolls-royce-spectre-2024\/#primaryimage","url":"https:\/\/news.canadamotorjobs.com\/wp-content\/uploads\/2022\/10\/P90483626_highRes_spectre-unveiled-the-1.jpg","contentUrl":"https:\/\/news.canadamotorjobs.com\/wp-content\/uploads\/2022\/10\/P90483626_highRes_spectre-unveiled-the-1.jpg","width":1420,"height":800},{"@type":"BreadcrumbList","@id":"https:\/\/news.canadamotorjobs.com\/fr\/voici-la-rolls-royce-spectre-2024\/#breadcrumb","itemListElement":[{"@type":"ListItem","position":1,"name":"Home","item":"https:\/\/news.canadamotorjobs.com\/fr\/blog\/"},{"@type":"ListItem","position":2,"name":"Voici la Rolls Royce Spectre 2024"}]},{"@type":"WebSite","@id":"https:\/\/news.canadamotorjobs.com\/#website","url":"https:\/\/news.canadamotorjobs.com\/","name":"CanadaMotorJobs.com","description":"Automotive Jobs","publisher":{"@id":"https:\/\/news.canadamotorjobs.com\/#organization"},"potentialAction":[{"@type":"SearchAction","target":{"@type":"EntryPoint","urlTemplate":"https:\/\/news.canadamotorjobs.com\/?s={search_term_string}"},"query-input":"required name=search_term_string"}],"inLanguage":"fr-CA"},{"@type":"Organization","@id":"https:\/\/news.canadamotorjobs.com\/#organization","name":"Canada Motor Jobs","url":"https:\/\/news.canadamotorjobs.com\/","logo":{"@type":"ImageObject","inLanguage":"fr-CA","@id":"https:\/\/news.canadamotorjobs.com\/#\/schema\/logo\/image\/","url":"https:\/\/news.canadamotorjobs.com\/wp-content\/uploads\/2022\/10\/logo-canada-motor-jobs-1.png","contentUrl":"https:\/\/news.canadamotorjobs.com\/wp-content\/uploads\/2022\/10\/logo-canada-motor-jobs-1.png","width":800,"height":400,"caption":"Canada Motor Jobs"},"image":{"@id":"https:\/\/news.canadamotorjobs.com\/#\/schema\/logo\/image\/"},"sameAs":["https:\/\/www.facebook.com\/canadamotorjobs\/","https:\/\/x.com\/canadamotorjobs","https:\/\/www.instagram.com\/canadamotorjobs\/","https:\/\/www.linkedin.com\/company\/canadamotorjobs"]},{"@type":"Person","@id":"https:\/\/news.canadamotorjobs.com\/#\/schema\/person\/51793d1f87d44011d7bcc2ed99269a90","name":"Benoit Charette","image":{"@type":"ImageObject","inLanguage":"fr-CA","@id":"https:\/\/news.canadamotorjobs.com\/#\/schema\/person\/image\/","url":"https:\/\/secure.gravatar.com\/avatar\/45f3d2eebcccd909668d7ce7ea7267b6?s=96&d=mm&r=g","contentUrl":"https:\/\/secure.gravatar.com\/avatar\/45f3d2eebcccd909668d7ce7ea7267b6?s=96&d=mm&r=g","caption":"Benoit Charette"},"description":"Benoit Charette \/ Propri\u00e9taire et r\u00e9dacteur en chef Benoit Charette pratique le journalisme automobile depuis bient\u00f4t 30 ans. Il a fait ses classes au c\u00f4t\u00e9 de Daniel H\u00e9raud et au Carnet de route de 1992 \u00e0 2001. Il est fondateur, copropri\u00e9taire et r\u00e9dacteur en chef de L\u2019Annuel de l\u2019automobile, qu\u2019il publie depuis 2001. Il a anim\u00e9 les \u00e9missions RPM et RPM+ sur V et les L\u00e9gendes de la route sur Historia. \u00c0 la radio depuis 1986, il reprend l\u2019antenne cette ann\u00e9e sur les ondes de Cogeco et participe pour la deuxi\u00e8me ann\u00e9e \u00e0 l\u2019\u00e9mission Passion Auto sur RDS en plus de mettre en ligne le site Web officiel de L\u2019Annuel de l\u2019automobile sur annuelauto.ca.","sameAs":["https:\/\/annuelauto.ca\/"],"url":"https:\/\/news.canadamotorjobs.com\/fr\/author\/benoit-charette\/"}]}},"_links":{"self":[{"href":"https:\/\/news.canadamotorjobs.com\/fr\/wp-json\/wp\/v2\/posts\/135695"}],"collection":[{"href":"https:\/\/news.canadamotorjobs.com\/fr\/wp-json\/wp\/v2\/posts"}],"about":[{"href":"https:\/\/news.canadamotorjobs.com\/fr\/wp-json\/wp\/v2\/types\/post"}],"author":[{"embeddable":true,"href":"https:\/\/news.canadamotorjobs.com\/fr\/wp-json\/wp\/v2\/users\/8"}],"replies":[{"embeddable":true,"href":"https:\/\/news.canadamotorjobs.com\/fr\/wp-json\/wp\/v2\/comments?post=135695"}],"version-history":[{"count":0,"href":"https:\/\/news.canadamotorjobs.com\/fr\/wp-json\/wp\/v2\/posts\/135695\/revisions"}],"wp:featuredmedia":[{"embeddable":true,"href":"https:\/\/news.canadamotorjobs.com\/fr\/wp-json\/wp\/v2\/media\/135699"}],"wp:attachment":[{"href":"https:\/\/news.canadamotorjobs.com\/fr\/wp-json\/wp\/v2\/media?parent=135695"}],"wp:term":[{"taxonomy":"category","embeddable":true,"href":"https:\/\/news.canadamotorjobs.com\/fr\/wp-json\/wp\/v2\/categories?post=135695"},{"taxonomy":"post_tag","embeddable":true,"href":"https:\/\/news.canadamotorjobs.com\/fr\/wp-json\/wp\/v2\/tags?post=135695"}],"curies":[{"name":"wp","href":"https:\/\/api.w.org\/{rel}","templated":true}]}}