{"id":135679,"date":"2022-10-18T07:31:46","date_gmt":"2022-10-18T11:31:46","guid":{"rendered":"https:\/\/blog.canadamotorjobs.com\/le-nouveau-vehicule-phare-de-cadillac-se-nomme-celestiq\/"},"modified":"2022-10-18T09:46:34","modified_gmt":"2022-10-18T13:46:34","slug":"le-nouveau-vehicule-phare-de-cadillac-se-nomme-celestiq","status":"publish","type":"post","link":"https:\/\/news.canadamotorjobs.com\/fr\/le-nouveau-vehicule-phare-de-cadillac-se-nomme-celestiq\/","title":{"rendered":"Le nouveau v\u00e9hicule phare de Cadillac se nomme Celestiq"},"content":{"rendered":"<p>Ce n\u2019est pas pour rien que l\u2019Annuel de l\u2019automobile a choisi la Celestiq pour figurer sur sa couverture. Cette voiture marque une \u00e9tape importante dans l\u2019histoire de la division de luxe de GM. Elle est la premi\u00e8re voiture \u00e9lectrique embl\u00e9matique de la marque plus que centenaire.<\/p>\n<h3>\u00c0 partir de 300\u00a0000 US<\/h3>\n<p>Mettons tout de suite les choses au clair. Cette voiture unique sera hors de prix. En conf\u00e9rence de presse, les gens de Cadillac ont mentionn\u00e9 un prix de base qui commence \u00e0 300 000\u00a0$ am\u00e9ricain. C\u2019est un mod\u00e8le fait main avec plus de 115 pi\u00e8ces uniques en impression 3D. Rien dans cette grande berline ne fait l\u2019objet d\u2019un emprunt \u00e0 d\u2019autres mod\u00e8les. Cadillac veut renouer avec la glorieuse \u00e9poque de la marque alors qu\u2019elle repr\u00e9sentait le summum dans le monde automobile. Cette voiture va servir de point de r\u00e9f\u00e9rence sur laquelle sera bas\u00e9e les autres mod\u00e8les \u00e9lectriques de la gamme.<\/p>\n<h3>Cr\u00e9er un effet d\u2019entra\u00eenement<\/h3>\n<p>Cadillac a la chance dans cette nouvelle aventure \u00e9lectrique de refaire son image de marque disparue qui s\u2019est fait solidement malmener avec les mod\u00e8les \u00e0 essence. Cadillac lancera officiellement la Celestiq en 2024. Cette voiture r\u00e9volutionnaire sera assembl\u00e9e en utilisant une combinaison unique de techniques de fabrication traditionnelles et de technologies d&#8217;impression 3D de pointe.<\/p>\n<h3>En aluminium moul\u00e9<\/h3>\n<p>Le ch\u00e2ssis sera compos\u00e9 de six grands \u00e9l\u00e9ments en aluminium moul\u00e9. On retrouve aussi 115 pi\u00e8ces imprim\u00e9es en 3D dans toute la structure de la carrosserie. La plus grande de ces pi\u00e8ces imprim\u00e9es en 3D sera la<\/p>\n","protected":false},"excerpt":{"rendered":"<p>Ce n\u2019est pas pour rien que l\u2019Annuel de l\u2019automobile a choisi la Celestiq pour figurer sur sa couverture. Cette voiture marque une \u00e9tape importante dans l\u2019histoire de la division de luxe de GM. Elle est la premi\u00e8re voiture \u00e9lectrique embl\u00e9matique de la marque plus que centenaire. \u00c0 partir de 300\u00a0000 US Mettons tout de suite [&hellip;]<\/p>\n","protected":false},"author":8,"featured_media":135683,"comment_status":"close","ping_status":"closed","sticky":false,"template":"","format":"standard","meta":{"_monsterinsights_skip_tracking":false,"_monsterinsights_sitenote_active":false,"_monsterinsights_sitenote_note":"","_monsterinsights_sitenote_category":0,"footnotes":""},"categories":[101],"tags":[],"yoast_head":"<!-- This site is optimized with the Yoast SEO plugin v23.2 - https:\/\/yoast.com\/wordpress\/plugins\/seo\/ -->\n<title>Le nouveau v\u00e9hicule phare de Cadillac se nomme Celestiq - CanadaMotorJobs.com<\/title>\n<meta name=\"description\" content=\"Le nouveau v\u00e9hicule phare de Cadillac se nomme Celestiq - Benoit Charette - Annuel automobile - CanadaMotorJobs.com.\" \/>\n<meta name=\"robots\" content=\"index, follow, max-snippet:-1, max-image-preview:large, max-video-preview:-1\" \/>\n<meta property=\"og:locale\" content=\"fr_CA\" \/>\n<meta property=\"og:type\" content=\"article\" \/>\n<meta property=\"og:title\" content=\"Le nouveau v\u00e9hicule phare de Cadillac se nomme Celestiq - CanadaMotorJobs.com\" \/>\n<meta property=\"og:description\" content=\"Le nouveau v\u00e9hicule phare de Cadillac se nomme Celestiq - Benoit Charette - Annuel automobile - CanadaMotorJobs.com.\" \/>\n<meta property=\"og:url\" content=\"https:\/\/news.canadamotorjobs.com\/fr\/le-nouveau-vehicule-phare-de-cadillac-se-nomme-celestiq\/\" \/>\n<meta property=\"og:site_name\" content=\"CanadaMotorJobs.com\" \/>\n<meta property=\"article:publisher\" content=\"https:\/\/www.facebook.com\/canadamotorjobs\/\" \/>\n<meta property=\"article:published_time\" content=\"2022-10-18T11:31:46+00:00\" \/>\n<meta property=\"article:modified_time\" content=\"2022-10-18T13:46:34+00:00\" \/>\n<meta property=\"og:image\" content=\"https:\/\/news.canadamotorjobs.com\/wp-content\/uploads\/2022\/10\/cadillac-celestiq-300-1.jpg\" \/>\n\t<meta property=\"og:image:width\" content=\"1500\" \/>\n\t<meta property=\"og:image:height\" content=\"1000\" \/>\n\t<meta property=\"og:image:type\" content=\"image\/jpeg\" \/>\n<meta name=\"author\" content=\"Benoit Charette\" \/>\n<meta name=\"twitter:card\" content=\"summary_large_image\" \/>\n<meta name=\"twitter:creator\" content=\"@canadamotorjobs\" \/>\n<meta name=\"twitter:site\" content=\"@canadamotorjobs\" \/>\n<meta name=\"twitter:label1\" content=\"\u00c9crit par\" \/>\n\t<meta name=\"twitter:data1\" content=\"Benoit Charette\" \/>\n\t<meta name=\"twitter:label2\" content=\"Estimation du temps de lecture\" \/>\n\t<meta name=\"twitter:data2\" content=\"2 minutes\" \/>\n<!-- \/ Yoast SEO plugin. -->","yoast_head_json":{"title":"Le nouveau v\u00e9hicule phare de Cadillac se nomme Celestiq - CanadaMotorJobs.com","description":"Le nouveau v\u00e9hicule phare de Cadillac se nomme Celestiq - Benoit Charette - Annuel automobile - CanadaMotorJobs.com.","robots":{"index":"index","follow":"follow","max-snippet":"max-snippet:-1","max-image-preview":"max-image-preview:large","max-video-preview":"max-video-preview:-1"},"og_locale":"fr_CA","og_type":"article","og_title":"Le nouveau v\u00e9hicule phare de Cadillac se nomme Celestiq - CanadaMotorJobs.com","og_description":"Le nouveau v\u00e9hicule phare de Cadillac se nomme Celestiq - Benoit Charette - Annuel automobile - CanadaMotorJobs.com.","og_url":"https:\/\/news.canadamotorjobs.com\/fr\/le-nouveau-vehicule-phare-de-cadillac-se-nomme-celestiq\/","og_site_name":"CanadaMotorJobs.com","article_publisher":"https:\/\/www.facebook.com\/canadamotorjobs\/","article_published_time":"2022-10-18T11:31:46+00:00","article_modified_time":"2022-10-18T13:46:34+00:00","og_image":[{"width":1500,"height":1000,"url":"https:\/\/news.canadamotorjobs.com\/wp-content\/uploads\/2022\/10\/cadillac-celestiq-300-1.jpg","type":"image\/jpeg"}],"author":"Benoit Charette","twitter_card":"summary_large_image","twitter_creator":"@canadamotorjobs","twitter_site":"@canadamotorjobs","twitter_misc":{"\u00c9crit par":"Benoit Charette","Estimation du temps de lecture":"2 minutes"},"schema":{"@context":"https:\/\/schema.org","@graph":[{"@type":"Article","@id":"https:\/\/news.canadamotorjobs.com\/fr\/le-nouveau-vehicule-phare-de-cadillac-se-nomme-celestiq\/#article","isPartOf":{"@id":"https:\/\/news.canadamotorjobs.com\/fr\/le-nouveau-vehicule-phare-de-cadillac-se-nomme-celestiq\/"},"author":{"name":"Benoit Charette","@id":"https:\/\/news.canadamotorjobs.com\/#\/schema\/person\/51793d1f87d44011d7bcc2ed99269a90"},"headline":"Le nouveau v\u00e9hicule phare de Cadillac se nomme Celestiq","datePublished":"2022-10-18T11:31:46+00:00","dateModified":"2022-10-18T13:46:34+00:00","mainEntityOfPage":{"@id":"https:\/\/news.canadamotorjobs.com\/fr\/le-nouveau-vehicule-phare-de-cadillac-se-nomme-celestiq\/"},"wordCount":285,"publisher":{"@id":"https:\/\/news.canadamotorjobs.com\/#organization"},"image":{"@id":"https:\/\/news.canadamotorjobs.com\/fr\/le-nouveau-vehicule-phare-de-cadillac-se-nomme-celestiq\/#primaryimage"},"thumbnailUrl":"https:\/\/news.canadamotorjobs.com\/wp-content\/uploads\/2022\/10\/cadillac-celestiq-300-1.jpg","articleSection":["Annuel automobile"],"inLanguage":"fr-CA"},{"@type":"WebPage","@id":"https:\/\/news.canadamotorjobs.com\/fr\/le-nouveau-vehicule-phare-de-cadillac-se-nomme-celestiq\/","url":"https:\/\/news.canadamotorjobs.com\/fr\/le-nouveau-vehicule-phare-de-cadillac-se-nomme-celestiq\/","name":"Le nouveau v\u00e9hicule phare de Cadillac se nomme Celestiq - CanadaMotorJobs.com","isPartOf":{"@id":"https:\/\/news.canadamotorjobs.com\/#website"},"primaryImageOfPage":{"@id":"https:\/\/news.canadamotorjobs.com\/fr\/le-nouveau-vehicule-phare-de-cadillac-se-nomme-celestiq\/#primaryimage"},"image":{"@id":"https:\/\/news.canadamotorjobs.com\/fr\/le-nouveau-vehicule-phare-de-cadillac-se-nomme-celestiq\/#primaryimage"},"thumbnailUrl":"https:\/\/news.canadamotorjobs.com\/wp-content\/uploads\/2022\/10\/cadillac-celestiq-300-1.jpg","datePublished":"2022-10-18T11:31:46+00:00","dateModified":"2022-10-18T13:46:34+00:00","description":"Le nouveau v\u00e9hicule phare de Cadillac se nomme Celestiq - Benoit Charette - Annuel automobile - CanadaMotorJobs.com.","breadcrumb":{"@id":"https:\/\/news.canadamotorjobs.com\/fr\/le-nouveau-vehicule-phare-de-cadillac-se-nomme-celestiq\/#breadcrumb"},"inLanguage":"fr-CA","potentialAction":[{"@type":"ReadAction","target":["https:\/\/news.canadamotorjobs.com\/fr\/le-nouveau-vehicule-phare-de-cadillac-se-nomme-celestiq\/"]}]},{"@type":"ImageObject","inLanguage":"fr-CA","@id":"https:\/\/news.canadamotorjobs.com\/fr\/le-nouveau-vehicule-phare-de-cadillac-se-nomme-celestiq\/#primaryimage","url":"https:\/\/news.canadamotorjobs.com\/wp-content\/uploads\/2022\/10\/cadillac-celestiq-300-1.jpg","contentUrl":"https:\/\/news.canadamotorjobs.com\/wp-content\/uploads\/2022\/10\/cadillac-celestiq-300-1.jpg","width":1500,"height":1000},{"@type":"BreadcrumbList","@id":"https:\/\/news.canadamotorjobs.com\/fr\/le-nouveau-vehicule-phare-de-cadillac-se-nomme-celestiq\/#breadcrumb","itemListElement":[{"@type":"ListItem","position":1,"name":"Home","item":"https:\/\/news.canadamotorjobs.com\/fr\/blog\/"},{"@type":"ListItem","position":2,"name":"Le nouveau v\u00e9hicule phare de Cadillac se nomme Celestiq"}]},{"@type":"WebSite","@id":"https:\/\/news.canadamotorjobs.com\/#website","url":"https:\/\/news.canadamotorjobs.com\/","name":"CanadaMotorJobs.com","description":"Automotive Jobs","publisher":{"@id":"https:\/\/news.canadamotorjobs.com\/#organization"},"potentialAction":[{"@type":"SearchAction","target":{"@type":"EntryPoint","urlTemplate":"https:\/\/news.canadamotorjobs.com\/?s={search_term_string}"},"query-input":"required name=search_term_string"}],"inLanguage":"fr-CA"},{"@type":"Organization","@id":"https:\/\/news.canadamotorjobs.com\/#organization","name":"Canada Motor Jobs","url":"https:\/\/news.canadamotorjobs.com\/","logo":{"@type":"ImageObject","inLanguage":"fr-CA","@id":"https:\/\/news.canadamotorjobs.com\/#\/schema\/logo\/image\/","url":"https:\/\/news.canadamotorjobs.com\/wp-content\/uploads\/2022\/10\/logo-canada-motor-jobs-1.png","contentUrl":"https:\/\/news.canadamotorjobs.com\/wp-content\/uploads\/2022\/10\/logo-canada-motor-jobs-1.png","width":800,"height":400,"caption":"Canada Motor Jobs"},"image":{"@id":"https:\/\/news.canadamotorjobs.com\/#\/schema\/logo\/image\/"},"sameAs":["https:\/\/www.facebook.com\/canadamotorjobs\/","https:\/\/x.com\/canadamotorjobs","https:\/\/www.instagram.com\/canadamotorjobs\/","https:\/\/www.linkedin.com\/company\/canadamotorjobs"]},{"@type":"Person","@id":"https:\/\/news.canadamotorjobs.com\/#\/schema\/person\/51793d1f87d44011d7bcc2ed99269a90","name":"Benoit Charette","image":{"@type":"ImageObject","inLanguage":"fr-CA","@id":"https:\/\/news.canadamotorjobs.com\/#\/schema\/person\/image\/","url":"https:\/\/secure.gravatar.com\/avatar\/45f3d2eebcccd909668d7ce7ea7267b6?s=96&d=mm&r=g","contentUrl":"https:\/\/secure.gravatar.com\/avatar\/45f3d2eebcccd909668d7ce7ea7267b6?s=96&d=mm&r=g","caption":"Benoit Charette"},"description":"Benoit Charette \/ Propri\u00e9taire et r\u00e9dacteur en chef Benoit Charette pratique le journalisme automobile depuis bient\u00f4t 30 ans. Il a fait ses classes au c\u00f4t\u00e9 de Daniel H\u00e9raud et au Carnet de route de 1992 \u00e0 2001. Il est fondateur, copropri\u00e9taire et r\u00e9dacteur en chef de L\u2019Annuel de l\u2019automobile, qu\u2019il publie depuis 2001. Il a anim\u00e9 les \u00e9missions RPM et RPM+ sur V et les L\u00e9gendes de la route sur Historia. \u00c0 la radio depuis 1986, il reprend l\u2019antenne cette ann\u00e9e sur les ondes de Cogeco et participe pour la deuxi\u00e8me ann\u00e9e \u00e0 l\u2019\u00e9mission Passion Auto sur RDS en plus de mettre en ligne le site Web officiel de L\u2019Annuel de l\u2019automobile sur annuelauto.ca.","sameAs":["https:\/\/annuelauto.ca\/"],"url":"https:\/\/news.canadamotorjobs.com\/fr\/author\/benoit-charette\/"}]}},"_links":{"self":[{"href":"https:\/\/news.canadamotorjobs.com\/fr\/wp-json\/wp\/v2\/posts\/135679"}],"collection":[{"href":"https:\/\/news.canadamotorjobs.com\/fr\/wp-json\/wp\/v2\/posts"}],"about":[{"href":"https:\/\/news.canadamotorjobs.com\/fr\/wp-json\/wp\/v2\/types\/post"}],"author":[{"embeddable":true,"href":"https:\/\/news.canadamotorjobs.com\/fr\/wp-json\/wp\/v2\/users\/8"}],"replies":[{"embeddable":true,"href":"https:\/\/news.canadamotorjobs.com\/fr\/wp-json\/wp\/v2\/comments?post=135679"}],"version-history":[{"count":0,"href":"https:\/\/news.canadamotorjobs.com\/fr\/wp-json\/wp\/v2\/posts\/135679\/revisions"}],"wp:featuredmedia":[{"embeddable":true,"href":"https:\/\/news.canadamotorjobs.com\/fr\/wp-json\/wp\/v2\/media\/135683"}],"wp:attachment":[{"href":"https:\/\/news.canadamotorjobs.com\/fr\/wp-json\/wp\/v2\/media?parent=135679"}],"wp:term":[{"taxonomy":"category","embeddable":true,"href":"https:\/\/news.canadamotorjobs.com\/fr\/wp-json\/wp\/v2\/categories?post=135679"},{"taxonomy":"post_tag","embeddable":true,"href":"https:\/\/news.canadamotorjobs.com\/fr\/wp-json\/wp\/v2\/tags?post=135679"}],"curies":[{"name":"wp","href":"https:\/\/api.w.org\/{rel}","templated":true}]}}