{"id":135655,"date":"2022-10-17T15:43:30","date_gmt":"2022-10-17T19:43:30","guid":{"rendered":"https:\/\/blog.canadamotorjobs.com\/un-mercedes-eqe-vus-en-mars-2023\/"},"modified":"2022-10-17T17:17:58","modified_gmt":"2022-10-17T21:17:58","slug":"un-mercedes-eqe-vus-en-mars-2023","status":"publish","type":"post","link":"https:\/\/news.canadamotorjobs.com\/fr\/un-mercedes-eqe-vus-en-mars-2023\/","title":{"rendered":"Un Mercedes EQE VUS en mars 2023"},"content":{"rendered":"<p>Mercedes poursuit sur sa lanc\u00e9e des mod\u00e8les EQ avec un VUS interm\u00e9diaire baptis\u00e9 EQE. Il sera disponible en versions 350 4Matic et 500 4Matic en plus d\u2019une version\u00a0 AMG 4MATIC+ de 677 chevaux qui atteindra 100 km\/h en 3,5 secondes. L&#8217;autonomie devrait atteindre 400 kilom\u00e8tres et le mod\u00e8le arrive en mars 2023 en concession.<\/p>\n<h3>Tout comme l\u2019EQS<\/h3>\n<p>Mercedes jour la carte de la simplicit\u00e9 avec ses mod\u00e8les \u00e9lectriques. Apr\u00e8s la grande berline EQS et son \u00e9quivalent en version VUS, on prend la m\u00eame approche avec la berline interm\u00e9diaire EQE qui aura son homologue en version VUS. La version d\u2019entr\u00e9e de gamme 350 4Matic va offrir 288 chevaux alors que la version 500 \u00a04Matic d\u00e9livrera 402 ch. Le couple est \u00e9valu\u00e9 \u00e0 564 livres-pieds pour l&#8217;EQE 350 4Matic et \u00e0 633 livres-pieds pour l&#8217;EQE 500 4Matic.<\/p>\n<h3>Mais il y a plus<\/h3>\n<p>AMG se garde le beau r\u00f4le avec la version EQE AMG 4MATIC+. Il offrira une puissance de 617 chevaux de base, et peut atteindre 677 chevaux en passant le s\u00e9lecteur AMG Dynamic Plus au mode le plus sportif. Le couple maximal est \u00e9valu\u00e9 \u00e0 738 livres-pieds. Les composants \u00e9lectriques comprennent une batterie de 90,6 kWh qui devrait offrir une autonomie de plus de 400 kilom\u00e8tres, le mod\u00e8le le plus g\u00e9n\u00e9reux pouvant approcher les 500 kilom\u00e8tres. Rien n&#8217;a \u00e9t\u00e9 confirm\u00e9 dans ce domaine, cependant. Nous savons que l&#8217;AMG EQE ainsi que les Mercedes-EQ EQE SUV 350 4Matic et 500 4Matic pourront se recharger \u00e0 une puissance maximale de 170 kW, tandis<\/p>\n","protected":false},"excerpt":{"rendered":"<p>Mercedes poursuit sur sa lanc\u00e9e des mod\u00e8les EQ avec un VUS interm\u00e9diaire baptis\u00e9 EQE. Il sera disponible en versions 350 4Matic et 500 4Matic en plus d\u2019une version\u00a0 AMG 4MATIC+ de 677 chevaux qui atteindra 100 km\/h en 3,5 secondes. L&#8217;autonomie devrait atteindre 400 kilom\u00e8tres et le mod\u00e8le arrive en mars 2023 en concession. Tout [&hellip;]<\/p>\n","protected":false},"author":8,"featured_media":135659,"comment_status":"close","ping_status":"closed","sticky":false,"template":"","format":"standard","meta":{"_monsterinsights_skip_tracking":false,"_monsterinsights_sitenote_active":false,"_monsterinsights_sitenote_note":"","_monsterinsights_sitenote_category":0,"footnotes":""},"categories":[101],"tags":[],"yoast_head":"<!-- This site is optimized with the Yoast SEO plugin v23.2 - https:\/\/yoast.com\/wordpress\/plugins\/seo\/ -->\n<title>Un Mercedes EQE VUS en mars 2023 - CanadaMotorJobs.com<\/title>\n<meta name=\"description\" content=\"Un Mercedes EQE VUS en mars 2023 - Benoit Charette - Annuel automobile - CanadaMotorJobs.com.\" \/>\n<meta name=\"robots\" content=\"index, follow, max-snippet:-1, max-image-preview:large, max-video-preview:-1\" \/>\n<meta property=\"og:locale\" content=\"fr_CA\" \/>\n<meta property=\"og:type\" content=\"article\" \/>\n<meta property=\"og:title\" content=\"Un Mercedes EQE VUS en mars 2023 - CanadaMotorJobs.com\" \/>\n<meta property=\"og:description\" content=\"Un Mercedes EQE VUS en mars 2023 - Benoit Charette - Annuel automobile - CanadaMotorJobs.com.\" \/>\n<meta property=\"og:url\" content=\"https:\/\/news.canadamotorjobs.com\/fr\/un-mercedes-eqe-vus-en-mars-2023\/\" \/>\n<meta property=\"og:site_name\" content=\"CanadaMotorJobs.com\" \/>\n<meta property=\"article:publisher\" content=\"https:\/\/www.facebook.com\/canadamotorjobs\/\" \/>\n<meta property=\"article:published_time\" content=\"2022-10-17T19:43:30+00:00\" \/>\n<meta property=\"article:modified_time\" content=\"2022-10-17T21:17:58+00:00\" \/>\n<meta property=\"og:image\" content=\"https:\/\/news.canadamotorjobs.com\/wp-content\/uploads\/2022\/10\/Mercedes-AMG_EQE_SUV_2024-1_2022-10-16-151334_tplp-1.jpg\" \/>\n\t<meta property=\"og:image:width\" content=\"1920\" \/>\n\t<meta property=\"og:image:height\" content=\"1080\" \/>\n\t<meta property=\"og:image:type\" content=\"image\/jpeg\" \/>\n<meta name=\"author\" content=\"Benoit Charette\" \/>\n<meta name=\"twitter:card\" content=\"summary_large_image\" \/>\n<meta name=\"twitter:creator\" content=\"@canadamotorjobs\" \/>\n<meta name=\"twitter:site\" content=\"@canadamotorjobs\" \/>\n<meta name=\"twitter:label1\" content=\"\u00c9crit par\" \/>\n\t<meta name=\"twitter:data1\" content=\"Benoit Charette\" \/>\n\t<meta name=\"twitter:label2\" content=\"Estimation du temps de lecture\" \/>\n\t<meta name=\"twitter:data2\" content=\"2 minutes\" \/>\n<!-- \/ Yoast SEO plugin. -->","yoast_head_json":{"title":"Un Mercedes EQE VUS en mars 2023 - CanadaMotorJobs.com","description":"Un Mercedes EQE VUS en mars 2023 - Benoit Charette - Annuel automobile - CanadaMotorJobs.com.","robots":{"index":"index","follow":"follow","max-snippet":"max-snippet:-1","max-image-preview":"max-image-preview:large","max-video-preview":"max-video-preview:-1"},"og_locale":"fr_CA","og_type":"article","og_title":"Un Mercedes EQE VUS en mars 2023 - CanadaMotorJobs.com","og_description":"Un Mercedes EQE VUS en mars 2023 - Benoit Charette - Annuel automobile - CanadaMotorJobs.com.","og_url":"https:\/\/news.canadamotorjobs.com\/fr\/un-mercedes-eqe-vus-en-mars-2023\/","og_site_name":"CanadaMotorJobs.com","article_publisher":"https:\/\/www.facebook.com\/canadamotorjobs\/","article_published_time":"2022-10-17T19:43:30+00:00","article_modified_time":"2022-10-17T21:17:58+00:00","og_image":[{"width":1920,"height":1080,"url":"https:\/\/news.canadamotorjobs.com\/wp-content\/uploads\/2022\/10\/Mercedes-AMG_EQE_SUV_2024-1_2022-10-16-151334_tplp-1.jpg","type":"image\/jpeg"}],"author":"Benoit Charette","twitter_card":"summary_large_image","twitter_creator":"@canadamotorjobs","twitter_site":"@canadamotorjobs","twitter_misc":{"\u00c9crit par":"Benoit Charette","Estimation du temps de lecture":"2 minutes"},"schema":{"@context":"https:\/\/schema.org","@graph":[{"@type":"Article","@id":"https:\/\/news.canadamotorjobs.com\/fr\/un-mercedes-eqe-vus-en-mars-2023\/#article","isPartOf":{"@id":"https:\/\/news.canadamotorjobs.com\/fr\/un-mercedes-eqe-vus-en-mars-2023\/"},"author":{"name":"Benoit Charette","@id":"https:\/\/news.canadamotorjobs.com\/#\/schema\/person\/51793d1f87d44011d7bcc2ed99269a90"},"headline":"Un Mercedes EQE VUS en mars 2023","datePublished":"2022-10-17T19:43:30+00:00","dateModified":"2022-10-17T21:17:58+00:00","mainEntityOfPage":{"@id":"https:\/\/news.canadamotorjobs.com\/fr\/un-mercedes-eqe-vus-en-mars-2023\/"},"wordCount":255,"publisher":{"@id":"https:\/\/news.canadamotorjobs.com\/#organization"},"image":{"@id":"https:\/\/news.canadamotorjobs.com\/fr\/un-mercedes-eqe-vus-en-mars-2023\/#primaryimage"},"thumbnailUrl":"https:\/\/news.canadamotorjobs.com\/wp-content\/uploads\/2022\/10\/Mercedes-AMG_EQE_SUV_2024-1_2022-10-16-151334_tplp-1.jpg","articleSection":["Annuel automobile"],"inLanguage":"fr-CA"},{"@type":"WebPage","@id":"https:\/\/news.canadamotorjobs.com\/fr\/un-mercedes-eqe-vus-en-mars-2023\/","url":"https:\/\/news.canadamotorjobs.com\/fr\/un-mercedes-eqe-vus-en-mars-2023\/","name":"Un Mercedes EQE VUS en mars 2023 - CanadaMotorJobs.com","isPartOf":{"@id":"https:\/\/news.canadamotorjobs.com\/#website"},"primaryImageOfPage":{"@id":"https:\/\/news.canadamotorjobs.com\/fr\/un-mercedes-eqe-vus-en-mars-2023\/#primaryimage"},"image":{"@id":"https:\/\/news.canadamotorjobs.com\/fr\/un-mercedes-eqe-vus-en-mars-2023\/#primaryimage"},"thumbnailUrl":"https:\/\/news.canadamotorjobs.com\/wp-content\/uploads\/2022\/10\/Mercedes-AMG_EQE_SUV_2024-1_2022-10-16-151334_tplp-1.jpg","datePublished":"2022-10-17T19:43:30+00:00","dateModified":"2022-10-17T21:17:58+00:00","description":"Un Mercedes EQE VUS en mars 2023 - Benoit Charette - Annuel automobile - CanadaMotorJobs.com.","breadcrumb":{"@id":"https:\/\/news.canadamotorjobs.com\/fr\/un-mercedes-eqe-vus-en-mars-2023\/#breadcrumb"},"inLanguage":"fr-CA","potentialAction":[{"@type":"ReadAction","target":["https:\/\/news.canadamotorjobs.com\/fr\/un-mercedes-eqe-vus-en-mars-2023\/"]}]},{"@type":"ImageObject","inLanguage":"fr-CA","@id":"https:\/\/news.canadamotorjobs.com\/fr\/un-mercedes-eqe-vus-en-mars-2023\/#primaryimage","url":"https:\/\/news.canadamotorjobs.com\/wp-content\/uploads\/2022\/10\/Mercedes-AMG_EQE_SUV_2024-1_2022-10-16-151334_tplp-1.jpg","contentUrl":"https:\/\/news.canadamotorjobs.com\/wp-content\/uploads\/2022\/10\/Mercedes-AMG_EQE_SUV_2024-1_2022-10-16-151334_tplp-1.jpg","width":1920,"height":1080},{"@type":"BreadcrumbList","@id":"https:\/\/news.canadamotorjobs.com\/fr\/un-mercedes-eqe-vus-en-mars-2023\/#breadcrumb","itemListElement":[{"@type":"ListItem","position":1,"name":"Home","item":"https:\/\/news.canadamotorjobs.com\/fr\/blog\/"},{"@type":"ListItem","position":2,"name":"Un Mercedes EQE VUS en mars 2023"}]},{"@type":"WebSite","@id":"https:\/\/news.canadamotorjobs.com\/#website","url":"https:\/\/news.canadamotorjobs.com\/","name":"CanadaMotorJobs.com","description":"Automotive Jobs","publisher":{"@id":"https:\/\/news.canadamotorjobs.com\/#organization"},"potentialAction":[{"@type":"SearchAction","target":{"@type":"EntryPoint","urlTemplate":"https:\/\/news.canadamotorjobs.com\/?s={search_term_string}"},"query-input":"required name=search_term_string"}],"inLanguage":"fr-CA"},{"@type":"Organization","@id":"https:\/\/news.canadamotorjobs.com\/#organization","name":"Canada Motor Jobs","url":"https:\/\/news.canadamotorjobs.com\/","logo":{"@type":"ImageObject","inLanguage":"fr-CA","@id":"https:\/\/news.canadamotorjobs.com\/#\/schema\/logo\/image\/","url":"https:\/\/news.canadamotorjobs.com\/wp-content\/uploads\/2022\/10\/logo-canada-motor-jobs-1.png","contentUrl":"https:\/\/news.canadamotorjobs.com\/wp-content\/uploads\/2022\/10\/logo-canada-motor-jobs-1.png","width":800,"height":400,"caption":"Canada Motor Jobs"},"image":{"@id":"https:\/\/news.canadamotorjobs.com\/#\/schema\/logo\/image\/"},"sameAs":["https:\/\/www.facebook.com\/canadamotorjobs\/","https:\/\/x.com\/canadamotorjobs","https:\/\/www.instagram.com\/canadamotorjobs\/","https:\/\/www.linkedin.com\/company\/canadamotorjobs"]},{"@type":"Person","@id":"https:\/\/news.canadamotorjobs.com\/#\/schema\/person\/51793d1f87d44011d7bcc2ed99269a90","name":"Benoit Charette","image":{"@type":"ImageObject","inLanguage":"fr-CA","@id":"https:\/\/news.canadamotorjobs.com\/#\/schema\/person\/image\/","url":"https:\/\/secure.gravatar.com\/avatar\/45f3d2eebcccd909668d7ce7ea7267b6?s=96&d=mm&r=g","contentUrl":"https:\/\/secure.gravatar.com\/avatar\/45f3d2eebcccd909668d7ce7ea7267b6?s=96&d=mm&r=g","caption":"Benoit Charette"},"description":"Benoit Charette \/ Propri\u00e9taire et r\u00e9dacteur en chef Benoit Charette pratique le journalisme automobile depuis bient\u00f4t 30 ans. Il a fait ses classes au c\u00f4t\u00e9 de Daniel H\u00e9raud et au Carnet de route de 1992 \u00e0 2001. Il est fondateur, copropri\u00e9taire et r\u00e9dacteur en chef de L\u2019Annuel de l\u2019automobile, qu\u2019il publie depuis 2001. Il a anim\u00e9 les \u00e9missions RPM et RPM+ sur V et les L\u00e9gendes de la route sur Historia. \u00c0 la radio depuis 1986, il reprend l\u2019antenne cette ann\u00e9e sur les ondes de Cogeco et participe pour la deuxi\u00e8me ann\u00e9e \u00e0 l\u2019\u00e9mission Passion Auto sur RDS en plus de mettre en ligne le site Web officiel de L\u2019Annuel de l\u2019automobile sur annuelauto.ca.","sameAs":["https:\/\/annuelauto.ca\/"],"url":"https:\/\/news.canadamotorjobs.com\/fr\/author\/benoit-charette\/"}]}},"_links":{"self":[{"href":"https:\/\/news.canadamotorjobs.com\/fr\/wp-json\/wp\/v2\/posts\/135655"}],"collection":[{"href":"https:\/\/news.canadamotorjobs.com\/fr\/wp-json\/wp\/v2\/posts"}],"about":[{"href":"https:\/\/news.canadamotorjobs.com\/fr\/wp-json\/wp\/v2\/types\/post"}],"author":[{"embeddable":true,"href":"https:\/\/news.canadamotorjobs.com\/fr\/wp-json\/wp\/v2\/users\/8"}],"replies":[{"embeddable":true,"href":"https:\/\/news.canadamotorjobs.com\/fr\/wp-json\/wp\/v2\/comments?post=135655"}],"version-history":[{"count":0,"href":"https:\/\/news.canadamotorjobs.com\/fr\/wp-json\/wp\/v2\/posts\/135655\/revisions"}],"wp:featuredmedia":[{"embeddable":true,"href":"https:\/\/news.canadamotorjobs.com\/fr\/wp-json\/wp\/v2\/media\/135659"}],"wp:attachment":[{"href":"https:\/\/news.canadamotorjobs.com\/fr\/wp-json\/wp\/v2\/media?parent=135655"}],"wp:term":[{"taxonomy":"category","embeddable":true,"href":"https:\/\/news.canadamotorjobs.com\/fr\/wp-json\/wp\/v2\/categories?post=135655"},{"taxonomy":"post_tag","embeddable":true,"href":"https:\/\/news.canadamotorjobs.com\/fr\/wp-json\/wp\/v2\/tags?post=135655"}],"curies":[{"name":"wp","href":"https:\/\/api.w.org\/{rel}","templated":true}]}}