{"id":135581,"date":"2022-10-17T08:17:14","date_gmt":"2022-10-17T12:17:14","guid":{"rendered":"https:\/\/blog.canadamotorjobs.com\/la-liste-des-modeles-disparus-pour-2023\/"},"modified":"2022-10-17T11:47:11","modified_gmt":"2022-10-17T15:47:11","slug":"la-liste-des-modeles-disparus-pour-2023","status":"publish","type":"post","link":"https:\/\/news.canadamotorjobs.com\/fr\/la-liste-des-modeles-disparus-pour-2023\/","title":{"rendered":"La liste des mod\u00e8les disparus pour 2023"},"content":{"rendered":"<p>Sans faire de bruit, plusieurs mod\u00e8les ont d\u00e9j\u00e0 fait leurs adieux \u00e0 la route et ne reviendront pas en 2023. Beaucoup de petits mod\u00e8les \u00e9conomiques c\u00e8dent le pas \u00e0 d\u2019autres VUS ou encore de futurs VUS \u00e9lectriques. Les pures sportives sont aussi en d\u00e9clin. Voici donc cette liste des derni\u00e8res ann\u00e9es mod\u00e8les 2022.<\/p>\n<h3>Acura ILX<\/h3>\n<p>L\u2019ILX vivait sur le respirateur artificiel depuis plusieurs ann\u00e9es. Alors que l&#8217;Integra partage ses fondations avec la derni\u00e8re Honda Civic de 11e g\u00e9n\u00e9ration, l&#8217;ILX \u00e9tait assise sur les bases de la Civic de 9e g\u00e9n\u00e9ration. L\u2019Integra pave la voie \u00e0 une nouvelle g\u00e9n\u00e9ration<\/p>\n<h3>Acura NSX<\/h3>\n<p>Acura a termin\u00e9 la production de sa NSX avec brio. Pour sa derni\u00e8re sortie, la NSX a re\u00e7u le traitement Type S qui, entre autres, fait passer la puissance de 573 \u00e0 600 chevaux. Acura a construit seulement 350 NSX Type S hybrides avant de fermer le livre sur la NSX de deuxi\u00e8me g\u00e9n\u00e9ration.<\/p>\n<h3>Buick Encore<\/h3>\n<p>Apr\u00e8s pr\u00e8s d&#8217;une d\u00e9cennie de ventes, Buick met fin \u00e0 la production de son VUS sous-compact Encore pour 2023. L\u2019arriv\u00e9e de l\u2019Encore GX en 2020 sonnait la fin de ce mod\u00e8le qui a tout de m\u00eame r\u00e9sist\u00e9 durant deux ans.<\/p>\n<h3>Chevrolet Spark<\/h3>\n<p>La voiture la plus abordable au Canada n\u2019est plus et c\u2019est dommage. Elle proposait une liste compl\u00e8te d&#8217;\u00e9quipements de s\u00e9rie, notamment un syst\u00e8me d&#8217;infodivertissement \u00e0 \u00e9cran tactile de 7,0 pouces compatible avec Apple CarPlay et Android Auto. Le moteur quatre cylindres de 98 chevaux de la Spark, cependant, n&#8217;\u00e9tait pas \u00e0<\/p>\n","protected":false},"excerpt":{"rendered":"<p>Sans faire de bruit, plusieurs mod\u00e8les ont d\u00e9j\u00e0 fait leurs adieux \u00e0 la route et ne reviendront pas en 2023. Beaucoup de petits mod\u00e8les \u00e9conomiques c\u00e8dent le pas \u00e0 d\u2019autres VUS ou encore de futurs VUS \u00e9lectriques. Les pures sportives sont aussi en d\u00e9clin. Voici donc cette liste des derni\u00e8res ann\u00e9es mod\u00e8les 2022. Acura ILX [&hellip;]<\/p>\n","protected":false},"author":8,"featured_media":135585,"comment_status":"close","ping_status":"closed","sticky":false,"template":"","format":"standard","meta":{"_monsterinsights_skip_tracking":false,"_monsterinsights_sitenote_active":false,"_monsterinsights_sitenote_note":"","_monsterinsights_sitenote_category":0,"footnotes":""},"categories":[101],"tags":[],"yoast_head":"<!-- This site is optimized with the Yoast SEO plugin v23.2 - https:\/\/yoast.com\/wordpress\/plugins\/seo\/ -->\n<title>La liste des mod\u00e8les disparus pour 2023 - CanadaMotorJobs.com<\/title>\n<meta name=\"description\" content=\"La liste des mod\u00e8les disparus pour 2023 - Benoit Charette - Annuel automobile - CanadaMotorJobs.com.\" \/>\n<meta name=\"robots\" content=\"index, follow, max-snippet:-1, max-image-preview:large, max-video-preview:-1\" \/>\n<meta property=\"og:locale\" content=\"fr_CA\" \/>\n<meta property=\"og:type\" content=\"article\" \/>\n<meta property=\"og:title\" content=\"La liste des mod\u00e8les disparus pour 2023 - CanadaMotorJobs.com\" \/>\n<meta property=\"og:description\" content=\"La liste des mod\u00e8les disparus pour 2023 - Benoit Charette - Annuel automobile - CanadaMotorJobs.com.\" \/>\n<meta property=\"og:url\" content=\"https:\/\/news.canadamotorjobs.com\/fr\/la-liste-des-modeles-disparus-pour-2023\/\" \/>\n<meta property=\"og:site_name\" content=\"CanadaMotorJobs.com\" \/>\n<meta property=\"article:publisher\" content=\"https:\/\/www.facebook.com\/canadamotorjobs\/\" \/>\n<meta property=\"article:published_time\" content=\"2022-10-17T12:17:14+00:00\" \/>\n<meta property=\"article:modified_time\" content=\"2022-10-17T15:47:11+00:00\" \/>\n<meta property=\"og:image\" content=\"https:\/\/news.canadamotorjobs.com\/wp-content\/uploads\/2022\/10\/55002-1.jpg\" \/>\n\t<meta property=\"og:image:width\" content=\"1200\" \/>\n\t<meta property=\"og:image:height\" content=\"800\" \/>\n\t<meta property=\"og:image:type\" content=\"image\/jpeg\" \/>\n<meta name=\"author\" content=\"Benoit Charette\" \/>\n<meta name=\"twitter:card\" content=\"summary_large_image\" \/>\n<meta name=\"twitter:creator\" content=\"@canadamotorjobs\" \/>\n<meta name=\"twitter:site\" content=\"@canadamotorjobs\" \/>\n<meta name=\"twitter:label1\" content=\"\u00c9crit par\" \/>\n\t<meta name=\"twitter:data1\" content=\"Benoit Charette\" \/>\n\t<meta name=\"twitter:label2\" content=\"Estimation du temps de lecture\" \/>\n\t<meta name=\"twitter:data2\" content=\"2 minutes\" \/>\n<!-- \/ Yoast SEO plugin. -->","yoast_head_json":{"title":"La liste des mod\u00e8les disparus pour 2023 - CanadaMotorJobs.com","description":"La liste des mod\u00e8les disparus pour 2023 - Benoit Charette - Annuel automobile - CanadaMotorJobs.com.","robots":{"index":"index","follow":"follow","max-snippet":"max-snippet:-1","max-image-preview":"max-image-preview:large","max-video-preview":"max-video-preview:-1"},"og_locale":"fr_CA","og_type":"article","og_title":"La liste des mod\u00e8les disparus pour 2023 - CanadaMotorJobs.com","og_description":"La liste des mod\u00e8les disparus pour 2023 - Benoit Charette - Annuel automobile - CanadaMotorJobs.com.","og_url":"https:\/\/news.canadamotorjobs.com\/fr\/la-liste-des-modeles-disparus-pour-2023\/","og_site_name":"CanadaMotorJobs.com","article_publisher":"https:\/\/www.facebook.com\/canadamotorjobs\/","article_published_time":"2022-10-17T12:17:14+00:00","article_modified_time":"2022-10-17T15:47:11+00:00","og_image":[{"width":1200,"height":800,"url":"https:\/\/news.canadamotorjobs.com\/wp-content\/uploads\/2022\/10\/55002-1.jpg","type":"image\/jpeg"}],"author":"Benoit Charette","twitter_card":"summary_large_image","twitter_creator":"@canadamotorjobs","twitter_site":"@canadamotorjobs","twitter_misc":{"\u00c9crit par":"Benoit Charette","Estimation du temps de lecture":"2 minutes"},"schema":{"@context":"https:\/\/schema.org","@graph":[{"@type":"Article","@id":"https:\/\/news.canadamotorjobs.com\/fr\/la-liste-des-modeles-disparus-pour-2023\/#article","isPartOf":{"@id":"https:\/\/news.canadamotorjobs.com\/fr\/la-liste-des-modeles-disparus-pour-2023\/"},"author":{"name":"Benoit Charette","@id":"https:\/\/news.canadamotorjobs.com\/#\/schema\/person\/51793d1f87d44011d7bcc2ed99269a90"},"headline":"La liste des mod\u00e8les disparus pour 2023","datePublished":"2022-10-17T12:17:14+00:00","dateModified":"2022-10-17T15:47:11+00:00","mainEntityOfPage":{"@id":"https:\/\/news.canadamotorjobs.com\/fr\/la-liste-des-modeles-disparus-pour-2023\/"},"wordCount":284,"publisher":{"@id":"https:\/\/news.canadamotorjobs.com\/#organization"},"image":{"@id":"https:\/\/news.canadamotorjobs.com\/fr\/la-liste-des-modeles-disparus-pour-2023\/#primaryimage"},"thumbnailUrl":"https:\/\/news.canadamotorjobs.com\/wp-content\/uploads\/2022\/10\/55002-1.jpg","articleSection":["Annuel automobile"],"inLanguage":"fr-CA"},{"@type":"WebPage","@id":"https:\/\/news.canadamotorjobs.com\/fr\/la-liste-des-modeles-disparus-pour-2023\/","url":"https:\/\/news.canadamotorjobs.com\/fr\/la-liste-des-modeles-disparus-pour-2023\/","name":"La liste des mod\u00e8les disparus pour 2023 - CanadaMotorJobs.com","isPartOf":{"@id":"https:\/\/news.canadamotorjobs.com\/#website"},"primaryImageOfPage":{"@id":"https:\/\/news.canadamotorjobs.com\/fr\/la-liste-des-modeles-disparus-pour-2023\/#primaryimage"},"image":{"@id":"https:\/\/news.canadamotorjobs.com\/fr\/la-liste-des-modeles-disparus-pour-2023\/#primaryimage"},"thumbnailUrl":"https:\/\/news.canadamotorjobs.com\/wp-content\/uploads\/2022\/10\/55002-1.jpg","datePublished":"2022-10-17T12:17:14+00:00","dateModified":"2022-10-17T15:47:11+00:00","description":"La liste des mod\u00e8les disparus pour 2023 - Benoit Charette - Annuel automobile - CanadaMotorJobs.com.","breadcrumb":{"@id":"https:\/\/news.canadamotorjobs.com\/fr\/la-liste-des-modeles-disparus-pour-2023\/#breadcrumb"},"inLanguage":"fr-CA","potentialAction":[{"@type":"ReadAction","target":["https:\/\/news.canadamotorjobs.com\/fr\/la-liste-des-modeles-disparus-pour-2023\/"]}]},{"@type":"ImageObject","inLanguage":"fr-CA","@id":"https:\/\/news.canadamotorjobs.com\/fr\/la-liste-des-modeles-disparus-pour-2023\/#primaryimage","url":"https:\/\/news.canadamotorjobs.com\/wp-content\/uploads\/2022\/10\/55002-1.jpg","contentUrl":"https:\/\/news.canadamotorjobs.com\/wp-content\/uploads\/2022\/10\/55002-1.jpg","width":1200,"height":800},{"@type":"BreadcrumbList","@id":"https:\/\/news.canadamotorjobs.com\/fr\/la-liste-des-modeles-disparus-pour-2023\/#breadcrumb","itemListElement":[{"@type":"ListItem","position":1,"name":"Home","item":"https:\/\/news.canadamotorjobs.com\/fr\/blog\/"},{"@type":"ListItem","position":2,"name":"La liste des mod\u00e8les disparus pour 2023"}]},{"@type":"WebSite","@id":"https:\/\/news.canadamotorjobs.com\/#website","url":"https:\/\/news.canadamotorjobs.com\/","name":"CanadaMotorJobs.com","description":"Automotive Jobs","publisher":{"@id":"https:\/\/news.canadamotorjobs.com\/#organization"},"potentialAction":[{"@type":"SearchAction","target":{"@type":"EntryPoint","urlTemplate":"https:\/\/news.canadamotorjobs.com\/?s={search_term_string}"},"query-input":"required name=search_term_string"}],"inLanguage":"fr-CA"},{"@type":"Organization","@id":"https:\/\/news.canadamotorjobs.com\/#organization","name":"Canada Motor Jobs","url":"https:\/\/news.canadamotorjobs.com\/","logo":{"@type":"ImageObject","inLanguage":"fr-CA","@id":"https:\/\/news.canadamotorjobs.com\/#\/schema\/logo\/image\/","url":"https:\/\/news.canadamotorjobs.com\/wp-content\/uploads\/2022\/10\/logo-canada-motor-jobs-1.png","contentUrl":"https:\/\/news.canadamotorjobs.com\/wp-content\/uploads\/2022\/10\/logo-canada-motor-jobs-1.png","width":800,"height":400,"caption":"Canada Motor Jobs"},"image":{"@id":"https:\/\/news.canadamotorjobs.com\/#\/schema\/logo\/image\/"},"sameAs":["https:\/\/www.facebook.com\/canadamotorjobs\/","https:\/\/x.com\/canadamotorjobs","https:\/\/www.instagram.com\/canadamotorjobs\/","https:\/\/www.linkedin.com\/company\/canadamotorjobs"]},{"@type":"Person","@id":"https:\/\/news.canadamotorjobs.com\/#\/schema\/person\/51793d1f87d44011d7bcc2ed99269a90","name":"Benoit Charette","image":{"@type":"ImageObject","inLanguage":"fr-CA","@id":"https:\/\/news.canadamotorjobs.com\/#\/schema\/person\/image\/","url":"https:\/\/secure.gravatar.com\/avatar\/45f3d2eebcccd909668d7ce7ea7267b6?s=96&d=mm&r=g","contentUrl":"https:\/\/secure.gravatar.com\/avatar\/45f3d2eebcccd909668d7ce7ea7267b6?s=96&d=mm&r=g","caption":"Benoit Charette"},"description":"Benoit Charette \/ Propri\u00e9taire et r\u00e9dacteur en chef Benoit Charette pratique le journalisme automobile depuis bient\u00f4t 30 ans. Il a fait ses classes au c\u00f4t\u00e9 de Daniel H\u00e9raud et au Carnet de route de 1992 \u00e0 2001. Il est fondateur, copropri\u00e9taire et r\u00e9dacteur en chef de L\u2019Annuel de l\u2019automobile, qu\u2019il publie depuis 2001. Il a anim\u00e9 les \u00e9missions RPM et RPM+ sur V et les L\u00e9gendes de la route sur Historia. \u00c0 la radio depuis 1986, il reprend l\u2019antenne cette ann\u00e9e sur les ondes de Cogeco et participe pour la deuxi\u00e8me ann\u00e9e \u00e0 l\u2019\u00e9mission Passion Auto sur RDS en plus de mettre en ligne le site Web officiel de L\u2019Annuel de l\u2019automobile sur annuelauto.ca.","sameAs":["https:\/\/annuelauto.ca\/"],"url":"https:\/\/news.canadamotorjobs.com\/fr\/author\/benoit-charette\/"}]}},"_links":{"self":[{"href":"https:\/\/news.canadamotorjobs.com\/fr\/wp-json\/wp\/v2\/posts\/135581"}],"collection":[{"href":"https:\/\/news.canadamotorjobs.com\/fr\/wp-json\/wp\/v2\/posts"}],"about":[{"href":"https:\/\/news.canadamotorjobs.com\/fr\/wp-json\/wp\/v2\/types\/post"}],"author":[{"embeddable":true,"href":"https:\/\/news.canadamotorjobs.com\/fr\/wp-json\/wp\/v2\/users\/8"}],"replies":[{"embeddable":true,"href":"https:\/\/news.canadamotorjobs.com\/fr\/wp-json\/wp\/v2\/comments?post=135581"}],"version-history":[{"count":0,"href":"https:\/\/news.canadamotorjobs.com\/fr\/wp-json\/wp\/v2\/posts\/135581\/revisions"}],"wp:featuredmedia":[{"embeddable":true,"href":"https:\/\/news.canadamotorjobs.com\/fr\/wp-json\/wp\/v2\/media\/135585"}],"wp:attachment":[{"href":"https:\/\/news.canadamotorjobs.com\/fr\/wp-json\/wp\/v2\/media?parent=135581"}],"wp:term":[{"taxonomy":"category","embeddable":true,"href":"https:\/\/news.canadamotorjobs.com\/fr\/wp-json\/wp\/v2\/categories?post=135581"},{"taxonomy":"post_tag","embeddable":true,"href":"https:\/\/news.canadamotorjobs.com\/fr\/wp-json\/wp\/v2\/tags?post=135581"}],"curies":[{"name":"wp","href":"https:\/\/api.w.org\/{rel}","templated":true}]}}