{"id":134837,"date":"2022-10-16T09:57:10","date_gmt":"2022-10-16T13:57:10","guid":{"rendered":"https:\/\/blog.canadamotorjobs.com\/mercedes-benz-rappelle-60-000-vehicules\/"},"modified":"2022-10-17T09:55:34","modified_gmt":"2022-10-17T13:55:34","slug":"mercedes-benz-rappelle-60-000-vehicules","status":"publish","type":"post","link":"https:\/\/news.canadamotorjobs.com\/fr\/mercedes-benz-rappelle-60-000-vehicules\/","title":{"rendered":"Mercedes Benz rappelle 60\u00a0000 v\u00e9hicules"},"content":{"rendered":"<p>C\u2019est un verrouillage d\u00e9fectueux du dossier de la troisi\u00e8me rang\u00e9e de si\u00e8ges qui est \u00e0 l\u2019origine de ce rappel. Selon la National Highway Traffic Safety Administration (NHTSA), il y a un probl\u00e8me avec le m\u00e9canisme de verrouillage utilis\u00e9 pour les dossiers des si\u00e8ges de troisi\u00e8me rang\u00e9e. Le v\u00e9hicule vis\u00e9 est le mod\u00e8le GLS et tous les exemplaires r\u00e9cents sont vis\u00e9s par ce rappel, soit pr\u00e8s de 60\u00a0000 unit\u00e9s qui ont \u00e9t\u00e9 produites entre le 18 septembre 2018 et le 4 juillet 2022. L\u2019Ultra luxueuse version Maybach, aussi rare que ch\u00e8re, n\u2019est pas touch\u00e9e par ce rappel, car il n\u2019y a pas de troisi\u00e8me rang\u00e9e de si\u00e8ges.<\/p>\n<h3>Quelle est la cause du probl\u00e8me ?<\/h3>\n<p>Selon l&#8217;avis de rappel, le probl\u00e8me peut provenir de ressorts mal install\u00e9s dans le m\u00e9canisme de verrouillage. Toutefois, le d\u00e9faut peut \u00eatre attribu\u00e9 \u00e0 une &#8220;d\u00e9viation de production chez un fournisseur&#8221;. Si votre Classe GLS fait partie des quelque 60\u00a0000 exemplaires concern\u00e9s par ce rappel, le v\u00e9hicule devra \u00eatre inspect\u00e9 par votre concessionnaire local. Vous devriez aussi recevoir une lettre de votre concessionnaire d\u2019ici la fin de l\u2019ann\u00e9e. Ce n&#8217;est pas le premier probl\u00e8me qui touche le GLS au cours des derniers mois. En juin, le grand VUS et plusieurs autres mod\u00e8les Benz ont \u00e9t\u00e9 rappel\u00e9s en raison du mauvais fonctionnement du syst\u00e8me d&#8217;appel d&#8217;urgence.<\/p>\n<h3>Plus d\u2019un million de rappels cette ann\u00e9e chez Mercedes<\/h3>\n<p>Cette ann\u00e9e, le constructeur a rappel\u00e9 pr\u00e8s d&#8217;un million de v\u00e9hicules, dont le pr\u00e9d\u00e9cesseur du GLS, la Classe GL, en raison de syst\u00e8mes<\/p>\n","protected":false},"excerpt":{"rendered":"<p>C\u2019est un verrouillage d\u00e9fectueux du dossier de la troisi\u00e8me rang\u00e9e de si\u00e8ges qui est \u00e0 l\u2019origine de ce rappel. Selon la National Highway Traffic Safety Administration (NHTSA), il y a un probl\u00e8me avec le m\u00e9canisme de verrouillage utilis\u00e9 pour les dossiers des si\u00e8ges de troisi\u00e8me rang\u00e9e. Le v\u00e9hicule vis\u00e9 est le mod\u00e8le GLS et tous [&hellip;]<\/p>\n","protected":false},"author":8,"featured_media":134841,"comment_status":"close","ping_status":"closed","sticky":false,"template":"","format":"standard","meta":{"_monsterinsights_skip_tracking":false,"_monsterinsights_sitenote_active":false,"_monsterinsights_sitenote_note":"","_monsterinsights_sitenote_category":0,"footnotes":""},"categories":[101],"tags":[131],"yoast_head":"<!-- This site is optimized with the Yoast SEO plugin v23.2 - https:\/\/yoast.com\/wordpress\/plugins\/seo\/ -->\n<title>Mercedes Benz rappelle 60\u00a0000 v\u00e9hicules - CanadaMotorJobs.com<\/title>\n<meta name=\"description\" content=\"Mercedes Benz rappelle 60\u00a0000 v\u00e9hicules - Benoit Charette - Annuel automobile - CanadaMotorJobs.com.\" \/>\n<meta name=\"robots\" content=\"index, follow, max-snippet:-1, max-image-preview:large, max-video-preview:-1\" \/>\n<meta property=\"og:locale\" content=\"fr_CA\" \/>\n<meta property=\"og:type\" content=\"article\" \/>\n<meta property=\"og:title\" content=\"Mercedes Benz rappelle 60\u00a0000 v\u00e9hicules - CanadaMotorJobs.com\" \/>\n<meta property=\"og:description\" content=\"Mercedes Benz rappelle 60\u00a0000 v\u00e9hicules - Benoit Charette - Annuel automobile - CanadaMotorJobs.com.\" \/>\n<meta property=\"og:url\" content=\"https:\/\/news.canadamotorjobs.com\/fr\/mercedes-benz-rappelle-60-000-vehicules\/\" \/>\n<meta property=\"og:site_name\" content=\"CanadaMotorJobs.com\" \/>\n<meta property=\"article:publisher\" content=\"https:\/\/www.facebook.com\/canadamotorjobs\/\" \/>\n<meta property=\"article:published_time\" content=\"2022-10-16T13:57:10+00:00\" \/>\n<meta property=\"article:modified_time\" content=\"2022-10-17T13:55:34+00:00\" \/>\n<meta property=\"og:image\" content=\"https:\/\/news.canadamotorjobs.com\/wp-content\/uploads\/2022\/10\/mer-gls-01-1.jpg\" \/>\n\t<meta property=\"og:image:width\" content=\"1024\" \/>\n\t<meta property=\"og:image:height\" content=\"683\" \/>\n\t<meta property=\"og:image:type\" content=\"image\/jpeg\" \/>\n<meta name=\"author\" content=\"Benoit Charette\" \/>\n<meta name=\"twitter:card\" content=\"summary_large_image\" \/>\n<meta name=\"twitter:creator\" content=\"@canadamotorjobs\" \/>\n<meta name=\"twitter:site\" content=\"@canadamotorjobs\" \/>\n<meta name=\"twitter:label1\" content=\"\u00c9crit par\" \/>\n\t<meta name=\"twitter:data1\" content=\"Benoit Charette\" \/>\n\t<meta name=\"twitter:label2\" content=\"Estimation du temps de lecture\" \/>\n\t<meta name=\"twitter:data2\" content=\"2 minutes\" \/>\n<!-- \/ Yoast SEO plugin. -->","yoast_head_json":{"title":"Mercedes Benz rappelle 60\u00a0000 v\u00e9hicules - CanadaMotorJobs.com","description":"Mercedes Benz rappelle 60\u00a0000 v\u00e9hicules - Benoit Charette - Annuel automobile - CanadaMotorJobs.com.","robots":{"index":"index","follow":"follow","max-snippet":"max-snippet:-1","max-image-preview":"max-image-preview:large","max-video-preview":"max-video-preview:-1"},"og_locale":"fr_CA","og_type":"article","og_title":"Mercedes Benz rappelle 60\u00a0000 v\u00e9hicules - CanadaMotorJobs.com","og_description":"Mercedes Benz rappelle 60\u00a0000 v\u00e9hicules - Benoit Charette - Annuel automobile - CanadaMotorJobs.com.","og_url":"https:\/\/news.canadamotorjobs.com\/fr\/mercedes-benz-rappelle-60-000-vehicules\/","og_site_name":"CanadaMotorJobs.com","article_publisher":"https:\/\/www.facebook.com\/canadamotorjobs\/","article_published_time":"2022-10-16T13:57:10+00:00","article_modified_time":"2022-10-17T13:55:34+00:00","og_image":[{"width":1024,"height":683,"url":"https:\/\/news.canadamotorjobs.com\/wp-content\/uploads\/2022\/10\/mer-gls-01-1.jpg","type":"image\/jpeg"}],"author":"Benoit Charette","twitter_card":"summary_large_image","twitter_creator":"@canadamotorjobs","twitter_site":"@canadamotorjobs","twitter_misc":{"\u00c9crit par":"Benoit Charette","Estimation du temps de lecture":"2 minutes"},"schema":{"@context":"https:\/\/schema.org","@graph":[{"@type":"Article","@id":"https:\/\/news.canadamotorjobs.com\/fr\/mercedes-benz-rappelle-60-000-vehicules\/#article","isPartOf":{"@id":"https:\/\/news.canadamotorjobs.com\/fr\/mercedes-benz-rappelle-60-000-vehicules\/"},"author":{"name":"Benoit Charette","@id":"https:\/\/news.canadamotorjobs.com\/#\/schema\/person\/51793d1f87d44011d7bcc2ed99269a90"},"headline":"Mercedes Benz rappelle 60\u00a0000 v\u00e9hicules","datePublished":"2022-10-16T13:57:10+00:00","dateModified":"2022-10-17T13:55:34+00:00","mainEntityOfPage":{"@id":"https:\/\/news.canadamotorjobs.com\/fr\/mercedes-benz-rappelle-60-000-vehicules\/"},"wordCount":299,"publisher":{"@id":"https:\/\/news.canadamotorjobs.com\/#organization"},"image":{"@id":"https:\/\/news.canadamotorjobs.com\/fr\/mercedes-benz-rappelle-60-000-vehicules\/#primaryimage"},"thumbnailUrl":"https:\/\/news.canadamotorjobs.com\/wp-content\/uploads\/2022\/10\/mer-gls-01-1.jpg","keywords":["Newsletter"],"articleSection":["Annuel automobile"],"inLanguage":"fr-CA"},{"@type":"WebPage","@id":"https:\/\/news.canadamotorjobs.com\/fr\/mercedes-benz-rappelle-60-000-vehicules\/","url":"https:\/\/news.canadamotorjobs.com\/fr\/mercedes-benz-rappelle-60-000-vehicules\/","name":"Mercedes Benz rappelle 60\u00a0000 v\u00e9hicules - CanadaMotorJobs.com","isPartOf":{"@id":"https:\/\/news.canadamotorjobs.com\/#website"},"primaryImageOfPage":{"@id":"https:\/\/news.canadamotorjobs.com\/fr\/mercedes-benz-rappelle-60-000-vehicules\/#primaryimage"},"image":{"@id":"https:\/\/news.canadamotorjobs.com\/fr\/mercedes-benz-rappelle-60-000-vehicules\/#primaryimage"},"thumbnailUrl":"https:\/\/news.canadamotorjobs.com\/wp-content\/uploads\/2022\/10\/mer-gls-01-1.jpg","datePublished":"2022-10-16T13:57:10+00:00","dateModified":"2022-10-17T13:55:34+00:00","description":"Mercedes Benz rappelle 60\u00a0000 v\u00e9hicules - Benoit Charette - Annuel automobile - CanadaMotorJobs.com.","breadcrumb":{"@id":"https:\/\/news.canadamotorjobs.com\/fr\/mercedes-benz-rappelle-60-000-vehicules\/#breadcrumb"},"inLanguage":"fr-CA","potentialAction":[{"@type":"ReadAction","target":["https:\/\/news.canadamotorjobs.com\/fr\/mercedes-benz-rappelle-60-000-vehicules\/"]}]},{"@type":"ImageObject","inLanguage":"fr-CA","@id":"https:\/\/news.canadamotorjobs.com\/fr\/mercedes-benz-rappelle-60-000-vehicules\/#primaryimage","url":"https:\/\/news.canadamotorjobs.com\/wp-content\/uploads\/2022\/10\/mer-gls-01-1.jpg","contentUrl":"https:\/\/news.canadamotorjobs.com\/wp-content\/uploads\/2022\/10\/mer-gls-01-1.jpg","width":1024,"height":683},{"@type":"BreadcrumbList","@id":"https:\/\/news.canadamotorjobs.com\/fr\/mercedes-benz-rappelle-60-000-vehicules\/#breadcrumb","itemListElement":[{"@type":"ListItem","position":1,"name":"Home","item":"https:\/\/news.canadamotorjobs.com\/fr\/blog\/"},{"@type":"ListItem","position":2,"name":"Mercedes Benz rappelle 60\u00a0000 v\u00e9hicules"}]},{"@type":"WebSite","@id":"https:\/\/news.canadamotorjobs.com\/#website","url":"https:\/\/news.canadamotorjobs.com\/","name":"CanadaMotorJobs.com","description":"Automotive Jobs","publisher":{"@id":"https:\/\/news.canadamotorjobs.com\/#organization"},"potentialAction":[{"@type":"SearchAction","target":{"@type":"EntryPoint","urlTemplate":"https:\/\/news.canadamotorjobs.com\/?s={search_term_string}"},"query-input":"required name=search_term_string"}],"inLanguage":"fr-CA"},{"@type":"Organization","@id":"https:\/\/news.canadamotorjobs.com\/#organization","name":"Canada Motor Jobs","url":"https:\/\/news.canadamotorjobs.com\/","logo":{"@type":"ImageObject","inLanguage":"fr-CA","@id":"https:\/\/news.canadamotorjobs.com\/#\/schema\/logo\/image\/","url":"https:\/\/news.canadamotorjobs.com\/wp-content\/uploads\/2022\/10\/logo-canada-motor-jobs-1.png","contentUrl":"https:\/\/news.canadamotorjobs.com\/wp-content\/uploads\/2022\/10\/logo-canada-motor-jobs-1.png","width":800,"height":400,"caption":"Canada Motor Jobs"},"image":{"@id":"https:\/\/news.canadamotorjobs.com\/#\/schema\/logo\/image\/"},"sameAs":["https:\/\/www.facebook.com\/canadamotorjobs\/","https:\/\/x.com\/canadamotorjobs","https:\/\/www.instagram.com\/canadamotorjobs\/","https:\/\/www.linkedin.com\/company\/canadamotorjobs"]},{"@type":"Person","@id":"https:\/\/news.canadamotorjobs.com\/#\/schema\/person\/51793d1f87d44011d7bcc2ed99269a90","name":"Benoit Charette","image":{"@type":"ImageObject","inLanguage":"fr-CA","@id":"https:\/\/news.canadamotorjobs.com\/#\/schema\/person\/image\/","url":"https:\/\/secure.gravatar.com\/avatar\/45f3d2eebcccd909668d7ce7ea7267b6?s=96&d=mm&r=g","contentUrl":"https:\/\/secure.gravatar.com\/avatar\/45f3d2eebcccd909668d7ce7ea7267b6?s=96&d=mm&r=g","caption":"Benoit Charette"},"description":"Benoit Charette \/ Propri\u00e9taire et r\u00e9dacteur en chef Benoit Charette pratique le journalisme automobile depuis bient\u00f4t 30 ans. Il a fait ses classes au c\u00f4t\u00e9 de Daniel H\u00e9raud et au Carnet de route de 1992 \u00e0 2001. Il est fondateur, copropri\u00e9taire et r\u00e9dacteur en chef de L\u2019Annuel de l\u2019automobile, qu\u2019il publie depuis 2001. Il a anim\u00e9 les \u00e9missions RPM et RPM+ sur V et les L\u00e9gendes de la route sur Historia. \u00c0 la radio depuis 1986, il reprend l\u2019antenne cette ann\u00e9e sur les ondes de Cogeco et participe pour la deuxi\u00e8me ann\u00e9e \u00e0 l\u2019\u00e9mission Passion Auto sur RDS en plus de mettre en ligne le site Web officiel de L\u2019Annuel de l\u2019automobile sur annuelauto.ca.","sameAs":["https:\/\/annuelauto.ca\/"],"url":"https:\/\/news.canadamotorjobs.com\/fr\/author\/benoit-charette\/"}]}},"_links":{"self":[{"href":"https:\/\/news.canadamotorjobs.com\/fr\/wp-json\/wp\/v2\/posts\/134837"}],"collection":[{"href":"https:\/\/news.canadamotorjobs.com\/fr\/wp-json\/wp\/v2\/posts"}],"about":[{"href":"https:\/\/news.canadamotorjobs.com\/fr\/wp-json\/wp\/v2\/types\/post"}],"author":[{"embeddable":true,"href":"https:\/\/news.canadamotorjobs.com\/fr\/wp-json\/wp\/v2\/users\/8"}],"replies":[{"embeddable":true,"href":"https:\/\/news.canadamotorjobs.com\/fr\/wp-json\/wp\/v2\/comments?post=134837"}],"version-history":[{"count":0,"href":"https:\/\/news.canadamotorjobs.com\/fr\/wp-json\/wp\/v2\/posts\/134837\/revisions"}],"wp:featuredmedia":[{"embeddable":true,"href":"https:\/\/news.canadamotorjobs.com\/fr\/wp-json\/wp\/v2\/media\/134841"}],"wp:attachment":[{"href":"https:\/\/news.canadamotorjobs.com\/fr\/wp-json\/wp\/v2\/media?parent=134837"}],"wp:term":[{"taxonomy":"category","embeddable":true,"href":"https:\/\/news.canadamotorjobs.com\/fr\/wp-json\/wp\/v2\/categories?post=134837"},{"taxonomy":"post_tag","embeddable":true,"href":"https:\/\/news.canadamotorjobs.com\/fr\/wp-json\/wp\/v2\/tags?post=134837"}],"curies":[{"name":"wp","href":"https:\/\/api.w.org\/{rel}","templated":true}]}}