{"id":134813,"date":"2022-10-16T09:28:00","date_gmt":"2022-10-16T13:28:00","guid":{"rendered":"https:\/\/blog.canadamotorjobs.com\/les-15-voitures-les-plus-laides\/"},"modified":"2022-10-17T09:01:59","modified_gmt":"2022-10-17T13:01:59","slug":"les-15-voitures-les-plus-laides","status":"publish","type":"post","link":"https:\/\/news.canadamotorjobs.com\/fr\/les-15-voitures-les-plus-laides\/","title":{"rendered":"Les 15 voitures les plus laides"},"content":{"rendered":"<p>On le sait, la beaut\u00e9 est subjective. C\u2019est vrai dans la mode, dans le style et en automobile. Mais on peut tout de m\u00eame trouver une forme de consensus pour un certain nombre de mod\u00e8les dont la carri\u00e8re a sans doute \u00e9t\u00e9 compromise en raison de leur allure bizarre ou simplement repoussante. Notre palmar\u00e8s ne se veut pas une liste de la plus laide \u00e0 la vraiment horrible, mais simplement un aper\u00e7u des mod\u00e8les de production qui ont rat\u00e9 la cible.<\/p>\n<h3>Edsel Ranger 1958<\/h3>\n<p>En 1957, Ford a voulu innover en mettant sur pied la division Edsel. L\u2019op\u00e9ration s\u2019est av\u00e9r\u00e9e un fiasco monumental et Ford a d\u00fb renoncer au projet apr\u00e8s seulement trois ans. Le style particulier du mod\u00e8le n\u2019est sans doute pas \u00e9tranger \u00e0 cet insucc\u00e8s. La Ranger \u00e9tait le mod\u00e8le de base et existait en versions deux portes, berline et d\u00e9capotable en 1960. On se demande toujours pourquoi certaines voitures ont r\u00e9ussi \u00e0 passer \u00e0 travers les mailles du filet de la commercialisation. Certains diront que la Ranger \u00e9tait avant-gardiste, d\u2019autres qu\u2019elle \u00e9tait tout simplement laide. Chose certaine, les proportions n\u2019ont jamais \u00e9t\u00e9 \u00e9tudi\u00e9es.<\/p>\n<h3>Panhard PL17-L1 1960<\/h3>\n<p>Panhard et Levassor a \u00e9t\u00e9 le premier constructeur automobile \u00e0 mettre des voitures sur les routes en France. C\u2019\u00e9tait avec la Type A de 1890 \u00e0 1896. Toujours \u00e0 la fine pointe de la technologie, Panhard roulait \u00e0 l\u2019\u00e9poque un moteur Daimler. En 1960, la compagnie pr\u00e9sente la P17, une voiture \u00e0 l\u2019a\u00e9rodynamique<\/p>\n","protected":false},"excerpt":{"rendered":"<p>On le sait, la beaut\u00e9 est subjective. C\u2019est vrai dans la mode, dans le style et en automobile. Mais on peut tout de m\u00eame trouver une forme de consensus pour un certain nombre de mod\u00e8les dont la carri\u00e8re a sans doute \u00e9t\u00e9 compromise en raison de leur allure bizarre ou simplement repoussante. Notre palmar\u00e8s ne [&hellip;]<\/p>\n","protected":false},"author":8,"featured_media":134817,"comment_status":"close","ping_status":"closed","sticky":false,"template":"","format":"standard","meta":{"_monsterinsights_skip_tracking":false,"_monsterinsights_sitenote_active":false,"_monsterinsights_sitenote_note":"","_monsterinsights_sitenote_category":0,"footnotes":""},"categories":[101],"tags":[],"yoast_head":"<!-- This site is optimized with the Yoast SEO plugin v23.2 - https:\/\/yoast.com\/wordpress\/plugins\/seo\/ -->\n<title>Les 15 voitures les plus laides - CanadaMotorJobs.com<\/title>\n<meta name=\"description\" content=\"Les 15 voitures les plus laides - Benoit Charette - Annuel automobile - CanadaMotorJobs.com.\" \/>\n<meta name=\"robots\" content=\"index, follow, max-snippet:-1, max-image-preview:large, max-video-preview:-1\" \/>\n<meta property=\"og:locale\" content=\"fr_CA\" \/>\n<meta property=\"og:type\" content=\"article\" \/>\n<meta property=\"og:title\" content=\"Les 15 voitures les plus laides - CanadaMotorJobs.com\" \/>\n<meta property=\"og:description\" content=\"Les 15 voitures les plus laides - Benoit Charette - Annuel automobile - CanadaMotorJobs.com.\" \/>\n<meta property=\"og:url\" content=\"https:\/\/news.canadamotorjobs.com\/fr\/les-15-voitures-les-plus-laides\/\" \/>\n<meta property=\"og:site_name\" content=\"CanadaMotorJobs.com\" \/>\n<meta property=\"article:publisher\" content=\"https:\/\/www.facebook.com\/canadamotorjobs\/\" \/>\n<meta property=\"article:published_time\" content=\"2022-10-16T13:28:00+00:00\" \/>\n<meta property=\"article:modified_time\" content=\"2022-10-17T13:01:59+00:00\" \/>\n<meta property=\"og:image\" content=\"https:\/\/news.canadamotorjobs.com\/wp-content\/uploads\/2022\/10\/Mosler-Consulier-GTP-1985-sans-source-1.jpg\" \/>\n\t<meta property=\"og:image:width\" content=\"1327\" \/>\n\t<meta property=\"og:image:height\" content=\"831\" \/>\n\t<meta property=\"og:image:type\" content=\"image\/jpeg\" \/>\n<meta name=\"author\" content=\"Benoit Charette\" \/>\n<meta name=\"twitter:card\" content=\"summary_large_image\" \/>\n<meta name=\"twitter:creator\" content=\"@canadamotorjobs\" \/>\n<meta name=\"twitter:site\" content=\"@canadamotorjobs\" \/>\n<meta name=\"twitter:label1\" content=\"\u00c9crit par\" \/>\n\t<meta name=\"twitter:data1\" content=\"Benoit Charette\" \/>\n\t<meta name=\"twitter:label2\" content=\"Estimation du temps de lecture\" \/>\n\t<meta name=\"twitter:data2\" content=\"2 minutes\" \/>\n<!-- \/ Yoast SEO plugin. -->","yoast_head_json":{"title":"Les 15 voitures les plus laides - CanadaMotorJobs.com","description":"Les 15 voitures les plus laides - Benoit Charette - Annuel automobile - CanadaMotorJobs.com.","robots":{"index":"index","follow":"follow","max-snippet":"max-snippet:-1","max-image-preview":"max-image-preview:large","max-video-preview":"max-video-preview:-1"},"og_locale":"fr_CA","og_type":"article","og_title":"Les 15 voitures les plus laides - CanadaMotorJobs.com","og_description":"Les 15 voitures les plus laides - Benoit Charette - Annuel automobile - CanadaMotorJobs.com.","og_url":"https:\/\/news.canadamotorjobs.com\/fr\/les-15-voitures-les-plus-laides\/","og_site_name":"CanadaMotorJobs.com","article_publisher":"https:\/\/www.facebook.com\/canadamotorjobs\/","article_published_time":"2022-10-16T13:28:00+00:00","article_modified_time":"2022-10-17T13:01:59+00:00","og_image":[{"width":1327,"height":831,"url":"https:\/\/news.canadamotorjobs.com\/wp-content\/uploads\/2022\/10\/Mosler-Consulier-GTP-1985-sans-source-1.jpg","type":"image\/jpeg"}],"author":"Benoit Charette","twitter_card":"summary_large_image","twitter_creator":"@canadamotorjobs","twitter_site":"@canadamotorjobs","twitter_misc":{"\u00c9crit par":"Benoit Charette","Estimation du temps de lecture":"2 minutes"},"schema":{"@context":"https:\/\/schema.org","@graph":[{"@type":"Article","@id":"https:\/\/news.canadamotorjobs.com\/fr\/les-15-voitures-les-plus-laides\/#article","isPartOf":{"@id":"https:\/\/news.canadamotorjobs.com\/fr\/les-15-voitures-les-plus-laides\/"},"author":{"name":"Benoit Charette","@id":"https:\/\/news.canadamotorjobs.com\/#\/schema\/person\/51793d1f87d44011d7bcc2ed99269a90"},"headline":"Les 15 voitures les plus laides","datePublished":"2022-10-16T13:28:00+00:00","dateModified":"2022-10-17T13:01:59+00:00","mainEntityOfPage":{"@id":"https:\/\/news.canadamotorjobs.com\/fr\/les-15-voitures-les-plus-laides\/"},"wordCount":260,"publisher":{"@id":"https:\/\/news.canadamotorjobs.com\/#organization"},"image":{"@id":"https:\/\/news.canadamotorjobs.com\/fr\/les-15-voitures-les-plus-laides\/#primaryimage"},"thumbnailUrl":"https:\/\/news.canadamotorjobs.com\/wp-content\/uploads\/2022\/10\/Mosler-Consulier-GTP-1985-sans-source-1.jpg","articleSection":["Annuel automobile"],"inLanguage":"fr-CA"},{"@type":"WebPage","@id":"https:\/\/news.canadamotorjobs.com\/fr\/les-15-voitures-les-plus-laides\/","url":"https:\/\/news.canadamotorjobs.com\/fr\/les-15-voitures-les-plus-laides\/","name":"Les 15 voitures les plus laides - CanadaMotorJobs.com","isPartOf":{"@id":"https:\/\/news.canadamotorjobs.com\/#website"},"primaryImageOfPage":{"@id":"https:\/\/news.canadamotorjobs.com\/fr\/les-15-voitures-les-plus-laides\/#primaryimage"},"image":{"@id":"https:\/\/news.canadamotorjobs.com\/fr\/les-15-voitures-les-plus-laides\/#primaryimage"},"thumbnailUrl":"https:\/\/news.canadamotorjobs.com\/wp-content\/uploads\/2022\/10\/Mosler-Consulier-GTP-1985-sans-source-1.jpg","datePublished":"2022-10-16T13:28:00+00:00","dateModified":"2022-10-17T13:01:59+00:00","description":"Les 15 voitures les plus laides - Benoit Charette - Annuel automobile - CanadaMotorJobs.com.","breadcrumb":{"@id":"https:\/\/news.canadamotorjobs.com\/fr\/les-15-voitures-les-plus-laides\/#breadcrumb"},"inLanguage":"fr-CA","potentialAction":[{"@type":"ReadAction","target":["https:\/\/news.canadamotorjobs.com\/fr\/les-15-voitures-les-plus-laides\/"]}]},{"@type":"ImageObject","inLanguage":"fr-CA","@id":"https:\/\/news.canadamotorjobs.com\/fr\/les-15-voitures-les-plus-laides\/#primaryimage","url":"https:\/\/news.canadamotorjobs.com\/wp-content\/uploads\/2022\/10\/Mosler-Consulier-GTP-1985-sans-source-1.jpg","contentUrl":"https:\/\/news.canadamotorjobs.com\/wp-content\/uploads\/2022\/10\/Mosler-Consulier-GTP-1985-sans-source-1.jpg","width":1327,"height":831},{"@type":"BreadcrumbList","@id":"https:\/\/news.canadamotorjobs.com\/fr\/les-15-voitures-les-plus-laides\/#breadcrumb","itemListElement":[{"@type":"ListItem","position":1,"name":"Home","item":"https:\/\/news.canadamotorjobs.com\/fr\/blog\/"},{"@type":"ListItem","position":2,"name":"Les 15 voitures les plus laides"}]},{"@type":"WebSite","@id":"https:\/\/news.canadamotorjobs.com\/#website","url":"https:\/\/news.canadamotorjobs.com\/","name":"CanadaMotorJobs.com","description":"Automotive Jobs","publisher":{"@id":"https:\/\/news.canadamotorjobs.com\/#organization"},"potentialAction":[{"@type":"SearchAction","target":{"@type":"EntryPoint","urlTemplate":"https:\/\/news.canadamotorjobs.com\/?s={search_term_string}"},"query-input":"required name=search_term_string"}],"inLanguage":"fr-CA"},{"@type":"Organization","@id":"https:\/\/news.canadamotorjobs.com\/#organization","name":"Canada Motor Jobs","url":"https:\/\/news.canadamotorjobs.com\/","logo":{"@type":"ImageObject","inLanguage":"fr-CA","@id":"https:\/\/news.canadamotorjobs.com\/#\/schema\/logo\/image\/","url":"https:\/\/news.canadamotorjobs.com\/wp-content\/uploads\/2022\/10\/logo-canada-motor-jobs-1.png","contentUrl":"https:\/\/news.canadamotorjobs.com\/wp-content\/uploads\/2022\/10\/logo-canada-motor-jobs-1.png","width":800,"height":400,"caption":"Canada Motor Jobs"},"image":{"@id":"https:\/\/news.canadamotorjobs.com\/#\/schema\/logo\/image\/"},"sameAs":["https:\/\/www.facebook.com\/canadamotorjobs\/","https:\/\/x.com\/canadamotorjobs","https:\/\/www.instagram.com\/canadamotorjobs\/","https:\/\/www.linkedin.com\/company\/canadamotorjobs"]},{"@type":"Person","@id":"https:\/\/news.canadamotorjobs.com\/#\/schema\/person\/51793d1f87d44011d7bcc2ed99269a90","name":"Benoit Charette","image":{"@type":"ImageObject","inLanguage":"fr-CA","@id":"https:\/\/news.canadamotorjobs.com\/#\/schema\/person\/image\/","url":"https:\/\/secure.gravatar.com\/avatar\/45f3d2eebcccd909668d7ce7ea7267b6?s=96&d=mm&r=g","contentUrl":"https:\/\/secure.gravatar.com\/avatar\/45f3d2eebcccd909668d7ce7ea7267b6?s=96&d=mm&r=g","caption":"Benoit Charette"},"description":"Benoit Charette \/ Propri\u00e9taire et r\u00e9dacteur en chef Benoit Charette pratique le journalisme automobile depuis bient\u00f4t 30 ans. Il a fait ses classes au c\u00f4t\u00e9 de Daniel H\u00e9raud et au Carnet de route de 1992 \u00e0 2001. Il est fondateur, copropri\u00e9taire et r\u00e9dacteur en chef de L\u2019Annuel de l\u2019automobile, qu\u2019il publie depuis 2001. Il a anim\u00e9 les \u00e9missions RPM et RPM+ sur V et les L\u00e9gendes de la route sur Historia. \u00c0 la radio depuis 1986, il reprend l\u2019antenne cette ann\u00e9e sur les ondes de Cogeco et participe pour la deuxi\u00e8me ann\u00e9e \u00e0 l\u2019\u00e9mission Passion Auto sur RDS en plus de mettre en ligne le site Web officiel de L\u2019Annuel de l\u2019automobile sur annuelauto.ca.","sameAs":["https:\/\/annuelauto.ca\/"],"url":"https:\/\/news.canadamotorjobs.com\/fr\/author\/benoit-charette\/"}]}},"_links":{"self":[{"href":"https:\/\/news.canadamotorjobs.com\/fr\/wp-json\/wp\/v2\/posts\/134813"}],"collection":[{"href":"https:\/\/news.canadamotorjobs.com\/fr\/wp-json\/wp\/v2\/posts"}],"about":[{"href":"https:\/\/news.canadamotorjobs.com\/fr\/wp-json\/wp\/v2\/types\/post"}],"author":[{"embeddable":true,"href":"https:\/\/news.canadamotorjobs.com\/fr\/wp-json\/wp\/v2\/users\/8"}],"replies":[{"embeddable":true,"href":"https:\/\/news.canadamotorjobs.com\/fr\/wp-json\/wp\/v2\/comments?post=134813"}],"version-history":[{"count":0,"href":"https:\/\/news.canadamotorjobs.com\/fr\/wp-json\/wp\/v2\/posts\/134813\/revisions"}],"wp:featuredmedia":[{"embeddable":true,"href":"https:\/\/news.canadamotorjobs.com\/fr\/wp-json\/wp\/v2\/media\/134817"}],"wp:attachment":[{"href":"https:\/\/news.canadamotorjobs.com\/fr\/wp-json\/wp\/v2\/media?parent=134813"}],"wp:term":[{"taxonomy":"category","embeddable":true,"href":"https:\/\/news.canadamotorjobs.com\/fr\/wp-json\/wp\/v2\/categories?post=134813"},{"taxonomy":"post_tag","embeddable":true,"href":"https:\/\/news.canadamotorjobs.com\/fr\/wp-json\/wp\/v2\/tags?post=134813"}],"curies":[{"name":"wp","href":"https:\/\/api.w.org\/{rel}","templated":true}]}}