{"id":134121,"date":"2022-10-15T12:19:29","date_gmt":"2022-10-15T16:19:29","guid":{"rendered":"https:\/\/blog.canadamotorjobs.com\/la-camionnette-a-hydrogene-warrego-de-h2x-sera-bientot-en-vente-en-europe\/"},"modified":"2022-10-15T12:29:16","modified_gmt":"2022-10-15T16:29:16","slug":"la-camionnette-a-hydrogene-warrego-de-h2x-sera-bientot-en-vente-en-europe","status":"publish","type":"post","link":"https:\/\/news.canadamotorjobs.com\/fr\/la-camionnette-a-hydrogene-warrego-de-h2x-sera-bientot-en-vente-en-europe\/","title":{"rendered":"La camionnette \u00e0 hydrog\u00e8ne Warrego de H2X sera bient\u00f4t en vente en Europe"},"content":{"rendered":"<\/p>\n<p>Un nouveau v\u00e9hicule \u00e9lectrique aliment\u00e9 par une pile \u00e0 <a href=\"https:\/\/annuelauto.ca\/namx-huv-lutilitaire-a-hydrogene-qui-a-6-reservoirs-amovibles\/\" target=\"_blank\" rel=\"noopener noreferrer\">hydrog\u00e8ne<\/a> fera bient\u00f4t ses d\u00e9buts. Ce ne sera toutefois ni une berline ni un utilitaire, pas plus qu\u2019un poids lourd ou un autobus. L\u2019entreprise australienne H2X\u00a0Global s\u2019appr\u00eate plut\u00f4t \u00e0 lancer une camionnette, la premi\u00e8re du genre, semble-t-il. Elle se nomme Warrego.<\/p>\n<p> Une version de pr\u00e9s\u00e9rie de cette camionnette se trouve d\u2019ailleurs aux Pays-Bas actuellement. Elle doit y subir des tests de validation et de v\u00e9rification de conformit\u00e9 aux normes europ\u00e9ennes, mais aussi mondiales. Car cette jeune entreprise, n\u00e9e en 2020, vise grand\u00a0: d\u2019abord l\u2019Europe, ensuite le monde. Pourtant, Brendan Norman, le PDG de H2X Global, admet que sa camionnette aura une production confidentielle.<br \/> <strong>Vitrine technologique<\/strong><br \/> C\u2019est qu\u2019elle est d\u2019abord et avant tout une vitrine technologique. \u00ab\u00a0Ce v\u00e9hicule est un d\u00e9monstrateur que nous pourrons offrir \u00e0 des clients et qui nous permettra d\u2019acc\u00e9l\u00e9rer le d\u00e9veloppement, entre autres, d&#8217;un v\u00e9hicule utilitaire \u00e0 quatre roues motrices qui partagera son syst\u00e8me de pile \u00e0 combustible \u00e0 <a href=\"https:\/\/annuelauto.ca\/bmw-va-vendre-des-vehicules-a-hydrogene-dici-2025\/\" target=\"_blank\" rel=\"noopener noreferrer\">hydrog\u00e8ne<\/a>.\u00a0\u00bb<\/p>\n<p> Cette technologie servira aussi \u00e0 animer des v\u00e9hicules de plus gros gabarit. En avril dernier, l\u2019entreprise australienne annon\u00e7ait la conclusion d\u2019un accord avec la municipalit\u00e9 de Trelleborg, en Su\u00e8de, \u00e0 laquelle elle doit livrer des bus urbains et des camions \u00e0 d\u00e9chets \u00e9quip\u00e9s d\u2019une pile \u00e0 hydrog\u00e8ne.<br \/> <strong>Une hybride de la Ranger<\/strong><br \/> La Warrego 90XR, premi\u00e8re version de cette camionnette qui sera commercialis\u00e9e dans quelques mois (le constructeur ne pr\u00e9cise pas quand exactement), est une sorte d\u2019hybride. Elle utilise le ch\u00e2ssis d\u2019une Ford Ranger et l\u2019essentiel<\/p>\n","protected":false},"excerpt":{"rendered":"<p>Un nouveau v\u00e9hicule \u00e9lectrique aliment\u00e9 par une pile \u00e0 hydrog\u00e8ne fera bient\u00f4t ses d\u00e9buts. Ce ne sera toutefois ni une berline ni un utilitaire, pas plus qu\u2019un poids lourd ou un autobus. L\u2019entreprise australienne H2X\u00a0Global s\u2019appr\u00eate plut\u00f4t \u00e0 lancer une camionnette, la premi\u00e8re du genre, semble-t-il. Elle se nomme Warrego. Une version de pr\u00e9s\u00e9rie de [&hellip;]<\/p>\n","protected":false},"author":8,"featured_media":134125,"comment_status":"close","ping_status":"closed","sticky":false,"template":"","format":"standard","meta":{"_monsterinsights_skip_tracking":false,"_monsterinsights_sitenote_active":false,"_monsterinsights_sitenote_note":"","_monsterinsights_sitenote_category":0,"footnotes":""},"categories":[101],"tags":[],"yoast_head":"<!-- This site is optimized with the Yoast SEO plugin v23.2 - https:\/\/yoast.com\/wordpress\/plugins\/seo\/ -->\n<title>La camionnette \u00e0 hydrog\u00e8ne Warrego de H2X sera bient\u00f4t en vente en Europe - CanadaMotorJobs.com<\/title>\n<meta name=\"description\" content=\"La camionnette \u00e0 hydrog\u00e8ne Warrego de H2X sera bient\u00f4t en vente en Europe - Benoit Charette - Annuel automobile - CanadaMotorJobs.com.\" \/>\n<meta name=\"robots\" content=\"index, follow, max-snippet:-1, max-image-preview:large, max-video-preview:-1\" \/>\n<meta property=\"og:locale\" content=\"fr_CA\" \/>\n<meta property=\"og:type\" content=\"article\" \/>\n<meta property=\"og:title\" content=\"La camionnette \u00e0 hydrog\u00e8ne Warrego de H2X sera bient\u00f4t en vente en Europe - CanadaMotorJobs.com\" \/>\n<meta property=\"og:description\" content=\"La camionnette \u00e0 hydrog\u00e8ne Warrego de H2X sera bient\u00f4t en vente en Europe - Benoit Charette - Annuel automobile - CanadaMotorJobs.com.\" \/>\n<meta property=\"og:url\" content=\"https:\/\/news.canadamotorjobs.com\/fr\/la-camionnette-a-hydrogene-warrego-de-h2x-sera-bientot-en-vente-en-europe\/\" \/>\n<meta property=\"og:site_name\" content=\"CanadaMotorJobs.com\" \/>\n<meta property=\"article:publisher\" content=\"https:\/\/www.facebook.com\/canadamotorjobs\/\" \/>\n<meta property=\"article:published_time\" content=\"2022-10-15T16:19:29+00:00\" \/>\n<meta property=\"article:modified_time\" content=\"2022-10-15T16:29:16+00:00\" \/>\n<meta property=\"og:image\" content=\"https:\/\/news.canadamotorjobs.com\/wp-content\/uploads\/2022\/10\/H2X-Warrego-3-1.jpg\" \/>\n\t<meta property=\"og:image:width\" content=\"1500\" \/>\n\t<meta property=\"og:image:height\" content=\"1000\" \/>\n\t<meta property=\"og:image:type\" content=\"image\/jpeg\" \/>\n<meta name=\"author\" content=\"Benoit Charette\" \/>\n<meta name=\"twitter:card\" content=\"summary_large_image\" \/>\n<meta name=\"twitter:creator\" content=\"@canadamotorjobs\" \/>\n<meta name=\"twitter:site\" content=\"@canadamotorjobs\" \/>\n<meta name=\"twitter:label1\" content=\"\u00c9crit par\" \/>\n\t<meta name=\"twitter:data1\" content=\"Benoit Charette\" \/>\n\t<meta name=\"twitter:label2\" content=\"Estimation du temps de lecture\" \/>\n\t<meta name=\"twitter:data2\" content=\"1 minute\" \/>\n<!-- \/ Yoast SEO plugin. -->","yoast_head_json":{"title":"La camionnette \u00e0 hydrog\u00e8ne Warrego de H2X sera bient\u00f4t en vente en Europe - CanadaMotorJobs.com","description":"La camionnette \u00e0 hydrog\u00e8ne Warrego de H2X sera bient\u00f4t en vente en Europe - Benoit Charette - Annuel automobile - CanadaMotorJobs.com.","robots":{"index":"index","follow":"follow","max-snippet":"max-snippet:-1","max-image-preview":"max-image-preview:large","max-video-preview":"max-video-preview:-1"},"og_locale":"fr_CA","og_type":"article","og_title":"La camionnette \u00e0 hydrog\u00e8ne Warrego de H2X sera bient\u00f4t en vente en Europe - CanadaMotorJobs.com","og_description":"La camionnette \u00e0 hydrog\u00e8ne Warrego de H2X sera bient\u00f4t en vente en Europe - Benoit Charette - Annuel automobile - CanadaMotorJobs.com.","og_url":"https:\/\/news.canadamotorjobs.com\/fr\/la-camionnette-a-hydrogene-warrego-de-h2x-sera-bientot-en-vente-en-europe\/","og_site_name":"CanadaMotorJobs.com","article_publisher":"https:\/\/www.facebook.com\/canadamotorjobs\/","article_published_time":"2022-10-15T16:19:29+00:00","article_modified_time":"2022-10-15T16:29:16+00:00","og_image":[{"width":1500,"height":1000,"url":"https:\/\/news.canadamotorjobs.com\/wp-content\/uploads\/2022\/10\/H2X-Warrego-3-1.jpg","type":"image\/jpeg"}],"author":"Benoit Charette","twitter_card":"summary_large_image","twitter_creator":"@canadamotorjobs","twitter_site":"@canadamotorjobs","twitter_misc":{"\u00c9crit par":"Benoit Charette","Estimation du temps de lecture":"1 minute"},"schema":{"@context":"https:\/\/schema.org","@graph":[{"@type":"Article","@id":"https:\/\/news.canadamotorjobs.com\/fr\/la-camionnette-a-hydrogene-warrego-de-h2x-sera-bientot-en-vente-en-europe\/#article","isPartOf":{"@id":"https:\/\/news.canadamotorjobs.com\/fr\/la-camionnette-a-hydrogene-warrego-de-h2x-sera-bientot-en-vente-en-europe\/"},"author":{"name":"Benoit Charette","@id":"https:\/\/news.canadamotorjobs.com\/#\/schema\/person\/51793d1f87d44011d7bcc2ed99269a90"},"headline":"La camionnette \u00e0 hydrog\u00e8ne Warrego de H2X sera bient\u00f4t en vente en Europe","datePublished":"2022-10-15T16:19:29+00:00","dateModified":"2022-10-15T16:29:16+00:00","mainEntityOfPage":{"@id":"https:\/\/news.canadamotorjobs.com\/fr\/la-camionnette-a-hydrogene-warrego-de-h2x-sera-bientot-en-vente-en-europe\/"},"wordCount":302,"publisher":{"@id":"https:\/\/news.canadamotorjobs.com\/#organization"},"image":{"@id":"https:\/\/news.canadamotorjobs.com\/fr\/la-camionnette-a-hydrogene-warrego-de-h2x-sera-bientot-en-vente-en-europe\/#primaryimage"},"thumbnailUrl":"https:\/\/news.canadamotorjobs.com\/wp-content\/uploads\/2022\/10\/H2X-Warrego-3-1.jpg","articleSection":["Annuel automobile"],"inLanguage":"fr-CA"},{"@type":"WebPage","@id":"https:\/\/news.canadamotorjobs.com\/fr\/la-camionnette-a-hydrogene-warrego-de-h2x-sera-bientot-en-vente-en-europe\/","url":"https:\/\/news.canadamotorjobs.com\/fr\/la-camionnette-a-hydrogene-warrego-de-h2x-sera-bientot-en-vente-en-europe\/","name":"La camionnette \u00e0 hydrog\u00e8ne Warrego de H2X sera bient\u00f4t en vente en Europe - CanadaMotorJobs.com","isPartOf":{"@id":"https:\/\/news.canadamotorjobs.com\/#website"},"primaryImageOfPage":{"@id":"https:\/\/news.canadamotorjobs.com\/fr\/la-camionnette-a-hydrogene-warrego-de-h2x-sera-bientot-en-vente-en-europe\/#primaryimage"},"image":{"@id":"https:\/\/news.canadamotorjobs.com\/fr\/la-camionnette-a-hydrogene-warrego-de-h2x-sera-bientot-en-vente-en-europe\/#primaryimage"},"thumbnailUrl":"https:\/\/news.canadamotorjobs.com\/wp-content\/uploads\/2022\/10\/H2X-Warrego-3-1.jpg","datePublished":"2022-10-15T16:19:29+00:00","dateModified":"2022-10-15T16:29:16+00:00","description":"La camionnette \u00e0 hydrog\u00e8ne Warrego de H2X sera bient\u00f4t en vente en Europe - Benoit Charette - Annuel automobile - CanadaMotorJobs.com.","breadcrumb":{"@id":"https:\/\/news.canadamotorjobs.com\/fr\/la-camionnette-a-hydrogene-warrego-de-h2x-sera-bientot-en-vente-en-europe\/#breadcrumb"},"inLanguage":"fr-CA","potentialAction":[{"@type":"ReadAction","target":["https:\/\/news.canadamotorjobs.com\/fr\/la-camionnette-a-hydrogene-warrego-de-h2x-sera-bientot-en-vente-en-europe\/"]}]},{"@type":"ImageObject","inLanguage":"fr-CA","@id":"https:\/\/news.canadamotorjobs.com\/fr\/la-camionnette-a-hydrogene-warrego-de-h2x-sera-bientot-en-vente-en-europe\/#primaryimage","url":"https:\/\/news.canadamotorjobs.com\/wp-content\/uploads\/2022\/10\/H2X-Warrego-3-1.jpg","contentUrl":"https:\/\/news.canadamotorjobs.com\/wp-content\/uploads\/2022\/10\/H2X-Warrego-3-1.jpg","width":1500,"height":1000},{"@type":"BreadcrumbList","@id":"https:\/\/news.canadamotorjobs.com\/fr\/la-camionnette-a-hydrogene-warrego-de-h2x-sera-bientot-en-vente-en-europe\/#breadcrumb","itemListElement":[{"@type":"ListItem","position":1,"name":"Home","item":"https:\/\/news.canadamotorjobs.com\/fr\/blog\/"},{"@type":"ListItem","position":2,"name":"La camionnette \u00e0 hydrog\u00e8ne Warrego de H2X sera bient\u00f4t en vente en Europe"}]},{"@type":"WebSite","@id":"https:\/\/news.canadamotorjobs.com\/#website","url":"https:\/\/news.canadamotorjobs.com\/","name":"CanadaMotorJobs.com","description":"Automotive Jobs","publisher":{"@id":"https:\/\/news.canadamotorjobs.com\/#organization"},"potentialAction":[{"@type":"SearchAction","target":{"@type":"EntryPoint","urlTemplate":"https:\/\/news.canadamotorjobs.com\/?s={search_term_string}"},"query-input":"required name=search_term_string"}],"inLanguage":"fr-CA"},{"@type":"Organization","@id":"https:\/\/news.canadamotorjobs.com\/#organization","name":"Canada Motor Jobs","url":"https:\/\/news.canadamotorjobs.com\/","logo":{"@type":"ImageObject","inLanguage":"fr-CA","@id":"https:\/\/news.canadamotorjobs.com\/#\/schema\/logo\/image\/","url":"https:\/\/news.canadamotorjobs.com\/wp-content\/uploads\/2022\/10\/logo-canada-motor-jobs-1.png","contentUrl":"https:\/\/news.canadamotorjobs.com\/wp-content\/uploads\/2022\/10\/logo-canada-motor-jobs-1.png","width":800,"height":400,"caption":"Canada Motor Jobs"},"image":{"@id":"https:\/\/news.canadamotorjobs.com\/#\/schema\/logo\/image\/"},"sameAs":["https:\/\/www.facebook.com\/canadamotorjobs\/","https:\/\/x.com\/canadamotorjobs","https:\/\/www.instagram.com\/canadamotorjobs\/","https:\/\/www.linkedin.com\/company\/canadamotorjobs"]},{"@type":"Person","@id":"https:\/\/news.canadamotorjobs.com\/#\/schema\/person\/51793d1f87d44011d7bcc2ed99269a90","name":"Benoit Charette","image":{"@type":"ImageObject","inLanguage":"fr-CA","@id":"https:\/\/news.canadamotorjobs.com\/#\/schema\/person\/image\/","url":"https:\/\/secure.gravatar.com\/avatar\/45f3d2eebcccd909668d7ce7ea7267b6?s=96&d=mm&r=g","contentUrl":"https:\/\/secure.gravatar.com\/avatar\/45f3d2eebcccd909668d7ce7ea7267b6?s=96&d=mm&r=g","caption":"Benoit Charette"},"description":"Benoit Charette \/ Propri\u00e9taire et r\u00e9dacteur en chef Benoit Charette pratique le journalisme automobile depuis bient\u00f4t 30 ans. Il a fait ses classes au c\u00f4t\u00e9 de Daniel H\u00e9raud et au Carnet de route de 1992 \u00e0 2001. Il est fondateur, copropri\u00e9taire et r\u00e9dacteur en chef de L\u2019Annuel de l\u2019automobile, qu\u2019il publie depuis 2001. Il a anim\u00e9 les \u00e9missions RPM et RPM+ sur V et les L\u00e9gendes de la route sur Historia. \u00c0 la radio depuis 1986, il reprend l\u2019antenne cette ann\u00e9e sur les ondes de Cogeco et participe pour la deuxi\u00e8me ann\u00e9e \u00e0 l\u2019\u00e9mission Passion Auto sur RDS en plus de mettre en ligne le site Web officiel de L\u2019Annuel de l\u2019automobile sur annuelauto.ca.","sameAs":["https:\/\/annuelauto.ca\/"],"url":"https:\/\/news.canadamotorjobs.com\/fr\/author\/benoit-charette\/"}]}},"_links":{"self":[{"href":"https:\/\/news.canadamotorjobs.com\/fr\/wp-json\/wp\/v2\/posts\/134121"}],"collection":[{"href":"https:\/\/news.canadamotorjobs.com\/fr\/wp-json\/wp\/v2\/posts"}],"about":[{"href":"https:\/\/news.canadamotorjobs.com\/fr\/wp-json\/wp\/v2\/types\/post"}],"author":[{"embeddable":true,"href":"https:\/\/news.canadamotorjobs.com\/fr\/wp-json\/wp\/v2\/users\/8"}],"replies":[{"embeddable":true,"href":"https:\/\/news.canadamotorjobs.com\/fr\/wp-json\/wp\/v2\/comments?post=134121"}],"version-history":[{"count":0,"href":"https:\/\/news.canadamotorjobs.com\/fr\/wp-json\/wp\/v2\/posts\/134121\/revisions"}],"wp:featuredmedia":[{"embeddable":true,"href":"https:\/\/news.canadamotorjobs.com\/fr\/wp-json\/wp\/v2\/media\/134125"}],"wp:attachment":[{"href":"https:\/\/news.canadamotorjobs.com\/fr\/wp-json\/wp\/v2\/media?parent=134121"}],"wp:term":[{"taxonomy":"category","embeddable":true,"href":"https:\/\/news.canadamotorjobs.com\/fr\/wp-json\/wp\/v2\/categories?post=134121"},{"taxonomy":"post_tag","embeddable":true,"href":"https:\/\/news.canadamotorjobs.com\/fr\/wp-json\/wp\/v2\/tags?post=134121"}],"curies":[{"name":"wp","href":"https:\/\/api.w.org\/{rel}","templated":true}]}}