{"id":134101,"date":"2022-10-15T11:59:59","date_gmt":"2022-10-15T15:59:59","guid":{"rendered":"https:\/\/blog.canadamotorjobs.com\/un-moteur-e-skyactiv-6-cylindres-pour-un-vus-de-mazda\/"},"modified":"2022-10-15T12:13:44","modified_gmt":"2022-10-15T16:13:44","slug":"un-moteur-e-skyactiv-6-cylindres-pour-un-vus-de-mazda","status":"publish","type":"post","link":"https:\/\/news.canadamotorjobs.com\/fr\/un-moteur-e-skyactiv-6-cylindres-pour-un-vus-de-mazda\/","title":{"rendered":"Un moteur e-Skyactiv 6 cylindres pour un VUS de Mazda"},"content":{"rendered":"<\/p>\n<p>Mazda n\u2019a pas encore confirm\u00e9 lequel des deux prochains mod\u00e8les CX sera \u00e9quip\u00e9 d\u2019un moteur 6 cylindres en lignes de 3,3 litres, mais nous savons toutefois que ce moteur va commencer sa carri\u00e8re sous le capot du mod\u00e8le CX60 en Australie.<br \/> 280 chevaux<br \/> Le mod\u00e8le CX60 ne viendra pas au Canada, ni aux \u00c9tats-Unis. En lieu et place de ce mod\u00e8le, nous aurons droit \u00e0 un mod\u00e8le CX70 et CX90. Nous ne savons pas encore quel mod\u00e8le sera \u00e9quip\u00e9 du I-6 (peut-\u00eatre les deux). Ce nouveau moteur qui va un peu \u00e0 contre-courant des tendances actuelles sera aid\u00e9 par une batterie de 48 volts. Selon les affirmations de Mazda, il d\u00e9veloppe 280 chevaux et 331\u00a0lb-pi de couple. Certes, il ne s&#8217;agit pas d&#8217;une voiture de performance, et la famille de moteurs e-Skyactiv de Mazda privil\u00e9gie l&#8217;efficacit\u00e9 par rapport \u00e0 la performance.<br \/> Une proche parent\u00e9 avec le moteur Diesel<br \/> Ce moteur est presque identique au moteur turbodiesel e-Skyactiv D de 3,3 litres \u00e0 six cylindres en ligne qui d\u00e9veloppe actuellement 251 chevaux et un couple plus g\u00e9n\u00e9reux de 406 lb-pi. Nous savons que le futur CX-70 va recevoir un 4 cylindres hybride. Il y a donc de fortes chances de voir ce six cylindre en ligne dans le CX-90. Il serait normal de mettre le nouveau moteur phare de la marque \u00e0 bord de son vaisseau amiral. Nous attendons le CX-90 d\u2019ici la fin de l\u2019ann\u00e9e.<\/p>\n<p> Avec des renseignements de Carbuzz<\/p>\n<p>Le texte <a rel=\"nofollow\" href=\"https:\/\/annuelauto.ca\/un-moteur-e-skyactiv-6-cylindres-pour-un-vus-de-mazda\/\">Un moteur e-Skyactiv 6 cylindres pour un VUS<\/p>\n<p><\/a><\/p>\n","protected":false},"excerpt":{"rendered":"<p>Mazda n\u2019a pas encore confirm\u00e9 lequel des deux prochains mod\u00e8les CX sera \u00e9quip\u00e9 d\u2019un moteur 6 cylindres en lignes de 3,3 litres, mais nous savons toutefois que ce moteur va commencer sa carri\u00e8re sous le capot du mod\u00e8le CX60 en Australie. 280 chevaux Le mod\u00e8le CX60 ne viendra pas au Canada, ni aux \u00c9tats-Unis. En [&hellip;]<\/p>\n","protected":false},"author":8,"featured_media":134105,"comment_status":"close","ping_status":"closed","sticky":false,"template":"","format":"standard","meta":{"_monsterinsights_skip_tracking":false,"_monsterinsights_sitenote_active":false,"_monsterinsights_sitenote_note":"","_monsterinsights_sitenote_category":0,"footnotes":""},"categories":[101],"tags":[],"yoast_head":"<!-- This site is optimized with the Yoast SEO plugin v23.2 - https:\/\/yoast.com\/wordpress\/plugins\/seo\/ -->\n<title>Un moteur e-Skyactiv 6 cylindres pour un VUS de Mazda - CanadaMotorJobs.com<\/title>\n<meta name=\"description\" content=\"Un moteur e-Skyactiv 6 cylindres pour un VUS de Mazda - Benoit Charette - Annuel automobile - CanadaMotorJobs.com.\" \/>\n<meta name=\"robots\" content=\"index, follow, max-snippet:-1, max-image-preview:large, max-video-preview:-1\" \/>\n<meta property=\"og:locale\" content=\"fr_CA\" \/>\n<meta property=\"og:type\" content=\"article\" \/>\n<meta property=\"og:title\" content=\"Un moteur e-Skyactiv 6 cylindres pour un VUS de Mazda - CanadaMotorJobs.com\" \/>\n<meta property=\"og:description\" content=\"Un moteur e-Skyactiv 6 cylindres pour un VUS de Mazda - Benoit Charette - Annuel automobile - CanadaMotorJobs.com.\" \/>\n<meta property=\"og:url\" content=\"https:\/\/news.canadamotorjobs.com\/fr\/un-moteur-e-skyactiv-6-cylindres-pour-un-vus-de-mazda\/\" \/>\n<meta property=\"og:site_name\" content=\"CanadaMotorJobs.com\" \/>\n<meta property=\"article:publisher\" content=\"https:\/\/www.facebook.com\/canadamotorjobs\/\" \/>\n<meta property=\"article:published_time\" content=\"2022-10-15T15:59:59+00:00\" \/>\n<meta property=\"article:modified_time\" content=\"2022-10-15T16:13:44+00:00\" \/>\n<meta property=\"og:image\" content=\"https:\/\/news.canadamotorjobs.com\/wp-content\/uploads\/2022\/10\/1048465-1.jpg\" \/>\n\t<meta property=\"og:image:width\" content=\"840\" \/>\n\t<meta property=\"og:image:height\" content=\"560\" \/>\n\t<meta property=\"og:image:type\" content=\"image\/jpeg\" \/>\n<meta name=\"author\" content=\"Benoit Charette\" \/>\n<meta name=\"twitter:card\" content=\"summary_large_image\" \/>\n<meta name=\"twitter:creator\" content=\"@canadamotorjobs\" \/>\n<meta name=\"twitter:site\" content=\"@canadamotorjobs\" \/>\n<meta name=\"twitter:label1\" content=\"\u00c9crit par\" \/>\n\t<meta name=\"twitter:data1\" content=\"Benoit Charette\" \/>\n\t<meta name=\"twitter:label2\" content=\"Estimation du temps de lecture\" \/>\n\t<meta name=\"twitter:data2\" content=\"1 minute\" \/>\n<!-- \/ Yoast SEO plugin. -->","yoast_head_json":{"title":"Un moteur e-Skyactiv 6 cylindres pour un VUS de Mazda - CanadaMotorJobs.com","description":"Un moteur e-Skyactiv 6 cylindres pour un VUS de Mazda - Benoit Charette - Annuel automobile - CanadaMotorJobs.com.","robots":{"index":"index","follow":"follow","max-snippet":"max-snippet:-1","max-image-preview":"max-image-preview:large","max-video-preview":"max-video-preview:-1"},"og_locale":"fr_CA","og_type":"article","og_title":"Un moteur e-Skyactiv 6 cylindres pour un VUS de Mazda - CanadaMotorJobs.com","og_description":"Un moteur e-Skyactiv 6 cylindres pour un VUS de Mazda - Benoit Charette - Annuel automobile - CanadaMotorJobs.com.","og_url":"https:\/\/news.canadamotorjobs.com\/fr\/un-moteur-e-skyactiv-6-cylindres-pour-un-vus-de-mazda\/","og_site_name":"CanadaMotorJobs.com","article_publisher":"https:\/\/www.facebook.com\/canadamotorjobs\/","article_published_time":"2022-10-15T15:59:59+00:00","article_modified_time":"2022-10-15T16:13:44+00:00","og_image":[{"width":840,"height":560,"url":"https:\/\/news.canadamotorjobs.com\/wp-content\/uploads\/2022\/10\/1048465-1.jpg","type":"image\/jpeg"}],"author":"Benoit Charette","twitter_card":"summary_large_image","twitter_creator":"@canadamotorjobs","twitter_site":"@canadamotorjobs","twitter_misc":{"\u00c9crit par":"Benoit Charette","Estimation du temps de lecture":"1 minute"},"schema":{"@context":"https:\/\/schema.org","@graph":[{"@type":"Article","@id":"https:\/\/news.canadamotorjobs.com\/fr\/un-moteur-e-skyactiv-6-cylindres-pour-un-vus-de-mazda\/#article","isPartOf":{"@id":"https:\/\/news.canadamotorjobs.com\/fr\/un-moteur-e-skyactiv-6-cylindres-pour-un-vus-de-mazda\/"},"author":{"name":"Benoit Charette","@id":"https:\/\/news.canadamotorjobs.com\/#\/schema\/person\/51793d1f87d44011d7bcc2ed99269a90"},"headline":"Un moteur e-Skyactiv 6 cylindres pour un VUS de Mazda","datePublished":"2022-10-15T15:59:59+00:00","dateModified":"2022-10-15T16:13:44+00:00","mainEntityOfPage":{"@id":"https:\/\/news.canadamotorjobs.com\/fr\/un-moteur-e-skyactiv-6-cylindres-pour-un-vus-de-mazda\/"},"wordCount":264,"publisher":{"@id":"https:\/\/news.canadamotorjobs.com\/#organization"},"image":{"@id":"https:\/\/news.canadamotorjobs.com\/fr\/un-moteur-e-skyactiv-6-cylindres-pour-un-vus-de-mazda\/#primaryimage"},"thumbnailUrl":"https:\/\/news.canadamotorjobs.com\/wp-content\/uploads\/2022\/10\/1048465-1.jpg","articleSection":["Annuel automobile"],"inLanguage":"fr-CA"},{"@type":"WebPage","@id":"https:\/\/news.canadamotorjobs.com\/fr\/un-moteur-e-skyactiv-6-cylindres-pour-un-vus-de-mazda\/","url":"https:\/\/news.canadamotorjobs.com\/fr\/un-moteur-e-skyactiv-6-cylindres-pour-un-vus-de-mazda\/","name":"Un moteur e-Skyactiv 6 cylindres pour un VUS de Mazda - CanadaMotorJobs.com","isPartOf":{"@id":"https:\/\/news.canadamotorjobs.com\/#website"},"primaryImageOfPage":{"@id":"https:\/\/news.canadamotorjobs.com\/fr\/un-moteur-e-skyactiv-6-cylindres-pour-un-vus-de-mazda\/#primaryimage"},"image":{"@id":"https:\/\/news.canadamotorjobs.com\/fr\/un-moteur-e-skyactiv-6-cylindres-pour-un-vus-de-mazda\/#primaryimage"},"thumbnailUrl":"https:\/\/news.canadamotorjobs.com\/wp-content\/uploads\/2022\/10\/1048465-1.jpg","datePublished":"2022-10-15T15:59:59+00:00","dateModified":"2022-10-15T16:13:44+00:00","description":"Un moteur e-Skyactiv 6 cylindres pour un VUS de Mazda - Benoit Charette - Annuel automobile - CanadaMotorJobs.com.","breadcrumb":{"@id":"https:\/\/news.canadamotorjobs.com\/fr\/un-moteur-e-skyactiv-6-cylindres-pour-un-vus-de-mazda\/#breadcrumb"},"inLanguage":"fr-CA","potentialAction":[{"@type":"ReadAction","target":["https:\/\/news.canadamotorjobs.com\/fr\/un-moteur-e-skyactiv-6-cylindres-pour-un-vus-de-mazda\/"]}]},{"@type":"ImageObject","inLanguage":"fr-CA","@id":"https:\/\/news.canadamotorjobs.com\/fr\/un-moteur-e-skyactiv-6-cylindres-pour-un-vus-de-mazda\/#primaryimage","url":"https:\/\/news.canadamotorjobs.com\/wp-content\/uploads\/2022\/10\/1048465-1.jpg","contentUrl":"https:\/\/news.canadamotorjobs.com\/wp-content\/uploads\/2022\/10\/1048465-1.jpg","width":840,"height":560},{"@type":"BreadcrumbList","@id":"https:\/\/news.canadamotorjobs.com\/fr\/un-moteur-e-skyactiv-6-cylindres-pour-un-vus-de-mazda\/#breadcrumb","itemListElement":[{"@type":"ListItem","position":1,"name":"Home","item":"https:\/\/news.canadamotorjobs.com\/fr\/blog\/"},{"@type":"ListItem","position":2,"name":"Un moteur e-Skyactiv 6 cylindres pour un VUS de Mazda"}]},{"@type":"WebSite","@id":"https:\/\/news.canadamotorjobs.com\/#website","url":"https:\/\/news.canadamotorjobs.com\/","name":"CanadaMotorJobs.com","description":"Automotive Jobs","publisher":{"@id":"https:\/\/news.canadamotorjobs.com\/#organization"},"potentialAction":[{"@type":"SearchAction","target":{"@type":"EntryPoint","urlTemplate":"https:\/\/news.canadamotorjobs.com\/?s={search_term_string}"},"query-input":"required name=search_term_string"}],"inLanguage":"fr-CA"},{"@type":"Organization","@id":"https:\/\/news.canadamotorjobs.com\/#organization","name":"Canada Motor Jobs","url":"https:\/\/news.canadamotorjobs.com\/","logo":{"@type":"ImageObject","inLanguage":"fr-CA","@id":"https:\/\/news.canadamotorjobs.com\/#\/schema\/logo\/image\/","url":"https:\/\/news.canadamotorjobs.com\/wp-content\/uploads\/2022\/10\/logo-canada-motor-jobs-1.png","contentUrl":"https:\/\/news.canadamotorjobs.com\/wp-content\/uploads\/2022\/10\/logo-canada-motor-jobs-1.png","width":800,"height":400,"caption":"Canada Motor Jobs"},"image":{"@id":"https:\/\/news.canadamotorjobs.com\/#\/schema\/logo\/image\/"},"sameAs":["https:\/\/www.facebook.com\/canadamotorjobs\/","https:\/\/x.com\/canadamotorjobs","https:\/\/www.instagram.com\/canadamotorjobs\/","https:\/\/www.linkedin.com\/company\/canadamotorjobs"]},{"@type":"Person","@id":"https:\/\/news.canadamotorjobs.com\/#\/schema\/person\/51793d1f87d44011d7bcc2ed99269a90","name":"Benoit Charette","image":{"@type":"ImageObject","inLanguage":"fr-CA","@id":"https:\/\/news.canadamotorjobs.com\/#\/schema\/person\/image\/","url":"https:\/\/secure.gravatar.com\/avatar\/45f3d2eebcccd909668d7ce7ea7267b6?s=96&d=mm&r=g","contentUrl":"https:\/\/secure.gravatar.com\/avatar\/45f3d2eebcccd909668d7ce7ea7267b6?s=96&d=mm&r=g","caption":"Benoit Charette"},"description":"Benoit Charette \/ Propri\u00e9taire et r\u00e9dacteur en chef Benoit Charette pratique le journalisme automobile depuis bient\u00f4t 30 ans. Il a fait ses classes au c\u00f4t\u00e9 de Daniel H\u00e9raud et au Carnet de route de 1992 \u00e0 2001. Il est fondateur, copropri\u00e9taire et r\u00e9dacteur en chef de L\u2019Annuel de l\u2019automobile, qu\u2019il publie depuis 2001. Il a anim\u00e9 les \u00e9missions RPM et RPM+ sur V et les L\u00e9gendes de la route sur Historia. \u00c0 la radio depuis 1986, il reprend l\u2019antenne cette ann\u00e9e sur les ondes de Cogeco et participe pour la deuxi\u00e8me ann\u00e9e \u00e0 l\u2019\u00e9mission Passion Auto sur RDS en plus de mettre en ligne le site Web officiel de L\u2019Annuel de l\u2019automobile sur annuelauto.ca.","sameAs":["https:\/\/annuelauto.ca\/"],"url":"https:\/\/news.canadamotorjobs.com\/fr\/author\/benoit-charette\/"}]}},"_links":{"self":[{"href":"https:\/\/news.canadamotorjobs.com\/fr\/wp-json\/wp\/v2\/posts\/134101"}],"collection":[{"href":"https:\/\/news.canadamotorjobs.com\/fr\/wp-json\/wp\/v2\/posts"}],"about":[{"href":"https:\/\/news.canadamotorjobs.com\/fr\/wp-json\/wp\/v2\/types\/post"}],"author":[{"embeddable":true,"href":"https:\/\/news.canadamotorjobs.com\/fr\/wp-json\/wp\/v2\/users\/8"}],"replies":[{"embeddable":true,"href":"https:\/\/news.canadamotorjobs.com\/fr\/wp-json\/wp\/v2\/comments?post=134101"}],"version-history":[{"count":0,"href":"https:\/\/news.canadamotorjobs.com\/fr\/wp-json\/wp\/v2\/posts\/134101\/revisions"}],"wp:featuredmedia":[{"embeddable":true,"href":"https:\/\/news.canadamotorjobs.com\/fr\/wp-json\/wp\/v2\/media\/134105"}],"wp:attachment":[{"href":"https:\/\/news.canadamotorjobs.com\/fr\/wp-json\/wp\/v2\/media?parent=134101"}],"wp:term":[{"taxonomy":"category","embeddable":true,"href":"https:\/\/news.canadamotorjobs.com\/fr\/wp-json\/wp\/v2\/categories?post=134101"},{"taxonomy":"post_tag","embeddable":true,"href":"https:\/\/news.canadamotorjobs.com\/fr\/wp-json\/wp\/v2\/tags?post=134101"}],"curies":[{"name":"wp","href":"https:\/\/api.w.org\/{rel}","templated":true}]}}