{"id":134045,"date":"2022-10-15T11:00:22","date_gmt":"2022-10-15T15:00:22","guid":{"rendered":"https:\/\/blog.canadamotorjobs.com\/la-crise-energetique-menace-la-production-dautomobile-en-europe\/"},"modified":"2022-10-17T10:08:31","modified_gmt":"2022-10-17T14:08:31","slug":"la-crise-energetique-menace-la-production-dautomobile-en-europe","status":"publish","type":"post","link":"https:\/\/news.canadamotorjobs.com\/fr\/la-crise-energetique-menace-la-production-dautomobile-en-europe\/","title":{"rendered":"La crise \u00e9nerg\u00e9tique menace la production d\u2019automobile en Europe"},"content":{"rendered":"<p>Comme si la cha\u00eene d\u2019approvisionnement d\u00e9ficiente et la p\u00e9nurie de puces \u00e9lectroniques ne suffisaient pas, voici maintenant que la crise \u00e9nerg\u00e9tique en Europe menace de r\u00e9duire dramatiquement la production automobile.<\/p>\n<h3>Des chiffres qui donnent froid dans le dos<\/h3>\n<p>La production automobile en Europe pourrait chuter de plus d&#8217;un million de v\u00e9hicules par trimestre en raison de la crise \u00e9nerg\u00e9tique actuelle. S&amp;P Global Mobility estime que la production pourrait commencer \u00e0 baisser d\u00e8s la fin de cette ann\u00e9e et se poursuivre jusqu&#8217;en 2023.<\/p>\n<h3>P\u00e9nurie de gaz \u00e0 l\u2019approche de l\u2019hiver<\/h3>\n<p>Au-del\u00e0 des p\u00e9nuries de pi\u00e8ces et les difficult\u00e9s d\u2019approvisionnement qui p\u00e8sent d\u00e9j\u00e0 lourdement sur les constructeurs automobiles, les choses pourraient empirer si l&#8217;\u00e9nergie est coup\u00e9e pendant les mois d&#8217;hiver. Si les gouvernements europ\u00e9ens tentent de minimiser l&#8217;impact de la crise \u00e9nerg\u00e9tique, les mesures prises pourraient ne pas suffire \u00e0 prot\u00e9ger l&#8217;industrie automobile des arr\u00eats de production. Selon S&amp;P Global Mobility, certains constructeurs pourraient devoir interrompre &#8220;les exp\u00e9ditions de v\u00e9hicules en raison de la p\u00e9nurie de certains composants.&#8221;<\/p>\n<h3>Des chiffres de production en baisse<\/h3>\n<p>Les pr\u00e9visions avaient indiqu\u00e9 que les usines automobiles europ\u00e9ennes pourraient produire entre 4 millions et 4,5 millions de v\u00e9hicules par trimestre, mais si des restrictions \u00e9nerg\u00e9tiques sont mises en place, ce chiffre pourrait chuter \u00e0 2,8 millions par trimestre, ce qui entra\u00eenerait une perte de 4,8 millions \u00e0 6,8 millions sur une base annuelle.<br \/>\nDes pays plus \u00e0 l\u2019abri que d\u2019autres&#8230;<\/p>\n","protected":false},"excerpt":{"rendered":"<p>Comme si la cha\u00eene d\u2019approvisionnement d\u00e9ficiente et la p\u00e9nurie de puces \u00e9lectroniques ne suffisaient pas, voici maintenant que la crise \u00e9nerg\u00e9tique en Europe menace de r\u00e9duire dramatiquement la production automobile. Des chiffres qui donnent froid dans le dos La production automobile en Europe pourrait chuter de plus d&#8217;un million de v\u00e9hicules par trimestre en raison [&hellip;]<\/p>\n","protected":false},"author":8,"featured_media":134049,"comment_status":"close","ping_status":"closed","sticky":false,"template":"","format":"standard","meta":{"_monsterinsights_skip_tracking":false,"_monsterinsights_sitenote_active":false,"_monsterinsights_sitenote_note":"","_monsterinsights_sitenote_category":0,"footnotes":""},"categories":[101],"tags":[131],"yoast_head":"<!-- This site is optimized with the Yoast SEO plugin v23.2 - https:\/\/yoast.com\/wordpress\/plugins\/seo\/ -->\n<title>La crise \u00e9nerg\u00e9tique menace la production d\u2019automobile en Europe - CanadaMotorJobs.com<\/title>\n<meta name=\"description\" content=\"La crise \u00e9nerg\u00e9tique menace la production d\u2019automobile en Europe - Benoit Charette - Annuel automobile - CanadaMotorJobs.com.\" \/>\n<meta name=\"robots\" content=\"index, follow, max-snippet:-1, max-image-preview:large, max-video-preview:-1\" \/>\n<meta property=\"og:locale\" content=\"fr_CA\" \/>\n<meta property=\"og:type\" content=\"article\" \/>\n<meta property=\"og:title\" content=\"La crise \u00e9nerg\u00e9tique menace la production d\u2019automobile en Europe - CanadaMotorJobs.com\" \/>\n<meta property=\"og:description\" content=\"La crise \u00e9nerg\u00e9tique menace la production d\u2019automobile en Europe - Benoit Charette - Annuel automobile - CanadaMotorJobs.com.\" \/>\n<meta property=\"og:url\" content=\"https:\/\/news.canadamotorjobs.com\/fr\/la-crise-energetique-menace-la-production-dautomobile-en-europe\/\" \/>\n<meta property=\"og:site_name\" content=\"CanadaMotorJobs.com\" \/>\n<meta property=\"article:publisher\" content=\"https:\/\/www.facebook.com\/canadamotorjobs\/\" \/>\n<meta property=\"article:published_time\" content=\"2022-10-15T15:00:22+00:00\" \/>\n<meta property=\"article:modified_time\" content=\"2022-10-17T14:08:31+00:00\" \/>\n<meta property=\"og:image\" content=\"https:\/\/news.canadamotorjobs.com\/wp-content\/uploads\/2022\/10\/101724609-494439889-1.jpg\" \/>\n\t<meta property=\"og:image:width\" content=\"1920\" \/>\n\t<meta property=\"og:image:height\" content=\"1080\" \/>\n\t<meta property=\"og:image:type\" content=\"image\/jpeg\" \/>\n<meta name=\"author\" content=\"Benoit Charette\" \/>\n<meta name=\"twitter:card\" content=\"summary_large_image\" \/>\n<meta name=\"twitter:creator\" content=\"@canadamotorjobs\" \/>\n<meta name=\"twitter:site\" content=\"@canadamotorjobs\" \/>\n<meta name=\"twitter:label1\" content=\"\u00c9crit par\" \/>\n\t<meta name=\"twitter:data1\" content=\"Benoit Charette\" \/>\n\t<meta name=\"twitter:label2\" content=\"Estimation du temps de lecture\" \/>\n\t<meta name=\"twitter:data2\" content=\"2 minutes\" \/>\n<!-- \/ Yoast SEO plugin. -->","yoast_head_json":{"title":"La crise \u00e9nerg\u00e9tique menace la production d\u2019automobile en Europe - CanadaMotorJobs.com","description":"La crise \u00e9nerg\u00e9tique menace la production d\u2019automobile en Europe - Benoit Charette - Annuel automobile - CanadaMotorJobs.com.","robots":{"index":"index","follow":"follow","max-snippet":"max-snippet:-1","max-image-preview":"max-image-preview:large","max-video-preview":"max-video-preview:-1"},"og_locale":"fr_CA","og_type":"article","og_title":"La crise \u00e9nerg\u00e9tique menace la production d\u2019automobile en Europe - CanadaMotorJobs.com","og_description":"La crise \u00e9nerg\u00e9tique menace la production d\u2019automobile en Europe - Benoit Charette - Annuel automobile - CanadaMotorJobs.com.","og_url":"https:\/\/news.canadamotorjobs.com\/fr\/la-crise-energetique-menace-la-production-dautomobile-en-europe\/","og_site_name":"CanadaMotorJobs.com","article_publisher":"https:\/\/www.facebook.com\/canadamotorjobs\/","article_published_time":"2022-10-15T15:00:22+00:00","article_modified_time":"2022-10-17T14:08:31+00:00","og_image":[{"width":1920,"height":1080,"url":"https:\/\/news.canadamotorjobs.com\/wp-content\/uploads\/2022\/10\/101724609-494439889-1.jpg","type":"image\/jpeg"}],"author":"Benoit Charette","twitter_card":"summary_large_image","twitter_creator":"@canadamotorjobs","twitter_site":"@canadamotorjobs","twitter_misc":{"\u00c9crit par":"Benoit Charette","Estimation du temps de lecture":"2 minutes"},"schema":{"@context":"https:\/\/schema.org","@graph":[{"@type":"Article","@id":"https:\/\/news.canadamotorjobs.com\/fr\/la-crise-energetique-menace-la-production-dautomobile-en-europe\/#article","isPartOf":{"@id":"https:\/\/news.canadamotorjobs.com\/fr\/la-crise-energetique-menace-la-production-dautomobile-en-europe\/"},"author":{"name":"Benoit Charette","@id":"https:\/\/news.canadamotorjobs.com\/#\/schema\/person\/51793d1f87d44011d7bcc2ed99269a90"},"headline":"La crise \u00e9nerg\u00e9tique menace la production d\u2019automobile en Europe","datePublished":"2022-10-15T15:00:22+00:00","dateModified":"2022-10-17T14:08:31+00:00","mainEntityOfPage":{"@id":"https:\/\/news.canadamotorjobs.com\/fr\/la-crise-energetique-menace-la-production-dautomobile-en-europe\/"},"wordCount":276,"publisher":{"@id":"https:\/\/news.canadamotorjobs.com\/#organization"},"image":{"@id":"https:\/\/news.canadamotorjobs.com\/fr\/la-crise-energetique-menace-la-production-dautomobile-en-europe\/#primaryimage"},"thumbnailUrl":"https:\/\/news.canadamotorjobs.com\/wp-content\/uploads\/2022\/10\/101724609-494439889-1.jpg","keywords":["Newsletter"],"articleSection":["Annuel automobile"],"inLanguage":"fr-CA"},{"@type":"WebPage","@id":"https:\/\/news.canadamotorjobs.com\/fr\/la-crise-energetique-menace-la-production-dautomobile-en-europe\/","url":"https:\/\/news.canadamotorjobs.com\/fr\/la-crise-energetique-menace-la-production-dautomobile-en-europe\/","name":"La crise \u00e9nerg\u00e9tique menace la production d\u2019automobile en Europe - CanadaMotorJobs.com","isPartOf":{"@id":"https:\/\/news.canadamotorjobs.com\/#website"},"primaryImageOfPage":{"@id":"https:\/\/news.canadamotorjobs.com\/fr\/la-crise-energetique-menace-la-production-dautomobile-en-europe\/#primaryimage"},"image":{"@id":"https:\/\/news.canadamotorjobs.com\/fr\/la-crise-energetique-menace-la-production-dautomobile-en-europe\/#primaryimage"},"thumbnailUrl":"https:\/\/news.canadamotorjobs.com\/wp-content\/uploads\/2022\/10\/101724609-494439889-1.jpg","datePublished":"2022-10-15T15:00:22+00:00","dateModified":"2022-10-17T14:08:31+00:00","description":"La crise \u00e9nerg\u00e9tique menace la production d\u2019automobile en Europe - Benoit Charette - Annuel automobile - CanadaMotorJobs.com.","breadcrumb":{"@id":"https:\/\/news.canadamotorjobs.com\/fr\/la-crise-energetique-menace-la-production-dautomobile-en-europe\/#breadcrumb"},"inLanguage":"fr-CA","potentialAction":[{"@type":"ReadAction","target":["https:\/\/news.canadamotorjobs.com\/fr\/la-crise-energetique-menace-la-production-dautomobile-en-europe\/"]}]},{"@type":"ImageObject","inLanguage":"fr-CA","@id":"https:\/\/news.canadamotorjobs.com\/fr\/la-crise-energetique-menace-la-production-dautomobile-en-europe\/#primaryimage","url":"https:\/\/news.canadamotorjobs.com\/wp-content\/uploads\/2022\/10\/101724609-494439889-1.jpg","contentUrl":"https:\/\/news.canadamotorjobs.com\/wp-content\/uploads\/2022\/10\/101724609-494439889-1.jpg","width":1920,"height":1080},{"@type":"BreadcrumbList","@id":"https:\/\/news.canadamotorjobs.com\/fr\/la-crise-energetique-menace-la-production-dautomobile-en-europe\/#breadcrumb","itemListElement":[{"@type":"ListItem","position":1,"name":"Home","item":"https:\/\/news.canadamotorjobs.com\/fr\/blog\/"},{"@type":"ListItem","position":2,"name":"La crise \u00e9nerg\u00e9tique menace la production d\u2019automobile en Europe"}]},{"@type":"WebSite","@id":"https:\/\/news.canadamotorjobs.com\/#website","url":"https:\/\/news.canadamotorjobs.com\/","name":"CanadaMotorJobs.com","description":"Automotive Jobs","publisher":{"@id":"https:\/\/news.canadamotorjobs.com\/#organization"},"potentialAction":[{"@type":"SearchAction","target":{"@type":"EntryPoint","urlTemplate":"https:\/\/news.canadamotorjobs.com\/?s={search_term_string}"},"query-input":"required name=search_term_string"}],"inLanguage":"fr-CA"},{"@type":"Organization","@id":"https:\/\/news.canadamotorjobs.com\/#organization","name":"Canada Motor Jobs","url":"https:\/\/news.canadamotorjobs.com\/","logo":{"@type":"ImageObject","inLanguage":"fr-CA","@id":"https:\/\/news.canadamotorjobs.com\/#\/schema\/logo\/image\/","url":"https:\/\/news.canadamotorjobs.com\/wp-content\/uploads\/2022\/10\/logo-canada-motor-jobs-1.png","contentUrl":"https:\/\/news.canadamotorjobs.com\/wp-content\/uploads\/2022\/10\/logo-canada-motor-jobs-1.png","width":800,"height":400,"caption":"Canada Motor Jobs"},"image":{"@id":"https:\/\/news.canadamotorjobs.com\/#\/schema\/logo\/image\/"},"sameAs":["https:\/\/www.facebook.com\/canadamotorjobs\/","https:\/\/x.com\/canadamotorjobs","https:\/\/www.instagram.com\/canadamotorjobs\/","https:\/\/www.linkedin.com\/company\/canadamotorjobs"]},{"@type":"Person","@id":"https:\/\/news.canadamotorjobs.com\/#\/schema\/person\/51793d1f87d44011d7bcc2ed99269a90","name":"Benoit Charette","image":{"@type":"ImageObject","inLanguage":"fr-CA","@id":"https:\/\/news.canadamotorjobs.com\/#\/schema\/person\/image\/","url":"https:\/\/secure.gravatar.com\/avatar\/45f3d2eebcccd909668d7ce7ea7267b6?s=96&d=mm&r=g","contentUrl":"https:\/\/secure.gravatar.com\/avatar\/45f3d2eebcccd909668d7ce7ea7267b6?s=96&d=mm&r=g","caption":"Benoit Charette"},"description":"Benoit Charette \/ Propri\u00e9taire et r\u00e9dacteur en chef Benoit Charette pratique le journalisme automobile depuis bient\u00f4t 30 ans. Il a fait ses classes au c\u00f4t\u00e9 de Daniel H\u00e9raud et au Carnet de route de 1992 \u00e0 2001. Il est fondateur, copropri\u00e9taire et r\u00e9dacteur en chef de L\u2019Annuel de l\u2019automobile, qu\u2019il publie depuis 2001. Il a anim\u00e9 les \u00e9missions RPM et RPM+ sur V et les L\u00e9gendes de la route sur Historia. \u00c0 la radio depuis 1986, il reprend l\u2019antenne cette ann\u00e9e sur les ondes de Cogeco et participe pour la deuxi\u00e8me ann\u00e9e \u00e0 l\u2019\u00e9mission Passion Auto sur RDS en plus de mettre en ligne le site Web officiel de L\u2019Annuel de l\u2019automobile sur annuelauto.ca.","sameAs":["https:\/\/annuelauto.ca\/"],"url":"https:\/\/news.canadamotorjobs.com\/fr\/author\/benoit-charette\/"}]}},"_links":{"self":[{"href":"https:\/\/news.canadamotorjobs.com\/fr\/wp-json\/wp\/v2\/posts\/134045"}],"collection":[{"href":"https:\/\/news.canadamotorjobs.com\/fr\/wp-json\/wp\/v2\/posts"}],"about":[{"href":"https:\/\/news.canadamotorjobs.com\/fr\/wp-json\/wp\/v2\/types\/post"}],"author":[{"embeddable":true,"href":"https:\/\/news.canadamotorjobs.com\/fr\/wp-json\/wp\/v2\/users\/8"}],"replies":[{"embeddable":true,"href":"https:\/\/news.canadamotorjobs.com\/fr\/wp-json\/wp\/v2\/comments?post=134045"}],"version-history":[{"count":0,"href":"https:\/\/news.canadamotorjobs.com\/fr\/wp-json\/wp\/v2\/posts\/134045\/revisions"}],"wp:featuredmedia":[{"embeddable":true,"href":"https:\/\/news.canadamotorjobs.com\/fr\/wp-json\/wp\/v2\/media\/134049"}],"wp:attachment":[{"href":"https:\/\/news.canadamotorjobs.com\/fr\/wp-json\/wp\/v2\/media?parent=134045"}],"wp:term":[{"taxonomy":"category","embeddable":true,"href":"https:\/\/news.canadamotorjobs.com\/fr\/wp-json\/wp\/v2\/categories?post=134045"},{"taxonomy":"post_tag","embeddable":true,"href":"https:\/\/news.canadamotorjobs.com\/fr\/wp-json\/wp\/v2\/tags?post=134045"}],"curies":[{"name":"wp","href":"https:\/\/api.w.org\/{rel}","templated":true}]}}