{"id":131785,"date":"2022-10-14T07:21:21","date_gmt":"2022-10-14T11:21:21","guid":{"rendered":"https:\/\/blog.canadamotorjobs.com\/nissan-ariya-2023-un-vus-electrique-parfaitement-moyen\/"},"modified":"2022-10-14T07:29:06","modified_gmt":"2022-10-14T11:29:06","slug":"nissan-ariya-2023-un-vus-electrique-parfaitement-moyen","status":"publish","type":"post","link":"https:\/\/news.canadamotorjobs.com\/fr\/nissan-ariya-2023-un-vus-electrique-parfaitement-moyen\/","title":{"rendered":"Nissan Ariya\u00a02023\u00a0: Un VUS \u00e9lectrique parfaitement moyen"},"content":{"rendered":"<\/p>\n<p><strong>Nashville, TN<\/strong>. L\u2019heure est grave chez Nissan \u2014 c\u2019est le mieux que l\u2019on puisse dire. Pour toutes sortes de raisons, tant sous le contr\u00f4le que hors du contr\u00f4le du constructeur, les ventes sont en chutes libres en Am\u00e9rique du Nord. Le besoin d\u2019un vent de renouveau se fait sentir depuis des ann\u00e9es, mais plus particuli\u00e8rement au niveau de leurs de v\u00e9hicule \u00e9lectrique. Sp\u00e9cifiquement, l\u2019absence d\u2019un second V\u00c9, mais voil\u00e0 finalement le VUS Ariya que l\u2019on attend depuis pr\u00e8s de deux ans et demi.<\/p>\n<p> Nissan, et Tesla, ont forc\u00e9 les constructeurs \u00e0 revoir l\u2019automobile comme telle et ils, comme la LEAF, seront \u00e0 tout jamais des pionniers de l\u2019\u00e9lectrification du parc automobile. On s\u2019explique mal alors que la firme a eu besoin d\u2019une douzaine d\u2019ann\u00e9es avant de lancer un deuxi\u00e8me v\u00e9hicule \u00e9lectrique. Malgr\u00e9 ceci, n\u2019oublions pas qu\u2019ils semblent avoir une bonne longueur d\u2019avance sur les tout autres constructeurs japonais.<br \/> <strong>Un autre v\u00e9hicule sign\u00e9 Nissan<\/strong><br \/> Ce que Nissan fait de mieux, \u00e0 une ou deux exceptions de pr\u00e8s, est des v\u00e9hicules automobiles qui rencontrent le minimum des attentes des consommateurs. Cette approche song\u00e9e apporte un certain succ\u00e8s au constructeur nippon, du moins c\u2019est le cas pour des mod\u00e8les comme le populaire Rogue, du Qashqai, et de la Sentra. L\u2019Ariya suit cette approche en proposant rien d\u2019extraordinaire en ce qui a trait aux performances, l\u2019autonomie, la vitesse de charge (130\u00a0kW), et l\u2019agr\u00e9ment de conduite. En fait, autre que sa gamme de prix et son design, tout est moyen.<\/p>\n<p> <strong>Le nouveau design<\/strong><\/p>\n","protected":false},"excerpt":{"rendered":"<p>Nashville, TN. L\u2019heure est grave chez Nissan \u2014 c\u2019est le mieux que l\u2019on puisse dire. Pour toutes sortes de raisons, tant sous le contr\u00f4le que hors du contr\u00f4le du constructeur, les ventes sont en chutes libres en Am\u00e9rique du Nord. Le besoin d\u2019un vent de renouveau se fait sentir depuis des ann\u00e9es, mais plus particuli\u00e8rement [&hellip;]<\/p>\n","protected":false},"author":8,"featured_media":131789,"comment_status":"close","ping_status":"closed","sticky":false,"template":"","format":"standard","meta":{"_monsterinsights_skip_tracking":false,"_monsterinsights_sitenote_active":false,"_monsterinsights_sitenote_note":"","_monsterinsights_sitenote_category":0,"footnotes":""},"categories":[101],"tags":[],"yoast_head":"<!-- This site is optimized with the Yoast SEO plugin v23.2 - https:\/\/yoast.com\/wordpress\/plugins\/seo\/ -->\n<title>Nissan Ariya\u00a02023\u00a0: Un VUS \u00e9lectrique parfaitement moyen - CanadaMotorJobs.com<\/title>\n<meta name=\"description\" content=\"Nissan Ariya\u00a02023\u00a0: Un VUS \u00e9lectrique parfaitement moyen - Benoit Charette - Annuel automobile - CanadaMotorJobs.com.\" \/>\n<meta name=\"robots\" content=\"index, follow, max-snippet:-1, max-image-preview:large, max-video-preview:-1\" \/>\n<meta property=\"og:locale\" content=\"fr_CA\" \/>\n<meta property=\"og:type\" content=\"article\" \/>\n<meta property=\"og:title\" content=\"Nissan Ariya\u00a02023\u00a0: Un VUS \u00e9lectrique parfaitement moyen - CanadaMotorJobs.com\" \/>\n<meta property=\"og:description\" content=\"Nissan Ariya\u00a02023\u00a0: Un VUS \u00e9lectrique parfaitement moyen - Benoit Charette - Annuel automobile - CanadaMotorJobs.com.\" \/>\n<meta property=\"og:url\" content=\"https:\/\/news.canadamotorjobs.com\/fr\/nissan-ariya-2023-un-vus-electrique-parfaitement-moyen\/\" \/>\n<meta property=\"og:site_name\" content=\"CanadaMotorJobs.com\" \/>\n<meta property=\"article:publisher\" content=\"https:\/\/www.facebook.com\/canadamotorjobs\/\" \/>\n<meta property=\"article:published_time\" content=\"2022-10-14T11:21:21+00:00\" \/>\n<meta property=\"article:modified_time\" content=\"2022-10-14T11:29:06+00:00\" \/>\n<meta property=\"og:image\" content=\"https:\/\/news.canadamotorjobs.com\/wp-content\/uploads\/2022\/10\/2023-Nissan-Ariya-18-1.jpg\" \/>\n\t<meta property=\"og:image:width\" content=\"1440\" \/>\n\t<meta property=\"og:image:height\" content=\"1080\" \/>\n\t<meta property=\"og:image:type\" content=\"image\/jpeg\" \/>\n<meta name=\"author\" content=\"Benoit Charette\" \/>\n<meta name=\"twitter:card\" content=\"summary_large_image\" \/>\n<meta name=\"twitter:creator\" content=\"@canadamotorjobs\" \/>\n<meta name=\"twitter:site\" content=\"@canadamotorjobs\" \/>\n<meta name=\"twitter:label1\" content=\"\u00c9crit par\" \/>\n\t<meta name=\"twitter:data1\" content=\"Benoit Charette\" \/>\n\t<meta name=\"twitter:label2\" content=\"Estimation du temps de lecture\" \/>\n\t<meta name=\"twitter:data2\" content=\"1 minute\" \/>\n<!-- \/ Yoast SEO plugin. -->","yoast_head_json":{"title":"Nissan Ariya\u00a02023\u00a0: Un VUS \u00e9lectrique parfaitement moyen - CanadaMotorJobs.com","description":"Nissan Ariya\u00a02023\u00a0: Un VUS \u00e9lectrique parfaitement moyen - Benoit Charette - Annuel automobile - CanadaMotorJobs.com.","robots":{"index":"index","follow":"follow","max-snippet":"max-snippet:-1","max-image-preview":"max-image-preview:large","max-video-preview":"max-video-preview:-1"},"og_locale":"fr_CA","og_type":"article","og_title":"Nissan Ariya\u00a02023\u00a0: Un VUS \u00e9lectrique parfaitement moyen - CanadaMotorJobs.com","og_description":"Nissan Ariya\u00a02023\u00a0: Un VUS \u00e9lectrique parfaitement moyen - Benoit Charette - Annuel automobile - CanadaMotorJobs.com.","og_url":"https:\/\/news.canadamotorjobs.com\/fr\/nissan-ariya-2023-un-vus-electrique-parfaitement-moyen\/","og_site_name":"CanadaMotorJobs.com","article_publisher":"https:\/\/www.facebook.com\/canadamotorjobs\/","article_published_time":"2022-10-14T11:21:21+00:00","article_modified_time":"2022-10-14T11:29:06+00:00","og_image":[{"width":1440,"height":1080,"url":"https:\/\/news.canadamotorjobs.com\/wp-content\/uploads\/2022\/10\/2023-Nissan-Ariya-18-1.jpg","type":"image\/jpeg"}],"author":"Benoit Charette","twitter_card":"summary_large_image","twitter_creator":"@canadamotorjobs","twitter_site":"@canadamotorjobs","twitter_misc":{"\u00c9crit par":"Benoit Charette","Estimation du temps de lecture":"1 minute"},"schema":{"@context":"https:\/\/schema.org","@graph":[{"@type":"Article","@id":"https:\/\/news.canadamotorjobs.com\/fr\/nissan-ariya-2023-un-vus-electrique-parfaitement-moyen\/#article","isPartOf":{"@id":"https:\/\/news.canadamotorjobs.com\/fr\/nissan-ariya-2023-un-vus-electrique-parfaitement-moyen\/"},"author":{"name":"Benoit Charette","@id":"https:\/\/news.canadamotorjobs.com\/#\/schema\/person\/51793d1f87d44011d7bcc2ed99269a90"},"headline":"Nissan Ariya\u00a02023\u00a0: Un VUS \u00e9lectrique parfaitement moyen","datePublished":"2022-10-14T11:21:21+00:00","dateModified":"2022-10-14T11:29:06+00:00","mainEntityOfPage":{"@id":"https:\/\/news.canadamotorjobs.com\/fr\/nissan-ariya-2023-un-vus-electrique-parfaitement-moyen\/"},"wordCount":289,"publisher":{"@id":"https:\/\/news.canadamotorjobs.com\/#organization"},"image":{"@id":"https:\/\/news.canadamotorjobs.com\/fr\/nissan-ariya-2023-un-vus-electrique-parfaitement-moyen\/#primaryimage"},"thumbnailUrl":"https:\/\/news.canadamotorjobs.com\/wp-content\/uploads\/2022\/10\/2023-Nissan-Ariya-18-1.jpg","articleSection":["Annuel automobile"],"inLanguage":"fr-CA"},{"@type":"WebPage","@id":"https:\/\/news.canadamotorjobs.com\/fr\/nissan-ariya-2023-un-vus-electrique-parfaitement-moyen\/","url":"https:\/\/news.canadamotorjobs.com\/fr\/nissan-ariya-2023-un-vus-electrique-parfaitement-moyen\/","name":"Nissan Ariya\u00a02023\u00a0: Un VUS \u00e9lectrique parfaitement moyen - CanadaMotorJobs.com","isPartOf":{"@id":"https:\/\/news.canadamotorjobs.com\/#website"},"primaryImageOfPage":{"@id":"https:\/\/news.canadamotorjobs.com\/fr\/nissan-ariya-2023-un-vus-electrique-parfaitement-moyen\/#primaryimage"},"image":{"@id":"https:\/\/news.canadamotorjobs.com\/fr\/nissan-ariya-2023-un-vus-electrique-parfaitement-moyen\/#primaryimage"},"thumbnailUrl":"https:\/\/news.canadamotorjobs.com\/wp-content\/uploads\/2022\/10\/2023-Nissan-Ariya-18-1.jpg","datePublished":"2022-10-14T11:21:21+00:00","dateModified":"2022-10-14T11:29:06+00:00","description":"Nissan Ariya\u00a02023\u00a0: Un VUS \u00e9lectrique parfaitement moyen - Benoit Charette - Annuel automobile - CanadaMotorJobs.com.","breadcrumb":{"@id":"https:\/\/news.canadamotorjobs.com\/fr\/nissan-ariya-2023-un-vus-electrique-parfaitement-moyen\/#breadcrumb"},"inLanguage":"fr-CA","potentialAction":[{"@type":"ReadAction","target":["https:\/\/news.canadamotorjobs.com\/fr\/nissan-ariya-2023-un-vus-electrique-parfaitement-moyen\/"]}]},{"@type":"ImageObject","inLanguage":"fr-CA","@id":"https:\/\/news.canadamotorjobs.com\/fr\/nissan-ariya-2023-un-vus-electrique-parfaitement-moyen\/#primaryimage","url":"https:\/\/news.canadamotorjobs.com\/wp-content\/uploads\/2022\/10\/2023-Nissan-Ariya-18-1.jpg","contentUrl":"https:\/\/news.canadamotorjobs.com\/wp-content\/uploads\/2022\/10\/2023-Nissan-Ariya-18-1.jpg","width":1440,"height":1080},{"@type":"BreadcrumbList","@id":"https:\/\/news.canadamotorjobs.com\/fr\/nissan-ariya-2023-un-vus-electrique-parfaitement-moyen\/#breadcrumb","itemListElement":[{"@type":"ListItem","position":1,"name":"Home","item":"https:\/\/news.canadamotorjobs.com\/fr\/blog\/"},{"@type":"ListItem","position":2,"name":"Nissan Ariya\u00a02023\u00a0: Un VUS \u00e9lectrique parfaitement moyen"}]},{"@type":"WebSite","@id":"https:\/\/news.canadamotorjobs.com\/#website","url":"https:\/\/news.canadamotorjobs.com\/","name":"CanadaMotorJobs.com","description":"Automotive Jobs","publisher":{"@id":"https:\/\/news.canadamotorjobs.com\/#organization"},"potentialAction":[{"@type":"SearchAction","target":{"@type":"EntryPoint","urlTemplate":"https:\/\/news.canadamotorjobs.com\/?s={search_term_string}"},"query-input":"required name=search_term_string"}],"inLanguage":"fr-CA"},{"@type":"Organization","@id":"https:\/\/news.canadamotorjobs.com\/#organization","name":"Canada Motor Jobs","url":"https:\/\/news.canadamotorjobs.com\/","logo":{"@type":"ImageObject","inLanguage":"fr-CA","@id":"https:\/\/news.canadamotorjobs.com\/#\/schema\/logo\/image\/","url":"https:\/\/news.canadamotorjobs.com\/wp-content\/uploads\/2022\/10\/logo-canada-motor-jobs-1.png","contentUrl":"https:\/\/news.canadamotorjobs.com\/wp-content\/uploads\/2022\/10\/logo-canada-motor-jobs-1.png","width":800,"height":400,"caption":"Canada Motor Jobs"},"image":{"@id":"https:\/\/news.canadamotorjobs.com\/#\/schema\/logo\/image\/"},"sameAs":["https:\/\/www.facebook.com\/canadamotorjobs\/","https:\/\/x.com\/canadamotorjobs","https:\/\/www.instagram.com\/canadamotorjobs\/","https:\/\/www.linkedin.com\/company\/canadamotorjobs"]},{"@type":"Person","@id":"https:\/\/news.canadamotorjobs.com\/#\/schema\/person\/51793d1f87d44011d7bcc2ed99269a90","name":"Benoit Charette","image":{"@type":"ImageObject","inLanguage":"fr-CA","@id":"https:\/\/news.canadamotorjobs.com\/#\/schema\/person\/image\/","url":"https:\/\/secure.gravatar.com\/avatar\/45f3d2eebcccd909668d7ce7ea7267b6?s=96&d=mm&r=g","contentUrl":"https:\/\/secure.gravatar.com\/avatar\/45f3d2eebcccd909668d7ce7ea7267b6?s=96&d=mm&r=g","caption":"Benoit Charette"},"description":"Benoit Charette \/ Propri\u00e9taire et r\u00e9dacteur en chef Benoit Charette pratique le journalisme automobile depuis bient\u00f4t 30 ans. Il a fait ses classes au c\u00f4t\u00e9 de Daniel H\u00e9raud et au Carnet de route de 1992 \u00e0 2001. Il est fondateur, copropri\u00e9taire et r\u00e9dacteur en chef de L\u2019Annuel de l\u2019automobile, qu\u2019il publie depuis 2001. Il a anim\u00e9 les \u00e9missions RPM et RPM+ sur V et les L\u00e9gendes de la route sur Historia. \u00c0 la radio depuis 1986, il reprend l\u2019antenne cette ann\u00e9e sur les ondes de Cogeco et participe pour la deuxi\u00e8me ann\u00e9e \u00e0 l\u2019\u00e9mission Passion Auto sur RDS en plus de mettre en ligne le site Web officiel de L\u2019Annuel de l\u2019automobile sur annuelauto.ca.","sameAs":["https:\/\/annuelauto.ca\/"],"url":"https:\/\/news.canadamotorjobs.com\/fr\/author\/benoit-charette\/"}]}},"_links":{"self":[{"href":"https:\/\/news.canadamotorjobs.com\/fr\/wp-json\/wp\/v2\/posts\/131785"}],"collection":[{"href":"https:\/\/news.canadamotorjobs.com\/fr\/wp-json\/wp\/v2\/posts"}],"about":[{"href":"https:\/\/news.canadamotorjobs.com\/fr\/wp-json\/wp\/v2\/types\/post"}],"author":[{"embeddable":true,"href":"https:\/\/news.canadamotorjobs.com\/fr\/wp-json\/wp\/v2\/users\/8"}],"replies":[{"embeddable":true,"href":"https:\/\/news.canadamotorjobs.com\/fr\/wp-json\/wp\/v2\/comments?post=131785"}],"version-history":[{"count":0,"href":"https:\/\/news.canadamotorjobs.com\/fr\/wp-json\/wp\/v2\/posts\/131785\/revisions"}],"wp:featuredmedia":[{"embeddable":true,"href":"https:\/\/news.canadamotorjobs.com\/fr\/wp-json\/wp\/v2\/media\/131789"}],"wp:attachment":[{"href":"https:\/\/news.canadamotorjobs.com\/fr\/wp-json\/wp\/v2\/media?parent=131785"}],"wp:term":[{"taxonomy":"category","embeddable":true,"href":"https:\/\/news.canadamotorjobs.com\/fr\/wp-json\/wp\/v2\/categories?post=131785"},{"taxonomy":"post_tag","embeddable":true,"href":"https:\/\/news.canadamotorjobs.com\/fr\/wp-json\/wp\/v2\/tags?post=131785"}],"curies":[{"name":"wp","href":"https:\/\/api.w.org\/{rel}","templated":true}]}}