{"id":126528,"date":"2022-10-13T08:29:51","date_gmt":"2022-10-13T12:29:51","guid":{"rendered":"https:\/\/blog.canadamotorjobs.com\/le-polestar-3-est-officiellement-devoile\/"},"modified":"2022-10-13T14:54:09","modified_gmt":"2022-10-13T18:54:09","slug":"le-polestar-3-est-officiellement-devoile","status":"publish","type":"post","link":"https:\/\/news.canadamotorjobs.com\/fr\/le-polestar-3-est-officiellement-devoile\/","title":{"rendered":"Le Polestar 3 est officiellement d\u00e9voil\u00e9"},"content":{"rendered":"<p>C\u2019est hier \u00e0 Copenhague, au Danemark que Polestar a officiellement d\u00e9voil\u00e9 son premier VUS, le Polestar 3. Il utilise une toute nouvelle plateforme qui va aussi servir de base au prochain EX 90 chez Volvo.<\/p>\n<h3>Un prix qui d\u00e9bute \u00e0 97 400\u00a0$<\/h3>\n<p>Malheureusement, il s\u2019agit d\u2019un autre VUS qui s\u2019adresse aux biens nantis. Les prix commencent \u00e0 97\u00a0400 dollars au Canada et les livraisons sont attendues pour le dernier trimestre de 2023.<br \/>\nQuelques innovations. Selon Polestar, ce mod\u00e8le introduira un certain nombre de nouvelles fonctions technologiques que l&#8217;on retrouvera plus tard sur d&#8217;autres mod\u00e8les Polestar et Volvo, comme l&#8217;ordinateur central NVIDIA DRIVE qui traite toutes les informations recueillies par les capteurs du v\u00e9hicule. Le Polestar 3 est \u00e9quip\u00e9 de cinq modules radar, de cinq cam\u00e9ras et de douze capteurs \u00e0 ultrasons qui sont utilis\u00e9s par les diff\u00e9rents syst\u00e8mes de s\u00e9curit\u00e9.<\/p>\n<h3>Pr\u00eat pour la conduite autonome<\/h3>\n<p>L\u2019ensemble de pilotage utilise les m\u00eames capteurs pour faire fonctionner le syst\u00e8me d&#8217;aide \u00e0 la conduite Pilot Assist, mais il sera dot\u00e9 d&#8217;un LiDAR d\u00e9velopp\u00e9 par Luminar, de trois cam\u00e9ras et de quatre capteurs \u00e0 ultrasons \u00e0 partir du second semestre 2023, afin de pr\u00e9parer le v\u00e9hicule \u00e0 la conduite enti\u00e8rement autonome. Il faut ajouter \u00e0 cela des cam\u00e9ras de surveillance du conducteur qui peuvent arr\u00eater le v\u00e9hicule si celui-ci ne r\u00e9agit pas ou au nouveau syst\u00e8me de radar de d\u00e9tection des occupants qui peut d\u00e9tecter de tr\u00e8s petits mouvements \u00e0 l&#8217;int\u00e9rieur lorsque le v\u00e9hicule est verrouill\u00e9 afin d&#8217;\u00e9viter que des enfants ou des animaux<\/p>\n","protected":false},"excerpt":{"rendered":"<p>C\u2019est hier \u00e0 Copenhague, au Danemark que Polestar a officiellement d\u00e9voil\u00e9 son premier VUS, le Polestar 3. Il utilise une toute nouvelle plateforme qui va aussi servir de base au prochain EX 90 chez Volvo. Un prix qui d\u00e9bute \u00e0 97 400\u00a0$ Malheureusement, il s\u2019agit d\u2019un autre VUS qui s\u2019adresse aux biens nantis. Les prix [&hellip;]<\/p>\n","protected":false},"author":8,"featured_media":126532,"comment_status":"close","ping_status":"closed","sticky":false,"template":"","format":"standard","meta":{"_monsterinsights_skip_tracking":false,"_monsterinsights_sitenote_active":false,"_monsterinsights_sitenote_note":"","_monsterinsights_sitenote_category":0,"footnotes":""},"categories":[101],"tags":[131],"yoast_head":"<!-- This site is optimized with the Yoast SEO plugin v23.2 - https:\/\/yoast.com\/wordpress\/plugins\/seo\/ -->\n<title>Le Polestar 3 est officiellement d\u00e9voil\u00e9 - CanadaMotorJobs.com<\/title>\n<meta name=\"description\" content=\"Le Polestar 3 est officiellement d\u00e9voil\u00e9 - Benoit Charette - Annuel automobile - CanadaMotorJobs.com.\" \/>\n<meta name=\"robots\" content=\"index, follow, max-snippet:-1, max-image-preview:large, max-video-preview:-1\" \/>\n<meta property=\"og:locale\" content=\"fr_CA\" \/>\n<meta property=\"og:type\" content=\"article\" \/>\n<meta property=\"og:title\" content=\"Le Polestar 3 est officiellement d\u00e9voil\u00e9 - CanadaMotorJobs.com\" \/>\n<meta property=\"og:description\" content=\"Le Polestar 3 est officiellement d\u00e9voil\u00e9 - Benoit Charette - Annuel automobile - CanadaMotorJobs.com.\" \/>\n<meta property=\"og:url\" content=\"https:\/\/news.canadamotorjobs.com\/fr\/le-polestar-3-est-officiellement-devoile\/\" \/>\n<meta property=\"og:site_name\" content=\"CanadaMotorJobs.com\" \/>\n<meta property=\"article:publisher\" content=\"https:\/\/www.facebook.com\/canadamotorjobs\/\" \/>\n<meta property=\"article:published_time\" content=\"2022-10-13T12:29:51+00:00\" \/>\n<meta property=\"article:modified_time\" content=\"2022-10-13T18:54:09+00:00\" \/>\n<meta property=\"og:image\" content=\"https:\/\/news.canadamotorjobs.com\/wp-content\/uploads\/2022\/10\/660411_20221012_Polestar_3-1.jpg\" \/>\n\t<meta property=\"og:image:width\" content=\"1201\" \/>\n\t<meta property=\"og:image:height\" content=\"1000\" \/>\n\t<meta property=\"og:image:type\" content=\"image\/jpeg\" \/>\n<meta name=\"author\" content=\"Benoit Charette\" \/>\n<meta name=\"twitter:card\" content=\"summary_large_image\" \/>\n<meta name=\"twitter:creator\" content=\"@canadamotorjobs\" \/>\n<meta name=\"twitter:site\" content=\"@canadamotorjobs\" \/>\n<meta name=\"twitter:label1\" content=\"\u00c9crit par\" \/>\n\t<meta name=\"twitter:data1\" content=\"Benoit Charette\" \/>\n\t<meta name=\"twitter:label2\" content=\"Estimation du temps de lecture\" \/>\n\t<meta name=\"twitter:data2\" content=\"2 minutes\" \/>\n<!-- \/ Yoast SEO plugin. -->","yoast_head_json":{"title":"Le Polestar 3 est officiellement d\u00e9voil\u00e9 - CanadaMotorJobs.com","description":"Le Polestar 3 est officiellement d\u00e9voil\u00e9 - Benoit Charette - Annuel automobile - CanadaMotorJobs.com.","robots":{"index":"index","follow":"follow","max-snippet":"max-snippet:-1","max-image-preview":"max-image-preview:large","max-video-preview":"max-video-preview:-1"},"og_locale":"fr_CA","og_type":"article","og_title":"Le Polestar 3 est officiellement d\u00e9voil\u00e9 - CanadaMotorJobs.com","og_description":"Le Polestar 3 est officiellement d\u00e9voil\u00e9 - Benoit Charette - Annuel automobile - CanadaMotorJobs.com.","og_url":"https:\/\/news.canadamotorjobs.com\/fr\/le-polestar-3-est-officiellement-devoile\/","og_site_name":"CanadaMotorJobs.com","article_publisher":"https:\/\/www.facebook.com\/canadamotorjobs\/","article_published_time":"2022-10-13T12:29:51+00:00","article_modified_time":"2022-10-13T18:54:09+00:00","og_image":[{"width":1201,"height":1000,"url":"https:\/\/news.canadamotorjobs.com\/wp-content\/uploads\/2022\/10\/660411_20221012_Polestar_3-1.jpg","type":"image\/jpeg"}],"author":"Benoit Charette","twitter_card":"summary_large_image","twitter_creator":"@canadamotorjobs","twitter_site":"@canadamotorjobs","twitter_misc":{"\u00c9crit par":"Benoit Charette","Estimation du temps de lecture":"2 minutes"},"schema":{"@context":"https:\/\/schema.org","@graph":[{"@type":"Article","@id":"https:\/\/news.canadamotorjobs.com\/fr\/le-polestar-3-est-officiellement-devoile\/#article","isPartOf":{"@id":"https:\/\/news.canadamotorjobs.com\/fr\/le-polestar-3-est-officiellement-devoile\/"},"author":{"name":"Benoit Charette","@id":"https:\/\/news.canadamotorjobs.com\/#\/schema\/person\/51793d1f87d44011d7bcc2ed99269a90"},"headline":"Le Polestar 3 est officiellement d\u00e9voil\u00e9","datePublished":"2022-10-13T12:29:51+00:00","dateModified":"2022-10-13T18:54:09+00:00","mainEntityOfPage":{"@id":"https:\/\/news.canadamotorjobs.com\/fr\/le-polestar-3-est-officiellement-devoile\/"},"wordCount":278,"publisher":{"@id":"https:\/\/news.canadamotorjobs.com\/#organization"},"image":{"@id":"https:\/\/news.canadamotorjobs.com\/fr\/le-polestar-3-est-officiellement-devoile\/#primaryimage"},"thumbnailUrl":"https:\/\/news.canadamotorjobs.com\/wp-content\/uploads\/2022\/10\/660411_20221012_Polestar_3-1.jpg","keywords":["Newsletter"],"articleSection":["Annuel automobile"],"inLanguage":"fr-CA"},{"@type":"WebPage","@id":"https:\/\/news.canadamotorjobs.com\/fr\/le-polestar-3-est-officiellement-devoile\/","url":"https:\/\/news.canadamotorjobs.com\/fr\/le-polestar-3-est-officiellement-devoile\/","name":"Le Polestar 3 est officiellement d\u00e9voil\u00e9 - CanadaMotorJobs.com","isPartOf":{"@id":"https:\/\/news.canadamotorjobs.com\/#website"},"primaryImageOfPage":{"@id":"https:\/\/news.canadamotorjobs.com\/fr\/le-polestar-3-est-officiellement-devoile\/#primaryimage"},"image":{"@id":"https:\/\/news.canadamotorjobs.com\/fr\/le-polestar-3-est-officiellement-devoile\/#primaryimage"},"thumbnailUrl":"https:\/\/news.canadamotorjobs.com\/wp-content\/uploads\/2022\/10\/660411_20221012_Polestar_3-1.jpg","datePublished":"2022-10-13T12:29:51+00:00","dateModified":"2022-10-13T18:54:09+00:00","description":"Le Polestar 3 est officiellement d\u00e9voil\u00e9 - Benoit Charette - Annuel automobile - CanadaMotorJobs.com.","breadcrumb":{"@id":"https:\/\/news.canadamotorjobs.com\/fr\/le-polestar-3-est-officiellement-devoile\/#breadcrumb"},"inLanguage":"fr-CA","potentialAction":[{"@type":"ReadAction","target":["https:\/\/news.canadamotorjobs.com\/fr\/le-polestar-3-est-officiellement-devoile\/"]}]},{"@type":"ImageObject","inLanguage":"fr-CA","@id":"https:\/\/news.canadamotorjobs.com\/fr\/le-polestar-3-est-officiellement-devoile\/#primaryimage","url":"https:\/\/news.canadamotorjobs.com\/wp-content\/uploads\/2022\/10\/660411_20221012_Polestar_3-1.jpg","contentUrl":"https:\/\/news.canadamotorjobs.com\/wp-content\/uploads\/2022\/10\/660411_20221012_Polestar_3-1.jpg","width":1201,"height":1000},{"@type":"BreadcrumbList","@id":"https:\/\/news.canadamotorjobs.com\/fr\/le-polestar-3-est-officiellement-devoile\/#breadcrumb","itemListElement":[{"@type":"ListItem","position":1,"name":"Home","item":"https:\/\/news.canadamotorjobs.com\/fr\/blog\/"},{"@type":"ListItem","position":2,"name":"Le Polestar 3 est officiellement d\u00e9voil\u00e9"}]},{"@type":"WebSite","@id":"https:\/\/news.canadamotorjobs.com\/#website","url":"https:\/\/news.canadamotorjobs.com\/","name":"CanadaMotorJobs.com","description":"Automotive Jobs","publisher":{"@id":"https:\/\/news.canadamotorjobs.com\/#organization"},"potentialAction":[{"@type":"SearchAction","target":{"@type":"EntryPoint","urlTemplate":"https:\/\/news.canadamotorjobs.com\/?s={search_term_string}"},"query-input":"required name=search_term_string"}],"inLanguage":"fr-CA"},{"@type":"Organization","@id":"https:\/\/news.canadamotorjobs.com\/#organization","name":"Canada Motor Jobs","url":"https:\/\/news.canadamotorjobs.com\/","logo":{"@type":"ImageObject","inLanguage":"fr-CA","@id":"https:\/\/news.canadamotorjobs.com\/#\/schema\/logo\/image\/","url":"https:\/\/news.canadamotorjobs.com\/wp-content\/uploads\/2022\/10\/logo-canada-motor-jobs-1.png","contentUrl":"https:\/\/news.canadamotorjobs.com\/wp-content\/uploads\/2022\/10\/logo-canada-motor-jobs-1.png","width":800,"height":400,"caption":"Canada Motor Jobs"},"image":{"@id":"https:\/\/news.canadamotorjobs.com\/#\/schema\/logo\/image\/"},"sameAs":["https:\/\/www.facebook.com\/canadamotorjobs\/","https:\/\/x.com\/canadamotorjobs","https:\/\/www.instagram.com\/canadamotorjobs\/","https:\/\/www.linkedin.com\/company\/canadamotorjobs"]},{"@type":"Person","@id":"https:\/\/news.canadamotorjobs.com\/#\/schema\/person\/51793d1f87d44011d7bcc2ed99269a90","name":"Benoit Charette","image":{"@type":"ImageObject","inLanguage":"fr-CA","@id":"https:\/\/news.canadamotorjobs.com\/#\/schema\/person\/image\/","url":"https:\/\/secure.gravatar.com\/avatar\/45f3d2eebcccd909668d7ce7ea7267b6?s=96&d=mm&r=g","contentUrl":"https:\/\/secure.gravatar.com\/avatar\/45f3d2eebcccd909668d7ce7ea7267b6?s=96&d=mm&r=g","caption":"Benoit Charette"},"description":"Benoit Charette \/ Propri\u00e9taire et r\u00e9dacteur en chef Benoit Charette pratique le journalisme automobile depuis bient\u00f4t 30 ans. Il a fait ses classes au c\u00f4t\u00e9 de Daniel H\u00e9raud et au Carnet de route de 1992 \u00e0 2001. Il est fondateur, copropri\u00e9taire et r\u00e9dacteur en chef de L\u2019Annuel de l\u2019automobile, qu\u2019il publie depuis 2001. Il a anim\u00e9 les \u00e9missions RPM et RPM+ sur V et les L\u00e9gendes de la route sur Historia. \u00c0 la radio depuis 1986, il reprend l\u2019antenne cette ann\u00e9e sur les ondes de Cogeco et participe pour la deuxi\u00e8me ann\u00e9e \u00e0 l\u2019\u00e9mission Passion Auto sur RDS en plus de mettre en ligne le site Web officiel de L\u2019Annuel de l\u2019automobile sur annuelauto.ca.","sameAs":["https:\/\/annuelauto.ca\/"],"url":"https:\/\/news.canadamotorjobs.com\/fr\/author\/benoit-charette\/"}]}},"_links":{"self":[{"href":"https:\/\/news.canadamotorjobs.com\/fr\/wp-json\/wp\/v2\/posts\/126528"}],"collection":[{"href":"https:\/\/news.canadamotorjobs.com\/fr\/wp-json\/wp\/v2\/posts"}],"about":[{"href":"https:\/\/news.canadamotorjobs.com\/fr\/wp-json\/wp\/v2\/types\/post"}],"author":[{"embeddable":true,"href":"https:\/\/news.canadamotorjobs.com\/fr\/wp-json\/wp\/v2\/users\/8"}],"replies":[{"embeddable":true,"href":"https:\/\/news.canadamotorjobs.com\/fr\/wp-json\/wp\/v2\/comments?post=126528"}],"version-history":[{"count":0,"href":"https:\/\/news.canadamotorjobs.com\/fr\/wp-json\/wp\/v2\/posts\/126528\/revisions"}],"wp:featuredmedia":[{"embeddable":true,"href":"https:\/\/news.canadamotorjobs.com\/fr\/wp-json\/wp\/v2\/media\/126532"}],"wp:attachment":[{"href":"https:\/\/news.canadamotorjobs.com\/fr\/wp-json\/wp\/v2\/media?parent=126528"}],"wp:term":[{"taxonomy":"category","embeddable":true,"href":"https:\/\/news.canadamotorjobs.com\/fr\/wp-json\/wp\/v2\/categories?post=126528"},{"taxonomy":"post_tag","embeddable":true,"href":"https:\/\/news.canadamotorjobs.com\/fr\/wp-json\/wp\/v2\/tags?post=126528"}],"curies":[{"name":"wp","href":"https:\/\/api.w.org\/{rel}","templated":true}]}}