{"id":126156,"date":"2022-10-13T07:24:23","date_gmt":"2022-10-13T11:24:23","guid":{"rendered":"https:\/\/blog.canadamotorjobs.com\/une-forte-hausse-de-prix-pour-le-mitsubishi-outlander-phev-2023\/"},"modified":"2022-10-13T07:29:00","modified_gmt":"2022-10-13T11:29:00","slug":"une-forte-hausse-de-prix-pour-le-mitsubishi-outlander-phev-2023","status":"publish","type":"post","link":"https:\/\/news.canadamotorjobs.com\/fr\/une-forte-hausse-de-prix-pour-le-mitsubishi-outlander-phev-2023\/","title":{"rendered":"Une forte hausse de prix pour le Mitsubishi Outlander PHEV 2023"},"content":{"rendered":"<\/p>\n<p>Mitsubishi a d\u00e9voil\u00e9 cette semaine le prix de d\u00e9tail sugg\u00e9r\u00e9 pour le nouvel Outlander \u00e0 moteur hybride branchable. Et il va co\u00fbter plus cher que son pr\u00e9d\u00e9cesseur, peu importe la version choisie. En fait, il y aura plus de versions propos\u00e9es par Mitsubishi Canada et les mod\u00e8les les plus \u00e9quip\u00e9s vont co\u00fbter jusqu\u2019\u00e0 6000$ de plus qu\u2019avant.<br \/> Un mod\u00e8le de base \u00e0 plus de 46 000 $<br \/> Alors, les prix officiels sont les suivants\u00a0: \u00e7a d\u00e9marre \u00e0 46\u00a0538 dollars en version ES \u00e0 quatre roues motrices, puis \u00e7a grimpe \u00e0 un peu plus de 51\u00a0000 dollars, \u00e0 54\u00a0000 dollars et \u00e7a finit avec une version GT tout \u00e9quip\u00e9e \u00e0 57\u00a0248 dollars. \u00c0 titre comparatif, l\u2019Outlander PHEV de base co\u00fbtait 42\u00a0000 dollars et \u00e7a se terminait \u00e0 52\u00a0000 dollars.<br \/> Une subvention de 5 000$<br \/> Il faudra probablement soustraire \u00e0 ce prix-l\u00e0 l\u2019aide gouvernementale \u00e0 l\u2019achat tant au f\u00e9d\u00e9ral qu\u2019au provincial. Sur les sites d\u2019information, elle n\u2019a pas encore \u00e9t\u00e9 chang\u00e9e et elle \u00e9tait auparavant de 5000 $ au total, apr\u00e8s taxes. Est-ce que \u00e7a en fait un v\u00e9hicule attrayant s\u2019il co\u00fbte 41\u00a0000 dollars?<\/p>\n<p> L\u2019Outlander PHEV est un VUS interm\u00e9diaire qui n\u2019est pas particuli\u00e8rement plus r\u00e9volutionnaire qu\u2019avant, on va se le dire : son groupe \u00e9lectrique a quand m\u00eame gagn\u00e9 en importance. Sa pile fait 45% de plus en capacit\u00e9 \u00e0 20 kilowatts-heure et son autonomie \u00e9lectrique grimpe \u00e0 61 kilom\u00e8tres par charge en moyenne, ce qui sur papier est un gain appr\u00e9ciable comparativement \u00e0 la trentaine de kilom\u00e8tres tout \u00e9lectriques<\/p>\n","protected":false},"excerpt":{"rendered":"<p>Mitsubishi a d\u00e9voil\u00e9 cette semaine le prix de d\u00e9tail sugg\u00e9r\u00e9 pour le nouvel Outlander \u00e0 moteur hybride branchable. Et il va co\u00fbter plus cher que son pr\u00e9d\u00e9cesseur, peu importe la version choisie. En fait, il y aura plus de versions propos\u00e9es par Mitsubishi Canada et les mod\u00e8les les plus \u00e9quip\u00e9s vont co\u00fbter jusqu\u2019\u00e0 6000$ de [&hellip;]<\/p>\n","protected":false},"author":8,"featured_media":126160,"comment_status":"close","ping_status":"closed","sticky":false,"template":"","format":"standard","meta":{"_monsterinsights_skip_tracking":false,"_monsterinsights_sitenote_active":false,"_monsterinsights_sitenote_note":"","_monsterinsights_sitenote_category":0,"footnotes":""},"categories":[101],"tags":[],"yoast_head":"<!-- This site is optimized with the Yoast SEO plugin v23.2 - https:\/\/yoast.com\/wordpress\/plugins\/seo\/ -->\n<title>Une forte hausse de prix pour le Mitsubishi Outlander PHEV 2023 - CanadaMotorJobs.com<\/title>\n<meta name=\"description\" content=\"Une forte hausse de prix pour le Mitsubishi Outlander PHEV 2023 - Benoit Charette - Annuel automobile - CanadaMotorJobs.com.\" \/>\n<meta name=\"robots\" content=\"index, follow, max-snippet:-1, max-image-preview:large, max-video-preview:-1\" \/>\n<meta property=\"og:locale\" content=\"fr_CA\" \/>\n<meta property=\"og:type\" content=\"article\" \/>\n<meta property=\"og:title\" content=\"Une forte hausse de prix pour le Mitsubishi Outlander PHEV 2023 - CanadaMotorJobs.com\" \/>\n<meta property=\"og:description\" content=\"Une forte hausse de prix pour le Mitsubishi Outlander PHEV 2023 - Benoit Charette - Annuel automobile - CanadaMotorJobs.com.\" \/>\n<meta property=\"og:url\" content=\"https:\/\/news.canadamotorjobs.com\/fr\/une-forte-hausse-de-prix-pour-le-mitsubishi-outlander-phev-2023\/\" \/>\n<meta property=\"og:site_name\" content=\"CanadaMotorJobs.com\" \/>\n<meta property=\"article:publisher\" content=\"https:\/\/www.facebook.com\/canadamotorjobs\/\" \/>\n<meta property=\"article:published_time\" content=\"2022-10-13T11:24:23+00:00\" \/>\n<meta property=\"article:modified_time\" content=\"2022-10-13T11:29:00+00:00\" \/>\n<meta property=\"og:image\" content=\"https:\/\/news.canadamotorjobs.com\/wp-content\/uploads\/2022\/10\/2023-Mitsubishi-Outlander-PHEV-1.jpeg\" \/>\n\t<meta property=\"og:image:width\" content=\"1200\" \/>\n\t<meta property=\"og:image:height\" content=\"681\" \/>\n\t<meta property=\"og:image:type\" content=\"image\/jpeg\" \/>\n<meta name=\"author\" content=\"Benoit Charette\" \/>\n<meta name=\"twitter:card\" content=\"summary_large_image\" \/>\n<meta name=\"twitter:creator\" content=\"@canadamotorjobs\" \/>\n<meta name=\"twitter:site\" content=\"@canadamotorjobs\" \/>\n<meta name=\"twitter:label1\" content=\"\u00c9crit par\" \/>\n\t<meta name=\"twitter:data1\" content=\"Benoit Charette\" \/>\n\t<meta name=\"twitter:label2\" content=\"Estimation du temps de lecture\" \/>\n\t<meta name=\"twitter:data2\" content=\"1 minute\" \/>\n<!-- \/ Yoast SEO plugin. -->","yoast_head_json":{"title":"Une forte hausse de prix pour le Mitsubishi Outlander PHEV 2023 - CanadaMotorJobs.com","description":"Une forte hausse de prix pour le Mitsubishi Outlander PHEV 2023 - Benoit Charette - Annuel automobile - CanadaMotorJobs.com.","robots":{"index":"index","follow":"follow","max-snippet":"max-snippet:-1","max-image-preview":"max-image-preview:large","max-video-preview":"max-video-preview:-1"},"og_locale":"fr_CA","og_type":"article","og_title":"Une forte hausse de prix pour le Mitsubishi Outlander PHEV 2023 - CanadaMotorJobs.com","og_description":"Une forte hausse de prix pour le Mitsubishi Outlander PHEV 2023 - Benoit Charette - Annuel automobile - CanadaMotorJobs.com.","og_url":"https:\/\/news.canadamotorjobs.com\/fr\/une-forte-hausse-de-prix-pour-le-mitsubishi-outlander-phev-2023\/","og_site_name":"CanadaMotorJobs.com","article_publisher":"https:\/\/www.facebook.com\/canadamotorjobs\/","article_published_time":"2022-10-13T11:24:23+00:00","article_modified_time":"2022-10-13T11:29:00+00:00","og_image":[{"width":1200,"height":681,"url":"https:\/\/news.canadamotorjobs.com\/wp-content\/uploads\/2022\/10\/2023-Mitsubishi-Outlander-PHEV-1.jpeg","type":"image\/jpeg"}],"author":"Benoit Charette","twitter_card":"summary_large_image","twitter_creator":"@canadamotorjobs","twitter_site":"@canadamotorjobs","twitter_misc":{"\u00c9crit par":"Benoit Charette","Estimation du temps de lecture":"1 minute"},"schema":{"@context":"https:\/\/schema.org","@graph":[{"@type":"Article","@id":"https:\/\/news.canadamotorjobs.com\/fr\/une-forte-hausse-de-prix-pour-le-mitsubishi-outlander-phev-2023\/#article","isPartOf":{"@id":"https:\/\/news.canadamotorjobs.com\/fr\/une-forte-hausse-de-prix-pour-le-mitsubishi-outlander-phev-2023\/"},"author":{"name":"Benoit Charette","@id":"https:\/\/news.canadamotorjobs.com\/#\/schema\/person\/51793d1f87d44011d7bcc2ed99269a90"},"headline":"Une forte hausse de prix pour le Mitsubishi Outlander PHEV 2023","datePublished":"2022-10-13T11:24:23+00:00","dateModified":"2022-10-13T11:29:00+00:00","mainEntityOfPage":{"@id":"https:\/\/news.canadamotorjobs.com\/fr\/une-forte-hausse-de-prix-pour-le-mitsubishi-outlander-phev-2023\/"},"wordCount":264,"publisher":{"@id":"https:\/\/news.canadamotorjobs.com\/#organization"},"image":{"@id":"https:\/\/news.canadamotorjobs.com\/fr\/une-forte-hausse-de-prix-pour-le-mitsubishi-outlander-phev-2023\/#primaryimage"},"thumbnailUrl":"https:\/\/news.canadamotorjobs.com\/wp-content\/uploads\/2022\/10\/2023-Mitsubishi-Outlander-PHEV-1.jpeg","articleSection":["Annuel automobile"],"inLanguage":"fr-CA"},{"@type":"WebPage","@id":"https:\/\/news.canadamotorjobs.com\/fr\/une-forte-hausse-de-prix-pour-le-mitsubishi-outlander-phev-2023\/","url":"https:\/\/news.canadamotorjobs.com\/fr\/une-forte-hausse-de-prix-pour-le-mitsubishi-outlander-phev-2023\/","name":"Une forte hausse de prix pour le Mitsubishi Outlander PHEV 2023 - CanadaMotorJobs.com","isPartOf":{"@id":"https:\/\/news.canadamotorjobs.com\/#website"},"primaryImageOfPage":{"@id":"https:\/\/news.canadamotorjobs.com\/fr\/une-forte-hausse-de-prix-pour-le-mitsubishi-outlander-phev-2023\/#primaryimage"},"image":{"@id":"https:\/\/news.canadamotorjobs.com\/fr\/une-forte-hausse-de-prix-pour-le-mitsubishi-outlander-phev-2023\/#primaryimage"},"thumbnailUrl":"https:\/\/news.canadamotorjobs.com\/wp-content\/uploads\/2022\/10\/2023-Mitsubishi-Outlander-PHEV-1.jpeg","datePublished":"2022-10-13T11:24:23+00:00","dateModified":"2022-10-13T11:29:00+00:00","description":"Une forte hausse de prix pour le Mitsubishi Outlander PHEV 2023 - Benoit Charette - Annuel automobile - CanadaMotorJobs.com.","breadcrumb":{"@id":"https:\/\/news.canadamotorjobs.com\/fr\/une-forte-hausse-de-prix-pour-le-mitsubishi-outlander-phev-2023\/#breadcrumb"},"inLanguage":"fr-CA","potentialAction":[{"@type":"ReadAction","target":["https:\/\/news.canadamotorjobs.com\/fr\/une-forte-hausse-de-prix-pour-le-mitsubishi-outlander-phev-2023\/"]}]},{"@type":"ImageObject","inLanguage":"fr-CA","@id":"https:\/\/news.canadamotorjobs.com\/fr\/une-forte-hausse-de-prix-pour-le-mitsubishi-outlander-phev-2023\/#primaryimage","url":"https:\/\/news.canadamotorjobs.com\/wp-content\/uploads\/2022\/10\/2023-Mitsubishi-Outlander-PHEV-1.jpeg","contentUrl":"https:\/\/news.canadamotorjobs.com\/wp-content\/uploads\/2022\/10\/2023-Mitsubishi-Outlander-PHEV-1.jpeg","width":1200,"height":681},{"@type":"BreadcrumbList","@id":"https:\/\/news.canadamotorjobs.com\/fr\/une-forte-hausse-de-prix-pour-le-mitsubishi-outlander-phev-2023\/#breadcrumb","itemListElement":[{"@type":"ListItem","position":1,"name":"Home","item":"https:\/\/news.canadamotorjobs.com\/fr\/blog\/"},{"@type":"ListItem","position":2,"name":"Une forte hausse de prix pour le Mitsubishi Outlander PHEV 2023"}]},{"@type":"WebSite","@id":"https:\/\/news.canadamotorjobs.com\/#website","url":"https:\/\/news.canadamotorjobs.com\/","name":"CanadaMotorJobs.com","description":"Automotive Jobs","publisher":{"@id":"https:\/\/news.canadamotorjobs.com\/#organization"},"potentialAction":[{"@type":"SearchAction","target":{"@type":"EntryPoint","urlTemplate":"https:\/\/news.canadamotorjobs.com\/?s={search_term_string}"},"query-input":"required name=search_term_string"}],"inLanguage":"fr-CA"},{"@type":"Organization","@id":"https:\/\/news.canadamotorjobs.com\/#organization","name":"Canada Motor Jobs","url":"https:\/\/news.canadamotorjobs.com\/","logo":{"@type":"ImageObject","inLanguage":"fr-CA","@id":"https:\/\/news.canadamotorjobs.com\/#\/schema\/logo\/image\/","url":"https:\/\/news.canadamotorjobs.com\/wp-content\/uploads\/2022\/10\/logo-canada-motor-jobs-1.png","contentUrl":"https:\/\/news.canadamotorjobs.com\/wp-content\/uploads\/2022\/10\/logo-canada-motor-jobs-1.png","width":800,"height":400,"caption":"Canada Motor Jobs"},"image":{"@id":"https:\/\/news.canadamotorjobs.com\/#\/schema\/logo\/image\/"},"sameAs":["https:\/\/www.facebook.com\/canadamotorjobs\/","https:\/\/x.com\/canadamotorjobs","https:\/\/www.instagram.com\/canadamotorjobs\/","https:\/\/www.linkedin.com\/company\/canadamotorjobs"]},{"@type":"Person","@id":"https:\/\/news.canadamotorjobs.com\/#\/schema\/person\/51793d1f87d44011d7bcc2ed99269a90","name":"Benoit Charette","image":{"@type":"ImageObject","inLanguage":"fr-CA","@id":"https:\/\/news.canadamotorjobs.com\/#\/schema\/person\/image\/","url":"https:\/\/secure.gravatar.com\/avatar\/45f3d2eebcccd909668d7ce7ea7267b6?s=96&d=mm&r=g","contentUrl":"https:\/\/secure.gravatar.com\/avatar\/45f3d2eebcccd909668d7ce7ea7267b6?s=96&d=mm&r=g","caption":"Benoit Charette"},"description":"Benoit Charette \/ Propri\u00e9taire et r\u00e9dacteur en chef Benoit Charette pratique le journalisme automobile depuis bient\u00f4t 30 ans. Il a fait ses classes au c\u00f4t\u00e9 de Daniel H\u00e9raud et au Carnet de route de 1992 \u00e0 2001. Il est fondateur, copropri\u00e9taire et r\u00e9dacteur en chef de L\u2019Annuel de l\u2019automobile, qu\u2019il publie depuis 2001. Il a anim\u00e9 les \u00e9missions RPM et RPM+ sur V et les L\u00e9gendes de la route sur Historia. \u00c0 la radio depuis 1986, il reprend l\u2019antenne cette ann\u00e9e sur les ondes de Cogeco et participe pour la deuxi\u00e8me ann\u00e9e \u00e0 l\u2019\u00e9mission Passion Auto sur RDS en plus de mettre en ligne le site Web officiel de L\u2019Annuel de l\u2019automobile sur annuelauto.ca.","sameAs":["https:\/\/annuelauto.ca\/"],"url":"https:\/\/news.canadamotorjobs.com\/fr\/author\/benoit-charette\/"}]}},"_links":{"self":[{"href":"https:\/\/news.canadamotorjobs.com\/fr\/wp-json\/wp\/v2\/posts\/126156"}],"collection":[{"href":"https:\/\/news.canadamotorjobs.com\/fr\/wp-json\/wp\/v2\/posts"}],"about":[{"href":"https:\/\/news.canadamotorjobs.com\/fr\/wp-json\/wp\/v2\/types\/post"}],"author":[{"embeddable":true,"href":"https:\/\/news.canadamotorjobs.com\/fr\/wp-json\/wp\/v2\/users\/8"}],"replies":[{"embeddable":true,"href":"https:\/\/news.canadamotorjobs.com\/fr\/wp-json\/wp\/v2\/comments?post=126156"}],"version-history":[{"count":0,"href":"https:\/\/news.canadamotorjobs.com\/fr\/wp-json\/wp\/v2\/posts\/126156\/revisions"}],"wp:featuredmedia":[{"embeddable":true,"href":"https:\/\/news.canadamotorjobs.com\/fr\/wp-json\/wp\/v2\/media\/126160"}],"wp:attachment":[{"href":"https:\/\/news.canadamotorjobs.com\/fr\/wp-json\/wp\/v2\/media?parent=126156"}],"wp:term":[{"taxonomy":"category","embeddable":true,"href":"https:\/\/news.canadamotorjobs.com\/fr\/wp-json\/wp\/v2\/categories?post=126156"},{"taxonomy":"post_tag","embeddable":true,"href":"https:\/\/news.canadamotorjobs.com\/fr\/wp-json\/wp\/v2\/tags?post=126156"}],"curies":[{"name":"wp","href":"https:\/\/api.w.org\/{rel}","templated":true}]}}