{"id":119776,"date":"2022-10-12T08:21:00","date_gmt":"2022-10-12T12:21:00","guid":{"rendered":"https:\/\/blog.canadamotorjobs.com\/jaguar-a-confirme-que-2024-sera-la-derniere-annee-modele-pour-le-coupe-et-le-cabriolet-f-type\/"},"modified":"2022-10-12T11:46:30","modified_gmt":"2022-10-12T15:46:30","slug":"jaguar-a-confirme-que-2024-sera-la-derniere-annee-modele-pour-le-coupe-et-le-cabriolet-f-type","status":"publish","type":"post","link":"https:\/\/news.canadamotorjobs.com\/fr\/jaguar-a-confirme-que-2024-sera-la-derniere-annee-modele-pour-le-coupe-et-le-cabriolet-f-type\/","title":{"rendered":"Jaguar a confirm\u00e9 que 2024 sera la derni\u00e8re ann\u00e9e mod\u00e8le pour le coup\u00e9 et le cabriolet F-type."},"content":{"rendered":"<p>La premi\u00e8re F-type est arriv\u00e9e en 2014 et l\u2019Europe pr\u00e9pare une \u00e9dition 75e anniversaire pour marquer la fin de la route, mais les informations concernant une \u00e9dition sp\u00e9ciale nord-am\u00e9ricaine ne sont pas encore disponibles.<\/p>\n<h3>La derni\u00e8re voiture sport chez Jaguar<\/h3>\n<p>La F-type est arriv\u00e9e pour la premi\u00e8re fois pour l&#8217;ann\u00e9e mod\u00e8le 2014 et n&#8217;\u00e9tait initialement disponible qu&#8217;en version cabriolet. Le coup\u00e9 a \u00e9t\u00e9 mis en vente par la suite, et les deux moteurs V-6 et V-8 suraliment\u00e9s \u00e9taient propos\u00e9s. Un quatre cylindres turbocompress\u00e9 a rejoint la gamme plus tard, ainsi qu&#8217;une transmission manuelle en option pour le V-6, mais plus r\u00e9cemment, la F-type s&#8217;est r\u00e9duite \u00e0 une gamme de groupes motopropulseurs exclusivement compos\u00e9e de V-8 et d&#8217;une transmission automatique. En 2023, le V8 suraliment\u00e9 de 5,0 litres est propos\u00e9 en versions 444 et 575 chevaux. Les prix s&#8217;\u00e9chelonnent de 87 200 $ pour le coup\u00e9 P450 \u00e0 124 000 $ pour la d\u00e9capotable R.<\/p>\n<h3>Une \u00e9dition sp\u00e9ciale pour souligner la fin de ce mod\u00e8le<\/h3>\n<p>Avec des renseignements de Car and Driver<\/p>\n<p>Le texte <a href=\"https:\/\/annuelauto.ca\/jaguar-a-confirme-que-2024-sera-la-derniere-annee-modele-pour-le-coupe-et-le-cabriolet-f-type\/\" rel=\"nofollow\">Jaguar a confirm\u00e9 que 2024 sera la derni\u00e8re ann\u00e9e mod\u00e8le pour le coup\u00e9 et<\/a><\/p>\n","protected":false},"excerpt":{"rendered":"<p>La premi\u00e8re F-type est arriv\u00e9e en 2014 et l\u2019Europe pr\u00e9pare une \u00e9dition 75e anniversaire pour marquer la fin de la route, mais les informations concernant une \u00e9dition sp\u00e9ciale nord-am\u00e9ricaine ne sont pas encore disponibles. La derni\u00e8re voiture sport chez Jaguar La F-type est arriv\u00e9e pour la premi\u00e8re fois pour l&#8217;ann\u00e9e mod\u00e8le 2014 et n&#8217;\u00e9tait initialement [&hellip;]<\/p>\n","protected":false},"author":8,"featured_media":119780,"comment_status":"close","ping_status":"closed","sticky":false,"template":"","format":"standard","meta":{"_monsterinsights_skip_tracking":false,"_monsterinsights_sitenote_active":false,"_monsterinsights_sitenote_note":"","_monsterinsights_sitenote_category":0,"footnotes":""},"categories":[101],"tags":[131],"yoast_head":"<!-- This site is optimized with the Yoast SEO plugin v23.2 - https:\/\/yoast.com\/wordpress\/plugins\/seo\/ -->\n<title>Jaguar a confirm\u00e9 que 2024 sera la derni\u00e8re ann\u00e9e mod\u00e8le pour le coup\u00e9 et le cabriolet F-type. - CanadaMotorJobs.com<\/title>\n<meta name=\"description\" content=\"Jaguar a confirm\u00e9 que 2024 sera la derni\u00e8re ann\u00e9e mod\u00e8le pour le coup\u00e9 et le cabriolet F-type. - Benoit Charette - Annuel automobile - CanadaMotorJobs.com.\" \/>\n<meta name=\"robots\" content=\"index, follow, max-snippet:-1, max-image-preview:large, max-video-preview:-1\" \/>\n<meta property=\"og:locale\" content=\"fr_CA\" \/>\n<meta property=\"og:type\" content=\"article\" \/>\n<meta property=\"og:title\" content=\"Jaguar a confirm\u00e9 que 2024 sera la derni\u00e8re ann\u00e9e mod\u00e8le pour le coup\u00e9 et le cabriolet F-type. - CanadaMotorJobs.com\" \/>\n<meta property=\"og:description\" content=\"Jaguar a confirm\u00e9 que 2024 sera la derni\u00e8re ann\u00e9e mod\u00e8le pour le coup\u00e9 et le cabriolet F-type. - Benoit Charette - Annuel automobile - CanadaMotorJobs.com.\" \/>\n<meta property=\"og:url\" content=\"https:\/\/news.canadamotorjobs.com\/fr\/jaguar-a-confirme-que-2024-sera-la-derniere-annee-modele-pour-le-coupe-et-le-cabriolet-f-type\/\" \/>\n<meta property=\"og:site_name\" content=\"CanadaMotorJobs.com\" \/>\n<meta property=\"article:publisher\" content=\"https:\/\/www.facebook.com\/canadamotorjobs\/\" \/>\n<meta property=\"article:published_time\" content=\"2022-10-12T12:21:00+00:00\" \/>\n<meta property=\"article:modified_time\" content=\"2022-10-12T15:46:30+00:00\" \/>\n<meta property=\"og:image\" content=\"https:\/\/news.canadamotorjobs.com\/wp-content\/uploads\/2022\/10\/Jaguar-F-Type-R-75-front-hero-image-1.jpg\" \/>\n\t<meta property=\"og:image:width\" content=\"1200\" \/>\n\t<meta property=\"og:image:height\" content=\"750\" \/>\n\t<meta property=\"og:image:type\" content=\"image\/jpeg\" \/>\n<meta name=\"author\" content=\"Benoit Charette\" \/>\n<meta name=\"twitter:card\" content=\"summary_large_image\" \/>\n<meta name=\"twitter:creator\" content=\"@canadamotorjobs\" \/>\n<meta name=\"twitter:site\" content=\"@canadamotorjobs\" \/>\n<meta name=\"twitter:label1\" content=\"\u00c9crit par\" \/>\n\t<meta name=\"twitter:data1\" content=\"Benoit Charette\" \/>\n\t<meta name=\"twitter:label2\" content=\"Estimation du temps de lecture\" \/>\n\t<meta name=\"twitter:data2\" content=\"1 minute\" \/>\n<!-- \/ Yoast SEO plugin. -->","yoast_head_json":{"title":"Jaguar a confirm\u00e9 que 2024 sera la derni\u00e8re ann\u00e9e mod\u00e8le pour le coup\u00e9 et le cabriolet F-type. - CanadaMotorJobs.com","description":"Jaguar a confirm\u00e9 que 2024 sera la derni\u00e8re ann\u00e9e mod\u00e8le pour le coup\u00e9 et le cabriolet F-type. - Benoit Charette - Annuel automobile - CanadaMotorJobs.com.","robots":{"index":"index","follow":"follow","max-snippet":"max-snippet:-1","max-image-preview":"max-image-preview:large","max-video-preview":"max-video-preview:-1"},"og_locale":"fr_CA","og_type":"article","og_title":"Jaguar a confirm\u00e9 que 2024 sera la derni\u00e8re ann\u00e9e mod\u00e8le pour le coup\u00e9 et le cabriolet F-type. - CanadaMotorJobs.com","og_description":"Jaguar a confirm\u00e9 que 2024 sera la derni\u00e8re ann\u00e9e mod\u00e8le pour le coup\u00e9 et le cabriolet F-type. - Benoit Charette - Annuel automobile - CanadaMotorJobs.com.","og_url":"https:\/\/news.canadamotorjobs.com\/fr\/jaguar-a-confirme-que-2024-sera-la-derniere-annee-modele-pour-le-coupe-et-le-cabriolet-f-type\/","og_site_name":"CanadaMotorJobs.com","article_publisher":"https:\/\/www.facebook.com\/canadamotorjobs\/","article_published_time":"2022-10-12T12:21:00+00:00","article_modified_time":"2022-10-12T15:46:30+00:00","og_image":[{"width":1200,"height":750,"url":"https:\/\/news.canadamotorjobs.com\/wp-content\/uploads\/2022\/10\/Jaguar-F-Type-R-75-front-hero-image-1.jpg","type":"image\/jpeg"}],"author":"Benoit Charette","twitter_card":"summary_large_image","twitter_creator":"@canadamotorjobs","twitter_site":"@canadamotorjobs","twitter_misc":{"\u00c9crit par":"Benoit Charette","Estimation du temps de lecture":"1 minute"},"schema":{"@context":"https:\/\/schema.org","@graph":[{"@type":"Article","@id":"https:\/\/news.canadamotorjobs.com\/fr\/jaguar-a-confirme-que-2024-sera-la-derniere-annee-modele-pour-le-coupe-et-le-cabriolet-f-type\/#article","isPartOf":{"@id":"https:\/\/news.canadamotorjobs.com\/fr\/jaguar-a-confirme-que-2024-sera-la-derniere-annee-modele-pour-le-coupe-et-le-cabriolet-f-type\/"},"author":{"name":"Benoit Charette","@id":"https:\/\/news.canadamotorjobs.com\/#\/schema\/person\/51793d1f87d44011d7bcc2ed99269a90"},"headline":"Jaguar a confirm\u00e9 que 2024 sera la derni\u00e8re ann\u00e9e mod\u00e8le pour le coup\u00e9 et le cabriolet F-type.","datePublished":"2022-10-12T12:21:00+00:00","dateModified":"2022-10-12T15:46:30+00:00","mainEntityOfPage":{"@id":"https:\/\/news.canadamotorjobs.com\/fr\/jaguar-a-confirme-que-2024-sera-la-derniere-annee-modele-pour-le-coupe-et-le-cabriolet-f-type\/"},"wordCount":220,"publisher":{"@id":"https:\/\/news.canadamotorjobs.com\/#organization"},"image":{"@id":"https:\/\/news.canadamotorjobs.com\/fr\/jaguar-a-confirme-que-2024-sera-la-derniere-annee-modele-pour-le-coupe-et-le-cabriolet-f-type\/#primaryimage"},"thumbnailUrl":"https:\/\/news.canadamotorjobs.com\/wp-content\/uploads\/2022\/10\/Jaguar-F-Type-R-75-front-hero-image-1.jpg","keywords":["Newsletter"],"articleSection":["Annuel automobile"],"inLanguage":"fr-CA"},{"@type":"WebPage","@id":"https:\/\/news.canadamotorjobs.com\/fr\/jaguar-a-confirme-que-2024-sera-la-derniere-annee-modele-pour-le-coupe-et-le-cabriolet-f-type\/","url":"https:\/\/news.canadamotorjobs.com\/fr\/jaguar-a-confirme-que-2024-sera-la-derniere-annee-modele-pour-le-coupe-et-le-cabriolet-f-type\/","name":"Jaguar a confirm\u00e9 que 2024 sera la derni\u00e8re ann\u00e9e mod\u00e8le pour le coup\u00e9 et le cabriolet F-type. - CanadaMotorJobs.com","isPartOf":{"@id":"https:\/\/news.canadamotorjobs.com\/#website"},"primaryImageOfPage":{"@id":"https:\/\/news.canadamotorjobs.com\/fr\/jaguar-a-confirme-que-2024-sera-la-derniere-annee-modele-pour-le-coupe-et-le-cabriolet-f-type\/#primaryimage"},"image":{"@id":"https:\/\/news.canadamotorjobs.com\/fr\/jaguar-a-confirme-que-2024-sera-la-derniere-annee-modele-pour-le-coupe-et-le-cabriolet-f-type\/#primaryimage"},"thumbnailUrl":"https:\/\/news.canadamotorjobs.com\/wp-content\/uploads\/2022\/10\/Jaguar-F-Type-R-75-front-hero-image-1.jpg","datePublished":"2022-10-12T12:21:00+00:00","dateModified":"2022-10-12T15:46:30+00:00","description":"Jaguar a confirm\u00e9 que 2024 sera la derni\u00e8re ann\u00e9e mod\u00e8le pour le coup\u00e9 et le cabriolet F-type. - Benoit Charette - Annuel automobile - CanadaMotorJobs.com.","breadcrumb":{"@id":"https:\/\/news.canadamotorjobs.com\/fr\/jaguar-a-confirme-que-2024-sera-la-derniere-annee-modele-pour-le-coupe-et-le-cabriolet-f-type\/#breadcrumb"},"inLanguage":"fr-CA","potentialAction":[{"@type":"ReadAction","target":["https:\/\/news.canadamotorjobs.com\/fr\/jaguar-a-confirme-que-2024-sera-la-derniere-annee-modele-pour-le-coupe-et-le-cabriolet-f-type\/"]}]},{"@type":"ImageObject","inLanguage":"fr-CA","@id":"https:\/\/news.canadamotorjobs.com\/fr\/jaguar-a-confirme-que-2024-sera-la-derniere-annee-modele-pour-le-coupe-et-le-cabriolet-f-type\/#primaryimage","url":"https:\/\/news.canadamotorjobs.com\/wp-content\/uploads\/2022\/10\/Jaguar-F-Type-R-75-front-hero-image-1.jpg","contentUrl":"https:\/\/news.canadamotorjobs.com\/wp-content\/uploads\/2022\/10\/Jaguar-F-Type-R-75-front-hero-image-1.jpg","width":1200,"height":750},{"@type":"BreadcrumbList","@id":"https:\/\/news.canadamotorjobs.com\/fr\/jaguar-a-confirme-que-2024-sera-la-derniere-annee-modele-pour-le-coupe-et-le-cabriolet-f-type\/#breadcrumb","itemListElement":[{"@type":"ListItem","position":1,"name":"Home","item":"https:\/\/news.canadamotorjobs.com\/fr\/blog\/"},{"@type":"ListItem","position":2,"name":"Jaguar a confirm\u00e9 que 2024 sera la derni\u00e8re ann\u00e9e mod\u00e8le pour le coup\u00e9 et le cabriolet F-type."}]},{"@type":"WebSite","@id":"https:\/\/news.canadamotorjobs.com\/#website","url":"https:\/\/news.canadamotorjobs.com\/","name":"CanadaMotorJobs.com","description":"Automotive Jobs","publisher":{"@id":"https:\/\/news.canadamotorjobs.com\/#organization"},"potentialAction":[{"@type":"SearchAction","target":{"@type":"EntryPoint","urlTemplate":"https:\/\/news.canadamotorjobs.com\/?s={search_term_string}"},"query-input":"required name=search_term_string"}],"inLanguage":"fr-CA"},{"@type":"Organization","@id":"https:\/\/news.canadamotorjobs.com\/#organization","name":"Canada Motor Jobs","url":"https:\/\/news.canadamotorjobs.com\/","logo":{"@type":"ImageObject","inLanguage":"fr-CA","@id":"https:\/\/news.canadamotorjobs.com\/#\/schema\/logo\/image\/","url":"https:\/\/news.canadamotorjobs.com\/wp-content\/uploads\/2022\/10\/logo-canada-motor-jobs-1.png","contentUrl":"https:\/\/news.canadamotorjobs.com\/wp-content\/uploads\/2022\/10\/logo-canada-motor-jobs-1.png","width":800,"height":400,"caption":"Canada Motor Jobs"},"image":{"@id":"https:\/\/news.canadamotorjobs.com\/#\/schema\/logo\/image\/"},"sameAs":["https:\/\/www.facebook.com\/canadamotorjobs\/","https:\/\/x.com\/canadamotorjobs","https:\/\/www.instagram.com\/canadamotorjobs\/","https:\/\/www.linkedin.com\/company\/canadamotorjobs"]},{"@type":"Person","@id":"https:\/\/news.canadamotorjobs.com\/#\/schema\/person\/51793d1f87d44011d7bcc2ed99269a90","name":"Benoit Charette","image":{"@type":"ImageObject","inLanguage":"fr-CA","@id":"https:\/\/news.canadamotorjobs.com\/#\/schema\/person\/image\/","url":"https:\/\/secure.gravatar.com\/avatar\/45f3d2eebcccd909668d7ce7ea7267b6?s=96&d=mm&r=g","contentUrl":"https:\/\/secure.gravatar.com\/avatar\/45f3d2eebcccd909668d7ce7ea7267b6?s=96&d=mm&r=g","caption":"Benoit Charette"},"description":"Benoit Charette \/ Propri\u00e9taire et r\u00e9dacteur en chef Benoit Charette pratique le journalisme automobile depuis bient\u00f4t 30 ans. Il a fait ses classes au c\u00f4t\u00e9 de Daniel H\u00e9raud et au Carnet de route de 1992 \u00e0 2001. Il est fondateur, copropri\u00e9taire et r\u00e9dacteur en chef de L\u2019Annuel de l\u2019automobile, qu\u2019il publie depuis 2001. Il a anim\u00e9 les \u00e9missions RPM et RPM+ sur V et les L\u00e9gendes de la route sur Historia. \u00c0 la radio depuis 1986, il reprend l\u2019antenne cette ann\u00e9e sur les ondes de Cogeco et participe pour la deuxi\u00e8me ann\u00e9e \u00e0 l\u2019\u00e9mission Passion Auto sur RDS en plus de mettre en ligne le site Web officiel de L\u2019Annuel de l\u2019automobile sur annuelauto.ca.","sameAs":["https:\/\/annuelauto.ca\/"],"url":"https:\/\/news.canadamotorjobs.com\/fr\/author\/benoit-charette\/"}]}},"_links":{"self":[{"href":"https:\/\/news.canadamotorjobs.com\/fr\/wp-json\/wp\/v2\/posts\/119776"}],"collection":[{"href":"https:\/\/news.canadamotorjobs.com\/fr\/wp-json\/wp\/v2\/posts"}],"about":[{"href":"https:\/\/news.canadamotorjobs.com\/fr\/wp-json\/wp\/v2\/types\/post"}],"author":[{"embeddable":true,"href":"https:\/\/news.canadamotorjobs.com\/fr\/wp-json\/wp\/v2\/users\/8"}],"replies":[{"embeddable":true,"href":"https:\/\/news.canadamotorjobs.com\/fr\/wp-json\/wp\/v2\/comments?post=119776"}],"version-history":[{"count":0,"href":"https:\/\/news.canadamotorjobs.com\/fr\/wp-json\/wp\/v2\/posts\/119776\/revisions"}],"wp:featuredmedia":[{"embeddable":true,"href":"https:\/\/news.canadamotorjobs.com\/fr\/wp-json\/wp\/v2\/media\/119780"}],"wp:attachment":[{"href":"https:\/\/news.canadamotorjobs.com\/fr\/wp-json\/wp\/v2\/media?parent=119776"}],"wp:term":[{"taxonomy":"category","embeddable":true,"href":"https:\/\/news.canadamotorjobs.com\/fr\/wp-json\/wp\/v2\/categories?post=119776"},{"taxonomy":"post_tag","embeddable":true,"href":"https:\/\/news.canadamotorjobs.com\/fr\/wp-json\/wp\/v2\/tags?post=119776"}],"curies":[{"name":"wp","href":"https:\/\/api.w.org\/{rel}","templated":true}]}}