{"id":115503,"date":"2022-10-11T06:57:37","date_gmt":"2022-10-11T10:57:37","guid":{"rendered":"https:\/\/blog.canadamotorjobs.com\/subaru-outback-2023-premier-contact\/"},"modified":"2022-10-11T06:59:22","modified_gmt":"2022-10-11T10:59:22","slug":"subaru-outback-2023-premier-contact","status":"publish","type":"post","link":"https:\/\/news.canadamotorjobs.com\/fr\/subaru-outback-2023-premier-contact\/","title":{"rendered":"Subaru Outback 2023\u00a0: Premier contact"},"content":{"rendered":"<\/p>\n<p>Huntsville, Ontario \u2013 Lanc\u00e9e en 1995, la familiale sur\u00e9lev\u00e9e la plus connue du globe a d\u00e9montr\u00e9 au fil des ann\u00e9es qu\u2019il n\u2019\u00e9tait pas n\u00e9cessaire d\u2019avoir un look de camion pour r\u00e9pondre aux besoins des jeunes familles. D\u2019ailleurs, d\u2019autres constructeurs ont repris l\u2019id\u00e9e, notamment du c\u00f4t\u00e9 de Volvo et Audi, mais l\u2019Outback est toujours rest\u00e9e au-dessus de la m\u00eal\u00e9e. Et c\u2019est probablement pour cette raison que Subaru a d\u00e9cid\u00e9 de remanier le mod\u00e8le pour 2023. Rendue \u00e0 sa sixi\u00e8me g\u00e9n\u00e9ration, la Subaru Outback n\u2019est plus tout \u00e0 fait une version familiale d\u2019une berline auquel on a greff\u00e9 des \u00e9l\u00e9ments de suspension plus robustes et une protection additionnelle tout autour de la carrosserie. M\u00eame si elle a encore un air de famille avec les Legacy Outback pr\u00e9c\u00e9dentes \u2013 surtout celles en service depuis 2010 \u2013, la plus r\u00e9cente cr\u00e9ation de Subaru lutte surtout dans le segment des multisegments interm\u00e9diaires; on pense notamment aux Ford Edge, Honda Passport et Nissan Murano, tous des v\u00e9hicules bien diff\u00e9rents de la recette Outback.<br \/> <strong>Il y a du nouveau pour la nouvelle ann\u00e9e<\/strong><br \/> Passons tout de suite aux choses s\u00e9rieuses, le mod\u00e8le qui se distingue de la version introduite en 2020 par sa grille de calandre plus imposante \u00e0 l\u2019avant, mais aussi par le design du pare-chocs qui accueille ces fausses trappes de ventilation, Subaru qui consid\u00e8re que ces gros \u00ab\u00a0C\u00a0\u00bb en plastique noir prot\u00e8gent mieux la carrosserie lorsque le v\u00e9hicule s\u2019aventure sur un chemin l\u00e9g\u00e8rement accident\u00e9. D\u2019un point de vue personnel, je dois avouer que la<\/p>\n","protected":false},"excerpt":{"rendered":"<p>Huntsville, Ontario \u2013 Lanc\u00e9e en 1995, la familiale sur\u00e9lev\u00e9e la plus connue du globe a d\u00e9montr\u00e9 au fil des ann\u00e9es qu\u2019il n\u2019\u00e9tait pas n\u00e9cessaire d\u2019avoir un look de camion pour r\u00e9pondre aux besoins des jeunes familles. D\u2019ailleurs, d\u2019autres constructeurs ont repris l\u2019id\u00e9e, notamment du c\u00f4t\u00e9 de Volvo et Audi, mais l\u2019Outback est toujours rest\u00e9e au-dessus [&hellip;]<\/p>\n","protected":false},"author":8,"featured_media":115507,"comment_status":"close","ping_status":"closed","sticky":false,"template":"","format":"standard","meta":{"_monsterinsights_skip_tracking":false,"_monsterinsights_sitenote_active":false,"_monsterinsights_sitenote_note":"","_monsterinsights_sitenote_category":0,"footnotes":""},"categories":[101],"tags":[],"yoast_head":"<!-- This site is optimized with the Yoast SEO plugin v23.2 - https:\/\/yoast.com\/wordpress\/plugins\/seo\/ -->\n<title>Subaru Outback 2023\u00a0: Premier contact - CanadaMotorJobs.com<\/title>\n<meta name=\"description\" content=\"Subaru Outback 2023\u00a0: Premier contact - Benoit Charette - Annuel automobile - CanadaMotorJobs.com.\" \/>\n<meta name=\"robots\" content=\"index, follow, max-snippet:-1, max-image-preview:large, max-video-preview:-1\" \/>\n<meta property=\"og:locale\" content=\"fr_CA\" \/>\n<meta property=\"og:type\" content=\"article\" \/>\n<meta property=\"og:title\" content=\"Subaru Outback 2023\u00a0: Premier contact - CanadaMotorJobs.com\" \/>\n<meta property=\"og:description\" content=\"Subaru Outback 2023\u00a0: Premier contact - Benoit Charette - Annuel automobile - CanadaMotorJobs.com.\" \/>\n<meta property=\"og:url\" content=\"https:\/\/news.canadamotorjobs.com\/fr\/subaru-outback-2023-premier-contact\/\" \/>\n<meta property=\"og:site_name\" content=\"CanadaMotorJobs.com\" \/>\n<meta property=\"article:publisher\" content=\"https:\/\/www.facebook.com\/canadamotorjobs\/\" \/>\n<meta property=\"article:published_time\" content=\"2022-10-11T10:57:37+00:00\" \/>\n<meta property=\"article:modified_time\" content=\"2022-10-11T10:59:22+00:00\" \/>\n<meta property=\"og:image\" content=\"https:\/\/news.canadamotorjobs.com\/wp-content\/uploads\/2022\/10\/Subaru-Outback-2023-2-1.jpg\" \/>\n\t<meta property=\"og:image:width\" content=\"1500\" \/>\n\t<meta property=\"og:image:height\" content=\"994\" \/>\n\t<meta property=\"og:image:type\" content=\"image\/jpeg\" \/>\n<meta name=\"author\" content=\"Benoit Charette\" \/>\n<meta name=\"twitter:card\" content=\"summary_large_image\" \/>\n<meta name=\"twitter:creator\" content=\"@canadamotorjobs\" \/>\n<meta name=\"twitter:site\" content=\"@canadamotorjobs\" \/>\n<meta name=\"twitter:label1\" content=\"\u00c9crit par\" \/>\n\t<meta name=\"twitter:data1\" content=\"Benoit Charette\" \/>\n\t<meta name=\"twitter:label2\" content=\"Estimation du temps de lecture\" \/>\n\t<meta name=\"twitter:data2\" content=\"1 minute\" \/>\n<!-- \/ Yoast SEO plugin. -->","yoast_head_json":{"title":"Subaru Outback 2023\u00a0: Premier contact - CanadaMotorJobs.com","description":"Subaru Outback 2023\u00a0: Premier contact - Benoit Charette - Annuel automobile - CanadaMotorJobs.com.","robots":{"index":"index","follow":"follow","max-snippet":"max-snippet:-1","max-image-preview":"max-image-preview:large","max-video-preview":"max-video-preview:-1"},"og_locale":"fr_CA","og_type":"article","og_title":"Subaru Outback 2023\u00a0: Premier contact - CanadaMotorJobs.com","og_description":"Subaru Outback 2023\u00a0: Premier contact - Benoit Charette - Annuel automobile - CanadaMotorJobs.com.","og_url":"https:\/\/news.canadamotorjobs.com\/fr\/subaru-outback-2023-premier-contact\/","og_site_name":"CanadaMotorJobs.com","article_publisher":"https:\/\/www.facebook.com\/canadamotorjobs\/","article_published_time":"2022-10-11T10:57:37+00:00","article_modified_time":"2022-10-11T10:59:22+00:00","og_image":[{"width":1500,"height":994,"url":"https:\/\/news.canadamotorjobs.com\/wp-content\/uploads\/2022\/10\/Subaru-Outback-2023-2-1.jpg","type":"image\/jpeg"}],"author":"Benoit Charette","twitter_card":"summary_large_image","twitter_creator":"@canadamotorjobs","twitter_site":"@canadamotorjobs","twitter_misc":{"\u00c9crit par":"Benoit Charette","Estimation du temps de lecture":"1 minute"},"schema":{"@context":"https:\/\/schema.org","@graph":[{"@type":"Article","@id":"https:\/\/news.canadamotorjobs.com\/fr\/subaru-outback-2023-premier-contact\/#article","isPartOf":{"@id":"https:\/\/news.canadamotorjobs.com\/fr\/subaru-outback-2023-premier-contact\/"},"author":{"name":"Benoit Charette","@id":"https:\/\/news.canadamotorjobs.com\/#\/schema\/person\/51793d1f87d44011d7bcc2ed99269a90"},"headline":"Subaru Outback 2023\u00a0: Premier contact","datePublished":"2022-10-11T10:57:37+00:00","dateModified":"2022-10-11T10:59:22+00:00","mainEntityOfPage":{"@id":"https:\/\/news.canadamotorjobs.com\/fr\/subaru-outback-2023-premier-contact\/"},"wordCount":291,"publisher":{"@id":"https:\/\/news.canadamotorjobs.com\/#organization"},"image":{"@id":"https:\/\/news.canadamotorjobs.com\/fr\/subaru-outback-2023-premier-contact\/#primaryimage"},"thumbnailUrl":"https:\/\/news.canadamotorjobs.com\/wp-content\/uploads\/2022\/10\/Subaru-Outback-2023-2-1.jpg","articleSection":["Annuel automobile"],"inLanguage":"fr-CA"},{"@type":"WebPage","@id":"https:\/\/news.canadamotorjobs.com\/fr\/subaru-outback-2023-premier-contact\/","url":"https:\/\/news.canadamotorjobs.com\/fr\/subaru-outback-2023-premier-contact\/","name":"Subaru Outback 2023\u00a0: Premier contact - CanadaMotorJobs.com","isPartOf":{"@id":"https:\/\/news.canadamotorjobs.com\/#website"},"primaryImageOfPage":{"@id":"https:\/\/news.canadamotorjobs.com\/fr\/subaru-outback-2023-premier-contact\/#primaryimage"},"image":{"@id":"https:\/\/news.canadamotorjobs.com\/fr\/subaru-outback-2023-premier-contact\/#primaryimage"},"thumbnailUrl":"https:\/\/news.canadamotorjobs.com\/wp-content\/uploads\/2022\/10\/Subaru-Outback-2023-2-1.jpg","datePublished":"2022-10-11T10:57:37+00:00","dateModified":"2022-10-11T10:59:22+00:00","description":"Subaru Outback 2023\u00a0: Premier contact - Benoit Charette - Annuel automobile - CanadaMotorJobs.com.","breadcrumb":{"@id":"https:\/\/news.canadamotorjobs.com\/fr\/subaru-outback-2023-premier-contact\/#breadcrumb"},"inLanguage":"fr-CA","potentialAction":[{"@type":"ReadAction","target":["https:\/\/news.canadamotorjobs.com\/fr\/subaru-outback-2023-premier-contact\/"]}]},{"@type":"ImageObject","inLanguage":"fr-CA","@id":"https:\/\/news.canadamotorjobs.com\/fr\/subaru-outback-2023-premier-contact\/#primaryimage","url":"https:\/\/news.canadamotorjobs.com\/wp-content\/uploads\/2022\/10\/Subaru-Outback-2023-2-1.jpg","contentUrl":"https:\/\/news.canadamotorjobs.com\/wp-content\/uploads\/2022\/10\/Subaru-Outback-2023-2-1.jpg","width":1500,"height":994},{"@type":"BreadcrumbList","@id":"https:\/\/news.canadamotorjobs.com\/fr\/subaru-outback-2023-premier-contact\/#breadcrumb","itemListElement":[{"@type":"ListItem","position":1,"name":"Home","item":"https:\/\/news.canadamotorjobs.com\/fr\/blog\/"},{"@type":"ListItem","position":2,"name":"Subaru Outback 2023\u00a0: Premier contact"}]},{"@type":"WebSite","@id":"https:\/\/news.canadamotorjobs.com\/#website","url":"https:\/\/news.canadamotorjobs.com\/","name":"CanadaMotorJobs.com","description":"Automotive Jobs","publisher":{"@id":"https:\/\/news.canadamotorjobs.com\/#organization"},"potentialAction":[{"@type":"SearchAction","target":{"@type":"EntryPoint","urlTemplate":"https:\/\/news.canadamotorjobs.com\/?s={search_term_string}"},"query-input":"required name=search_term_string"}],"inLanguage":"fr-CA"},{"@type":"Organization","@id":"https:\/\/news.canadamotorjobs.com\/#organization","name":"Canada Motor Jobs","url":"https:\/\/news.canadamotorjobs.com\/","logo":{"@type":"ImageObject","inLanguage":"fr-CA","@id":"https:\/\/news.canadamotorjobs.com\/#\/schema\/logo\/image\/","url":"https:\/\/news.canadamotorjobs.com\/wp-content\/uploads\/2022\/10\/logo-canada-motor-jobs-1.png","contentUrl":"https:\/\/news.canadamotorjobs.com\/wp-content\/uploads\/2022\/10\/logo-canada-motor-jobs-1.png","width":800,"height":400,"caption":"Canada Motor Jobs"},"image":{"@id":"https:\/\/news.canadamotorjobs.com\/#\/schema\/logo\/image\/"},"sameAs":["https:\/\/www.facebook.com\/canadamotorjobs\/","https:\/\/x.com\/canadamotorjobs","https:\/\/www.instagram.com\/canadamotorjobs\/","https:\/\/www.linkedin.com\/company\/canadamotorjobs"]},{"@type":"Person","@id":"https:\/\/news.canadamotorjobs.com\/#\/schema\/person\/51793d1f87d44011d7bcc2ed99269a90","name":"Benoit Charette","image":{"@type":"ImageObject","inLanguage":"fr-CA","@id":"https:\/\/news.canadamotorjobs.com\/#\/schema\/person\/image\/","url":"https:\/\/secure.gravatar.com\/avatar\/45f3d2eebcccd909668d7ce7ea7267b6?s=96&d=mm&r=g","contentUrl":"https:\/\/secure.gravatar.com\/avatar\/45f3d2eebcccd909668d7ce7ea7267b6?s=96&d=mm&r=g","caption":"Benoit Charette"},"description":"Benoit Charette \/ Propri\u00e9taire et r\u00e9dacteur en chef Benoit Charette pratique le journalisme automobile depuis bient\u00f4t 30 ans. Il a fait ses classes au c\u00f4t\u00e9 de Daniel H\u00e9raud et au Carnet de route de 1992 \u00e0 2001. Il est fondateur, copropri\u00e9taire et r\u00e9dacteur en chef de L\u2019Annuel de l\u2019automobile, qu\u2019il publie depuis 2001. Il a anim\u00e9 les \u00e9missions RPM et RPM+ sur V et les L\u00e9gendes de la route sur Historia. \u00c0 la radio depuis 1986, il reprend l\u2019antenne cette ann\u00e9e sur les ondes de Cogeco et participe pour la deuxi\u00e8me ann\u00e9e \u00e0 l\u2019\u00e9mission Passion Auto sur RDS en plus de mettre en ligne le site Web officiel de L\u2019Annuel de l\u2019automobile sur annuelauto.ca.","sameAs":["https:\/\/annuelauto.ca\/"],"url":"https:\/\/news.canadamotorjobs.com\/fr\/author\/benoit-charette\/"}]}},"_links":{"self":[{"href":"https:\/\/news.canadamotorjobs.com\/fr\/wp-json\/wp\/v2\/posts\/115503"}],"collection":[{"href":"https:\/\/news.canadamotorjobs.com\/fr\/wp-json\/wp\/v2\/posts"}],"about":[{"href":"https:\/\/news.canadamotorjobs.com\/fr\/wp-json\/wp\/v2\/types\/post"}],"author":[{"embeddable":true,"href":"https:\/\/news.canadamotorjobs.com\/fr\/wp-json\/wp\/v2\/users\/8"}],"replies":[{"embeddable":true,"href":"https:\/\/news.canadamotorjobs.com\/fr\/wp-json\/wp\/v2\/comments?post=115503"}],"version-history":[{"count":0,"href":"https:\/\/news.canadamotorjobs.com\/fr\/wp-json\/wp\/v2\/posts\/115503\/revisions"}],"wp:featuredmedia":[{"embeddable":true,"href":"https:\/\/news.canadamotorjobs.com\/fr\/wp-json\/wp\/v2\/media\/115507"}],"wp:attachment":[{"href":"https:\/\/news.canadamotorjobs.com\/fr\/wp-json\/wp\/v2\/media?parent=115503"}],"wp:term":[{"taxonomy":"category","embeddable":true,"href":"https:\/\/news.canadamotorjobs.com\/fr\/wp-json\/wp\/v2\/categories?post=115503"},{"taxonomy":"post_tag","embeddable":true,"href":"https:\/\/news.canadamotorjobs.com\/fr\/wp-json\/wp\/v2\/tags?post=115503"}],"curies":[{"name":"wp","href":"https:\/\/api.w.org\/{rel}","templated":true}]}}