{"id":115251,"date":"2022-10-10T15:16:45","date_gmt":"2022-10-10T19:16:45","guid":{"rendered":"https:\/\/blog.canadamotorjobs.com\/en-attendant-la-spectre-2023-electrique-rolls-royce-devoile-ses-ancetres\/"},"modified":"2022-10-10T15:43:55","modified_gmt":"2022-10-10T19:43:55","slug":"en-attendant-la-spectre-2023-electrique-rolls-royce-devoile-ses-ancetres","status":"publish","type":"post","link":"https:\/\/news.canadamotorjobs.com\/fr\/en-attendant-la-spectre-2023-electrique-rolls-royce-devoile-ses-ancetres\/","title":{"rendered":"En attendant la Spectre 2023 \u00e9lectrique, Rolls-Royce d\u00e9voile ses anc\u00eatres"},"content":{"rendered":"<\/p>\n<p>Rolls-Royce lancera un v\u00e9hicule \u00e0 motorisation \u00e9lectrique l\u2019an prochain. Afin de distinguer cette nouveaut\u00e9, on lui a donn\u00e9 un nom jamais utilis\u00e9 jusqu\u2019ici\u00a0: <a href=\"https:\/\/annuelauto.ca\/rolls-royce-spectre-la-premier-rolls-electrique\/\" target=\"_blank\" rel=\"noopener noreferrer\">Spectre<\/a>. Du moins, jamais pour un v\u00e9hicule de s\u00e9rie. Durant les 118\u00a0ans d\u2019existence de cette marque britannique, il a servi \u00e0 deux occasions pour des usages tr\u00e8s sp\u00e9ciaux.<br \/> <strong>Premi\u00e8re Spectre\u00a0: une \u00e9mule de la Silver Ghost<\/strong><br \/> Selon les registres de <a href=\"https:\/\/annuelauto.ca\/une-rolls-royce-silver-shadow-pick-up-1967-pour-aller-aux-courses\/\" target=\"_blank\" rel=\"noopener noreferrer\">Rolls-Royce<\/a>, c\u2019est en ao\u00fbt 1910 que l\u2019appellation Spectre a d\u00e9sign\u00e9 pour la premi\u00e8re fois une voiture de la marque. Claude Johnson, alors directeur g\u00e9n\u00e9ral de l\u2019entreprise, avait baptis\u00e9 du nom de \u00ab\u00a0The Silver Spectre\u00a0\u00bb la voiture construite avec le ch\u00e2ssis #1601, qui \u00e9tait destin\u00e9e \u00e0 des essais ou des d\u00e9monstrations.<\/p>\n<p> Ce n\u2019\u00e9tait pas sa premi\u00e8re initiative du genre. Depuis la cr\u00e9ation de la Rolls-Royce Limited, en mars 1906, Johnson avait r\u00e9guli\u00e8rement attribu\u00e9 des noms particuliers \u00e0 certaines voitures, parfois pour plaire aux acheteurs. La plus c\u00e9l\u00e8bre de toutes reste la voiture nomm\u00e9e \u00ab\u00a0The Silver Ghost\u00a0\u00bb. Cette Rolls-Royce 40\/50\u00a0ch pr\u00e9sent\u00e9e au salon de l&#8217;automobile de Londres en 1907 avait une peinture argent\u00e9e unique. La presse ne tarit pas d\u2019\u00e9loges \u00e0 son \u00e9gard, tant et si bien que le constructeur d\u00e9cida par la suite de renommer son mod\u00e8le 40\/50\u00a0ch du nom Silver\u00a0Ghost\u00a0!<\/p>\n<p> La voiture au ch\u00e2ssis #1601 \u00e9tait aussi une 40\/50 hp. Selon les historiens de la marque, en 1915, elle est vendue au <em>War Office<\/em> britannique. Puis, on la retrouve dans les registres d\u2019une entreprise d\u2019ing\u00e9nierie automobile de Sheffield, en 1933. Les historiens savent aussi qu\u2019au<\/p>\n","protected":false},"excerpt":{"rendered":"<p>Rolls-Royce lancera un v\u00e9hicule \u00e0 motorisation \u00e9lectrique l\u2019an prochain. Afin de distinguer cette nouveaut\u00e9, on lui a donn\u00e9 un nom jamais utilis\u00e9 jusqu\u2019ici\u00a0: Spectre. Du moins, jamais pour un v\u00e9hicule de s\u00e9rie. Durant les 118\u00a0ans d\u2019existence de cette marque britannique, il a servi \u00e0 deux occasions pour des usages tr\u00e8s sp\u00e9ciaux. Premi\u00e8re Spectre\u00a0: une \u00e9mule [&hellip;]<\/p>\n","protected":false},"author":8,"featured_media":115255,"comment_status":"close","ping_status":"closed","sticky":false,"template":"","format":"standard","meta":{"_monsterinsights_skip_tracking":false,"_monsterinsights_sitenote_active":false,"_monsterinsights_sitenote_note":"","_monsterinsights_sitenote_category":0,"footnotes":""},"categories":[101],"tags":[],"yoast_head":"<!-- This site is optimized with the Yoast SEO plugin v23.2 - https:\/\/yoast.com\/wordpress\/plugins\/seo\/ -->\n<title>En attendant la Spectre 2023 \u00e9lectrique, Rolls-Royce d\u00e9voile ses anc\u00eatres - CanadaMotorJobs.com<\/title>\n<meta name=\"description\" content=\"En attendant la Spectre 2023 \u00e9lectrique, Rolls-Royce d\u00e9voile ses anc\u00eatres - Benoit Charette - Annuel automobile - CanadaMotorJobs.com.\" \/>\n<meta name=\"robots\" content=\"index, follow, max-snippet:-1, max-image-preview:large, max-video-preview:-1\" \/>\n<meta property=\"og:locale\" content=\"fr_CA\" \/>\n<meta property=\"og:type\" content=\"article\" \/>\n<meta property=\"og:title\" content=\"En attendant la Spectre 2023 \u00e9lectrique, Rolls-Royce d\u00e9voile ses anc\u00eatres - CanadaMotorJobs.com\" \/>\n<meta property=\"og:description\" content=\"En attendant la Spectre 2023 \u00e9lectrique, Rolls-Royce d\u00e9voile ses anc\u00eatres - Benoit Charette - Annuel automobile - CanadaMotorJobs.com.\" \/>\n<meta property=\"og:url\" content=\"https:\/\/news.canadamotorjobs.com\/fr\/en-attendant-la-spectre-2023-electrique-rolls-royce-devoile-ses-ancetres\/\" \/>\n<meta property=\"og:site_name\" content=\"CanadaMotorJobs.com\" \/>\n<meta property=\"article:publisher\" content=\"https:\/\/www.facebook.com\/canadamotorjobs\/\" \/>\n<meta property=\"article:published_time\" content=\"2022-10-10T19:16:45+00:00\" \/>\n<meta property=\"article:modified_time\" content=\"2022-10-10T19:43:55+00:00\" \/>\n<meta property=\"og:image\" content=\"https:\/\/news.canadamotorjobs.com\/wp-content\/uploads\/2022\/10\/Rolls-Royce-Silver-30EX-Spectre-1934-1-1.jpg\" \/>\n\t<meta property=\"og:image:width\" content=\"1500\" \/>\n\t<meta property=\"og:image:height\" content=\"1000\" \/>\n\t<meta property=\"og:image:type\" content=\"image\/jpeg\" \/>\n<meta name=\"author\" content=\"Benoit Charette\" \/>\n<meta name=\"twitter:card\" content=\"summary_large_image\" \/>\n<meta name=\"twitter:creator\" content=\"@canadamotorjobs\" \/>\n<meta name=\"twitter:site\" content=\"@canadamotorjobs\" \/>\n<meta name=\"twitter:label1\" content=\"\u00c9crit par\" \/>\n\t<meta name=\"twitter:data1\" content=\"Benoit Charette\" \/>\n\t<meta name=\"twitter:label2\" content=\"Estimation du temps de lecture\" \/>\n\t<meta name=\"twitter:data2\" content=\"1 minute\" \/>\n<!-- \/ Yoast SEO plugin. -->","yoast_head_json":{"title":"En attendant la Spectre 2023 \u00e9lectrique, Rolls-Royce d\u00e9voile ses anc\u00eatres - CanadaMotorJobs.com","description":"En attendant la Spectre 2023 \u00e9lectrique, Rolls-Royce d\u00e9voile ses anc\u00eatres - Benoit Charette - Annuel automobile - CanadaMotorJobs.com.","robots":{"index":"index","follow":"follow","max-snippet":"max-snippet:-1","max-image-preview":"max-image-preview:large","max-video-preview":"max-video-preview:-1"},"og_locale":"fr_CA","og_type":"article","og_title":"En attendant la Spectre 2023 \u00e9lectrique, Rolls-Royce d\u00e9voile ses anc\u00eatres - CanadaMotorJobs.com","og_description":"En attendant la Spectre 2023 \u00e9lectrique, Rolls-Royce d\u00e9voile ses anc\u00eatres - Benoit Charette - Annuel automobile - CanadaMotorJobs.com.","og_url":"https:\/\/news.canadamotorjobs.com\/fr\/en-attendant-la-spectre-2023-electrique-rolls-royce-devoile-ses-ancetres\/","og_site_name":"CanadaMotorJobs.com","article_publisher":"https:\/\/www.facebook.com\/canadamotorjobs\/","article_published_time":"2022-10-10T19:16:45+00:00","article_modified_time":"2022-10-10T19:43:55+00:00","og_image":[{"width":1500,"height":1000,"url":"https:\/\/news.canadamotorjobs.com\/wp-content\/uploads\/2022\/10\/Rolls-Royce-Silver-30EX-Spectre-1934-1-1.jpg","type":"image\/jpeg"}],"author":"Benoit Charette","twitter_card":"summary_large_image","twitter_creator":"@canadamotorjobs","twitter_site":"@canadamotorjobs","twitter_misc":{"\u00c9crit par":"Benoit Charette","Estimation du temps de lecture":"1 minute"},"schema":{"@context":"https:\/\/schema.org","@graph":[{"@type":"Article","@id":"https:\/\/news.canadamotorjobs.com\/fr\/en-attendant-la-spectre-2023-electrique-rolls-royce-devoile-ses-ancetres\/#article","isPartOf":{"@id":"https:\/\/news.canadamotorjobs.com\/fr\/en-attendant-la-spectre-2023-electrique-rolls-royce-devoile-ses-ancetres\/"},"author":{"name":"Benoit Charette","@id":"https:\/\/news.canadamotorjobs.com\/#\/schema\/person\/51793d1f87d44011d7bcc2ed99269a90"},"headline":"En attendant la Spectre 2023 \u00e9lectrique, Rolls-Royce d\u00e9voile ses anc\u00eatres","datePublished":"2022-10-10T19:16:45+00:00","dateModified":"2022-10-10T19:43:55+00:00","mainEntityOfPage":{"@id":"https:\/\/news.canadamotorjobs.com\/fr\/en-attendant-la-spectre-2023-electrique-rolls-royce-devoile-ses-ancetres\/"},"wordCount":287,"publisher":{"@id":"https:\/\/news.canadamotorjobs.com\/#organization"},"image":{"@id":"https:\/\/news.canadamotorjobs.com\/fr\/en-attendant-la-spectre-2023-electrique-rolls-royce-devoile-ses-ancetres\/#primaryimage"},"thumbnailUrl":"https:\/\/news.canadamotorjobs.com\/wp-content\/uploads\/2022\/10\/Rolls-Royce-Silver-30EX-Spectre-1934-1-1.jpg","articleSection":["Annuel automobile"],"inLanguage":"fr-CA"},{"@type":"WebPage","@id":"https:\/\/news.canadamotorjobs.com\/fr\/en-attendant-la-spectre-2023-electrique-rolls-royce-devoile-ses-ancetres\/","url":"https:\/\/news.canadamotorjobs.com\/fr\/en-attendant-la-spectre-2023-electrique-rolls-royce-devoile-ses-ancetres\/","name":"En attendant la Spectre 2023 \u00e9lectrique, Rolls-Royce d\u00e9voile ses anc\u00eatres - CanadaMotorJobs.com","isPartOf":{"@id":"https:\/\/news.canadamotorjobs.com\/#website"},"primaryImageOfPage":{"@id":"https:\/\/news.canadamotorjobs.com\/fr\/en-attendant-la-spectre-2023-electrique-rolls-royce-devoile-ses-ancetres\/#primaryimage"},"image":{"@id":"https:\/\/news.canadamotorjobs.com\/fr\/en-attendant-la-spectre-2023-electrique-rolls-royce-devoile-ses-ancetres\/#primaryimage"},"thumbnailUrl":"https:\/\/news.canadamotorjobs.com\/wp-content\/uploads\/2022\/10\/Rolls-Royce-Silver-30EX-Spectre-1934-1-1.jpg","datePublished":"2022-10-10T19:16:45+00:00","dateModified":"2022-10-10T19:43:55+00:00","description":"En attendant la Spectre 2023 \u00e9lectrique, Rolls-Royce d\u00e9voile ses anc\u00eatres - Benoit Charette - Annuel automobile - CanadaMotorJobs.com.","breadcrumb":{"@id":"https:\/\/news.canadamotorjobs.com\/fr\/en-attendant-la-spectre-2023-electrique-rolls-royce-devoile-ses-ancetres\/#breadcrumb"},"inLanguage":"fr-CA","potentialAction":[{"@type":"ReadAction","target":["https:\/\/news.canadamotorjobs.com\/fr\/en-attendant-la-spectre-2023-electrique-rolls-royce-devoile-ses-ancetres\/"]}]},{"@type":"ImageObject","inLanguage":"fr-CA","@id":"https:\/\/news.canadamotorjobs.com\/fr\/en-attendant-la-spectre-2023-electrique-rolls-royce-devoile-ses-ancetres\/#primaryimage","url":"https:\/\/news.canadamotorjobs.com\/wp-content\/uploads\/2022\/10\/Rolls-Royce-Silver-30EX-Spectre-1934-1-1.jpg","contentUrl":"https:\/\/news.canadamotorjobs.com\/wp-content\/uploads\/2022\/10\/Rolls-Royce-Silver-30EX-Spectre-1934-1-1.jpg","width":1500,"height":1000},{"@type":"BreadcrumbList","@id":"https:\/\/news.canadamotorjobs.com\/fr\/en-attendant-la-spectre-2023-electrique-rolls-royce-devoile-ses-ancetres\/#breadcrumb","itemListElement":[{"@type":"ListItem","position":1,"name":"Home","item":"https:\/\/news.canadamotorjobs.com\/fr\/blog\/"},{"@type":"ListItem","position":2,"name":"En attendant la Spectre 2023 \u00e9lectrique, Rolls-Royce d\u00e9voile ses anc\u00eatres"}]},{"@type":"WebSite","@id":"https:\/\/news.canadamotorjobs.com\/#website","url":"https:\/\/news.canadamotorjobs.com\/","name":"CanadaMotorJobs.com","description":"Automotive Jobs","publisher":{"@id":"https:\/\/news.canadamotorjobs.com\/#organization"},"potentialAction":[{"@type":"SearchAction","target":{"@type":"EntryPoint","urlTemplate":"https:\/\/news.canadamotorjobs.com\/?s={search_term_string}"},"query-input":"required name=search_term_string"}],"inLanguage":"fr-CA"},{"@type":"Organization","@id":"https:\/\/news.canadamotorjobs.com\/#organization","name":"Canada Motor Jobs","url":"https:\/\/news.canadamotorjobs.com\/","logo":{"@type":"ImageObject","inLanguage":"fr-CA","@id":"https:\/\/news.canadamotorjobs.com\/#\/schema\/logo\/image\/","url":"https:\/\/news.canadamotorjobs.com\/wp-content\/uploads\/2022\/10\/logo-canada-motor-jobs-1.png","contentUrl":"https:\/\/news.canadamotorjobs.com\/wp-content\/uploads\/2022\/10\/logo-canada-motor-jobs-1.png","width":800,"height":400,"caption":"Canada Motor Jobs"},"image":{"@id":"https:\/\/news.canadamotorjobs.com\/#\/schema\/logo\/image\/"},"sameAs":["https:\/\/www.facebook.com\/canadamotorjobs\/","https:\/\/x.com\/canadamotorjobs","https:\/\/www.instagram.com\/canadamotorjobs\/","https:\/\/www.linkedin.com\/company\/canadamotorjobs"]},{"@type":"Person","@id":"https:\/\/news.canadamotorjobs.com\/#\/schema\/person\/51793d1f87d44011d7bcc2ed99269a90","name":"Benoit Charette","image":{"@type":"ImageObject","inLanguage":"fr-CA","@id":"https:\/\/news.canadamotorjobs.com\/#\/schema\/person\/image\/","url":"https:\/\/secure.gravatar.com\/avatar\/45f3d2eebcccd909668d7ce7ea7267b6?s=96&d=mm&r=g","contentUrl":"https:\/\/secure.gravatar.com\/avatar\/45f3d2eebcccd909668d7ce7ea7267b6?s=96&d=mm&r=g","caption":"Benoit Charette"},"description":"Benoit Charette \/ Propri\u00e9taire et r\u00e9dacteur en chef Benoit Charette pratique le journalisme automobile depuis bient\u00f4t 30 ans. Il a fait ses classes au c\u00f4t\u00e9 de Daniel H\u00e9raud et au Carnet de route de 1992 \u00e0 2001. Il est fondateur, copropri\u00e9taire et r\u00e9dacteur en chef de L\u2019Annuel de l\u2019automobile, qu\u2019il publie depuis 2001. Il a anim\u00e9 les \u00e9missions RPM et RPM+ sur V et les L\u00e9gendes de la route sur Historia. \u00c0 la radio depuis 1986, il reprend l\u2019antenne cette ann\u00e9e sur les ondes de Cogeco et participe pour la deuxi\u00e8me ann\u00e9e \u00e0 l\u2019\u00e9mission Passion Auto sur RDS en plus de mettre en ligne le site Web officiel de L\u2019Annuel de l\u2019automobile sur annuelauto.ca.","sameAs":["https:\/\/annuelauto.ca\/"],"url":"https:\/\/news.canadamotorjobs.com\/fr\/author\/benoit-charette\/"}]}},"_links":{"self":[{"href":"https:\/\/news.canadamotorjobs.com\/fr\/wp-json\/wp\/v2\/posts\/115251"}],"collection":[{"href":"https:\/\/news.canadamotorjobs.com\/fr\/wp-json\/wp\/v2\/posts"}],"about":[{"href":"https:\/\/news.canadamotorjobs.com\/fr\/wp-json\/wp\/v2\/types\/post"}],"author":[{"embeddable":true,"href":"https:\/\/news.canadamotorjobs.com\/fr\/wp-json\/wp\/v2\/users\/8"}],"replies":[{"embeddable":true,"href":"https:\/\/news.canadamotorjobs.com\/fr\/wp-json\/wp\/v2\/comments?post=115251"}],"version-history":[{"count":0,"href":"https:\/\/news.canadamotorjobs.com\/fr\/wp-json\/wp\/v2\/posts\/115251\/revisions"}],"wp:featuredmedia":[{"embeddable":true,"href":"https:\/\/news.canadamotorjobs.com\/fr\/wp-json\/wp\/v2\/media\/115255"}],"wp:attachment":[{"href":"https:\/\/news.canadamotorjobs.com\/fr\/wp-json\/wp\/v2\/media?parent=115251"}],"wp:term":[{"taxonomy":"category","embeddable":true,"href":"https:\/\/news.canadamotorjobs.com\/fr\/wp-json\/wp\/v2\/categories?post=115251"},{"taxonomy":"post_tag","embeddable":true,"href":"https:\/\/news.canadamotorjobs.com\/fr\/wp-json\/wp\/v2\/tags?post=115251"}],"curies":[{"name":"wp","href":"https:\/\/api.w.org\/{rel}","templated":true}]}}