{"id":115103,"date":"2022-10-10T11:50:57","date_gmt":"2022-10-10T15:50:57","guid":{"rendered":"https:\/\/blog.canadamotorjobs.com\/un-probleme-de-direction-force-le-rappel-de-13-000-rivian\/"},"modified":"2022-10-10T12:00:30","modified_gmt":"2022-10-10T16:00:30","slug":"un-probleme-de-direction-force-le-rappel-de-13-000-rivian","status":"publish","type":"post","link":"https:\/\/news.canadamotorjobs.com\/fr\/un-probleme-de-direction-force-le-rappel-de-13-000-rivian\/","title":{"rendered":"Un probl\u00e8me de direction force le rappel de 13\u00a0000 Rivian"},"content":{"rendered":"<\/p>\n<p>Les rappels co\u00fbtent chers aux compagnies automobiles et cela est encore plus difficile pour une jeune compagnie comme Rivian qui peine encore \u00e0 joindre les deux bouts. Rivian a rappel\u00e9 13\u00a0000 de ses v\u00e9hicules vendredi dernier apr\u00e8s qu&#8217;une erreur de fabrication structurelle a \u00e9t\u00e9 d\u00e9couverte dans sept voitures. Il se peut que la fixation de la rotule de direction avant &#8220;n&#8217;ait pas \u00e9t\u00e9 suffisamment serr\u00e9e&#8221; lors de la fabrication des v\u00e9hicules, a \u00e9crit le directeur g\u00e9n\u00e9ral RJ Scaringe dans un courriel adress\u00e9 au personnel.<br \/> Les actions en baisse<br \/> Les actions de Rivian ont fortement chut\u00e9 lundi apr\u00e8s que le fabricant de v\u00e9hicules \u00e9lectriques a d\u00e9clar\u00e9 qu&#8217;il agissait avec &#8220;urgence&#8221; en rappelant volontairement des milliers de v\u00e9hicules en raison d&#8217;un risque possible li\u00e9 \u00e0 la direction. L&#8217;action de la soci\u00e9t\u00e9 a chut\u00e9 de 11\u00a0%, \u00e0 33,30 dollars, dans les transactions de pr\u00e9-march\u00e9, avant de r\u00e9duire la perte \u00e0 7\u00a0%. Cette ann\u00e9e, les actions ont chut\u00e9 d&#8217;environ 67\u00a0%.<br \/> Pas de bless\u00e9s \u00e0 ce jour<br \/> Un porte-parole de Rivian a d\u00e9clar\u00e9 que les examens des v\u00e9hicules dans les centres de service de l&#8217;entreprise seraient gratuits et devraient prendre quelques minutes pour \u00eatre effectu\u00e9s. C\u2019est un bien mauvais moment pour Rivian qui commence tout juste \u00e0 atteindre son objectif de production de 25 000 v\u00e9hicules pour 2022 et a environ 100 000 r\u00e9servations en main pour ses v\u00e9hicules utilitaires sport EV pour 2023. Ce rappel ne devrait pas avoir trop d\u2019impact une fois ce mauvais moment pass\u00e9. Il ne faudrait tout de m\u00eame pas<\/p>\n","protected":false},"excerpt":{"rendered":"<p>Les rappels co\u00fbtent chers aux compagnies automobiles et cela est encore plus difficile pour une jeune compagnie comme Rivian qui peine encore \u00e0 joindre les deux bouts. Rivian a rappel\u00e9 13\u00a0000 de ses v\u00e9hicules vendredi dernier apr\u00e8s qu&#8217;une erreur de fabrication structurelle a \u00e9t\u00e9 d\u00e9couverte dans sept voitures. Il se peut que la fixation de [&hellip;]<\/p>\n","protected":false},"author":8,"featured_media":115107,"comment_status":"close","ping_status":"closed","sticky":false,"template":"","format":"standard","meta":{"_monsterinsights_skip_tracking":false,"_monsterinsights_sitenote_active":false,"_monsterinsights_sitenote_note":"","_monsterinsights_sitenote_category":0,"footnotes":""},"categories":[101],"tags":[],"yoast_head":"<!-- This site is optimized with the Yoast SEO plugin v23.2 - https:\/\/yoast.com\/wordpress\/plugins\/seo\/ -->\n<title>Un probl\u00e8me de direction force le rappel de 13\u00a0000 Rivian - CanadaMotorJobs.com<\/title>\n<meta name=\"description\" content=\"Un probl\u00e8me de direction force le rappel de 13\u00a0000 Rivian - Benoit Charette - Annuel automobile - CanadaMotorJobs.com.\" \/>\n<meta name=\"robots\" content=\"index, follow, max-snippet:-1, max-image-preview:large, max-video-preview:-1\" \/>\n<meta property=\"og:locale\" content=\"fr_CA\" \/>\n<meta property=\"og:type\" content=\"article\" \/>\n<meta property=\"og:title\" content=\"Un probl\u00e8me de direction force le rappel de 13\u00a0000 Rivian - CanadaMotorJobs.com\" \/>\n<meta property=\"og:description\" content=\"Un probl\u00e8me de direction force le rappel de 13\u00a0000 Rivian - Benoit Charette - Annuel automobile - CanadaMotorJobs.com.\" \/>\n<meta property=\"og:url\" content=\"https:\/\/news.canadamotorjobs.com\/fr\/un-probleme-de-direction-force-le-rappel-de-13-000-rivian\/\" \/>\n<meta property=\"og:site_name\" content=\"CanadaMotorJobs.com\" \/>\n<meta property=\"article:publisher\" content=\"https:\/\/www.facebook.com\/canadamotorjobs\/\" \/>\n<meta property=\"article:published_time\" content=\"2022-10-10T15:50:57+00:00\" \/>\n<meta property=\"article:modified_time\" content=\"2022-10-10T16:00:30+00:00\" \/>\n<meta property=\"og:image\" content=\"https:\/\/news.canadamotorjobs.com\/wp-content\/uploads\/2022\/10\/im-444770-1.jpg\" \/>\n\t<meta property=\"og:image:width\" content=\"1280\" \/>\n\t<meta property=\"og:image:height\" content=\"960\" \/>\n\t<meta property=\"og:image:type\" content=\"image\/jpeg\" \/>\n<meta name=\"author\" content=\"Benoit Charette\" \/>\n<meta name=\"twitter:card\" content=\"summary_large_image\" \/>\n<meta name=\"twitter:creator\" content=\"@canadamotorjobs\" \/>\n<meta name=\"twitter:site\" content=\"@canadamotorjobs\" \/>\n<meta name=\"twitter:label1\" content=\"\u00c9crit par\" \/>\n\t<meta name=\"twitter:data1\" content=\"Benoit Charette\" \/>\n\t<meta name=\"twitter:label2\" content=\"Estimation du temps de lecture\" \/>\n\t<meta name=\"twitter:data2\" content=\"1 minute\" \/>\n<!-- \/ Yoast SEO plugin. -->","yoast_head_json":{"title":"Un probl\u00e8me de direction force le rappel de 13\u00a0000 Rivian - CanadaMotorJobs.com","description":"Un probl\u00e8me de direction force le rappel de 13\u00a0000 Rivian - Benoit Charette - Annuel automobile - CanadaMotorJobs.com.","robots":{"index":"index","follow":"follow","max-snippet":"max-snippet:-1","max-image-preview":"max-image-preview:large","max-video-preview":"max-video-preview:-1"},"og_locale":"fr_CA","og_type":"article","og_title":"Un probl\u00e8me de direction force le rappel de 13\u00a0000 Rivian - CanadaMotorJobs.com","og_description":"Un probl\u00e8me de direction force le rappel de 13\u00a0000 Rivian - Benoit Charette - Annuel automobile - CanadaMotorJobs.com.","og_url":"https:\/\/news.canadamotorjobs.com\/fr\/un-probleme-de-direction-force-le-rappel-de-13-000-rivian\/","og_site_name":"CanadaMotorJobs.com","article_publisher":"https:\/\/www.facebook.com\/canadamotorjobs\/","article_published_time":"2022-10-10T15:50:57+00:00","article_modified_time":"2022-10-10T16:00:30+00:00","og_image":[{"width":1280,"height":960,"url":"https:\/\/news.canadamotorjobs.com\/wp-content\/uploads\/2022\/10\/im-444770-1.jpg","type":"image\/jpeg"}],"author":"Benoit Charette","twitter_card":"summary_large_image","twitter_creator":"@canadamotorjobs","twitter_site":"@canadamotorjobs","twitter_misc":{"\u00c9crit par":"Benoit Charette","Estimation du temps de lecture":"1 minute"},"schema":{"@context":"https:\/\/schema.org","@graph":[{"@type":"Article","@id":"https:\/\/news.canadamotorjobs.com\/fr\/un-probleme-de-direction-force-le-rappel-de-13-000-rivian\/#article","isPartOf":{"@id":"https:\/\/news.canadamotorjobs.com\/fr\/un-probleme-de-direction-force-le-rappel-de-13-000-rivian\/"},"author":{"name":"Benoit Charette","@id":"https:\/\/news.canadamotorjobs.com\/#\/schema\/person\/51793d1f87d44011d7bcc2ed99269a90"},"headline":"Un probl\u00e8me de direction force le rappel de 13\u00a0000 Rivian","datePublished":"2022-10-10T15:50:57+00:00","dateModified":"2022-10-10T16:00:30+00:00","mainEntityOfPage":{"@id":"https:\/\/news.canadamotorjobs.com\/fr\/un-probleme-de-direction-force-le-rappel-de-13-000-rivian\/"},"wordCount":276,"publisher":{"@id":"https:\/\/news.canadamotorjobs.com\/#organization"},"image":{"@id":"https:\/\/news.canadamotorjobs.com\/fr\/un-probleme-de-direction-force-le-rappel-de-13-000-rivian\/#primaryimage"},"thumbnailUrl":"https:\/\/news.canadamotorjobs.com\/wp-content\/uploads\/2022\/10\/im-444770-1.jpg","articleSection":["Annuel automobile"],"inLanguage":"fr-CA"},{"@type":"WebPage","@id":"https:\/\/news.canadamotorjobs.com\/fr\/un-probleme-de-direction-force-le-rappel-de-13-000-rivian\/","url":"https:\/\/news.canadamotorjobs.com\/fr\/un-probleme-de-direction-force-le-rappel-de-13-000-rivian\/","name":"Un probl\u00e8me de direction force le rappel de 13\u00a0000 Rivian - CanadaMotorJobs.com","isPartOf":{"@id":"https:\/\/news.canadamotorjobs.com\/#website"},"primaryImageOfPage":{"@id":"https:\/\/news.canadamotorjobs.com\/fr\/un-probleme-de-direction-force-le-rappel-de-13-000-rivian\/#primaryimage"},"image":{"@id":"https:\/\/news.canadamotorjobs.com\/fr\/un-probleme-de-direction-force-le-rappel-de-13-000-rivian\/#primaryimage"},"thumbnailUrl":"https:\/\/news.canadamotorjobs.com\/wp-content\/uploads\/2022\/10\/im-444770-1.jpg","datePublished":"2022-10-10T15:50:57+00:00","dateModified":"2022-10-10T16:00:30+00:00","description":"Un probl\u00e8me de direction force le rappel de 13\u00a0000 Rivian - Benoit Charette - Annuel automobile - CanadaMotorJobs.com.","breadcrumb":{"@id":"https:\/\/news.canadamotorjobs.com\/fr\/un-probleme-de-direction-force-le-rappel-de-13-000-rivian\/#breadcrumb"},"inLanguage":"fr-CA","potentialAction":[{"@type":"ReadAction","target":["https:\/\/news.canadamotorjobs.com\/fr\/un-probleme-de-direction-force-le-rappel-de-13-000-rivian\/"]}]},{"@type":"ImageObject","inLanguage":"fr-CA","@id":"https:\/\/news.canadamotorjobs.com\/fr\/un-probleme-de-direction-force-le-rappel-de-13-000-rivian\/#primaryimage","url":"https:\/\/news.canadamotorjobs.com\/wp-content\/uploads\/2022\/10\/im-444770-1.jpg","contentUrl":"https:\/\/news.canadamotorjobs.com\/wp-content\/uploads\/2022\/10\/im-444770-1.jpg","width":1280,"height":960},{"@type":"BreadcrumbList","@id":"https:\/\/news.canadamotorjobs.com\/fr\/un-probleme-de-direction-force-le-rappel-de-13-000-rivian\/#breadcrumb","itemListElement":[{"@type":"ListItem","position":1,"name":"Home","item":"https:\/\/news.canadamotorjobs.com\/fr\/blog\/"},{"@type":"ListItem","position":2,"name":"Un probl\u00e8me de direction force le rappel de 13\u00a0000 Rivian"}]},{"@type":"WebSite","@id":"https:\/\/news.canadamotorjobs.com\/#website","url":"https:\/\/news.canadamotorjobs.com\/","name":"CanadaMotorJobs.com","description":"Automotive Jobs","publisher":{"@id":"https:\/\/news.canadamotorjobs.com\/#organization"},"potentialAction":[{"@type":"SearchAction","target":{"@type":"EntryPoint","urlTemplate":"https:\/\/news.canadamotorjobs.com\/?s={search_term_string}"},"query-input":"required name=search_term_string"}],"inLanguage":"fr-CA"},{"@type":"Organization","@id":"https:\/\/news.canadamotorjobs.com\/#organization","name":"Canada Motor Jobs","url":"https:\/\/news.canadamotorjobs.com\/","logo":{"@type":"ImageObject","inLanguage":"fr-CA","@id":"https:\/\/news.canadamotorjobs.com\/#\/schema\/logo\/image\/","url":"https:\/\/news.canadamotorjobs.com\/wp-content\/uploads\/2022\/10\/logo-canada-motor-jobs-1.png","contentUrl":"https:\/\/news.canadamotorjobs.com\/wp-content\/uploads\/2022\/10\/logo-canada-motor-jobs-1.png","width":800,"height":400,"caption":"Canada Motor Jobs"},"image":{"@id":"https:\/\/news.canadamotorjobs.com\/#\/schema\/logo\/image\/"},"sameAs":["https:\/\/www.facebook.com\/canadamotorjobs\/","https:\/\/x.com\/canadamotorjobs","https:\/\/www.instagram.com\/canadamotorjobs\/","https:\/\/www.linkedin.com\/company\/canadamotorjobs"]},{"@type":"Person","@id":"https:\/\/news.canadamotorjobs.com\/#\/schema\/person\/51793d1f87d44011d7bcc2ed99269a90","name":"Benoit Charette","image":{"@type":"ImageObject","inLanguage":"fr-CA","@id":"https:\/\/news.canadamotorjobs.com\/#\/schema\/person\/image\/","url":"https:\/\/secure.gravatar.com\/avatar\/45f3d2eebcccd909668d7ce7ea7267b6?s=96&d=mm&r=g","contentUrl":"https:\/\/secure.gravatar.com\/avatar\/45f3d2eebcccd909668d7ce7ea7267b6?s=96&d=mm&r=g","caption":"Benoit Charette"},"description":"Benoit Charette \/ Propri\u00e9taire et r\u00e9dacteur en chef Benoit Charette pratique le journalisme automobile depuis bient\u00f4t 30 ans. Il a fait ses classes au c\u00f4t\u00e9 de Daniel H\u00e9raud et au Carnet de route de 1992 \u00e0 2001. Il est fondateur, copropri\u00e9taire et r\u00e9dacteur en chef de L\u2019Annuel de l\u2019automobile, qu\u2019il publie depuis 2001. Il a anim\u00e9 les \u00e9missions RPM et RPM+ sur V et les L\u00e9gendes de la route sur Historia. \u00c0 la radio depuis 1986, il reprend l\u2019antenne cette ann\u00e9e sur les ondes de Cogeco et participe pour la deuxi\u00e8me ann\u00e9e \u00e0 l\u2019\u00e9mission Passion Auto sur RDS en plus de mettre en ligne le site Web officiel de L\u2019Annuel de l\u2019automobile sur annuelauto.ca.","sameAs":["https:\/\/annuelauto.ca\/"],"url":"https:\/\/news.canadamotorjobs.com\/fr\/author\/benoit-charette\/"}]}},"_links":{"self":[{"href":"https:\/\/news.canadamotorjobs.com\/fr\/wp-json\/wp\/v2\/posts\/115103"}],"collection":[{"href":"https:\/\/news.canadamotorjobs.com\/fr\/wp-json\/wp\/v2\/posts"}],"about":[{"href":"https:\/\/news.canadamotorjobs.com\/fr\/wp-json\/wp\/v2\/types\/post"}],"author":[{"embeddable":true,"href":"https:\/\/news.canadamotorjobs.com\/fr\/wp-json\/wp\/v2\/users\/8"}],"replies":[{"embeddable":true,"href":"https:\/\/news.canadamotorjobs.com\/fr\/wp-json\/wp\/v2\/comments?post=115103"}],"version-history":[{"count":0,"href":"https:\/\/news.canadamotorjobs.com\/fr\/wp-json\/wp\/v2\/posts\/115103\/revisions"}],"wp:featuredmedia":[{"embeddable":true,"href":"https:\/\/news.canadamotorjobs.com\/fr\/wp-json\/wp\/v2\/media\/115107"}],"wp:attachment":[{"href":"https:\/\/news.canadamotorjobs.com\/fr\/wp-json\/wp\/v2\/media?parent=115103"}],"wp:term":[{"taxonomy":"category","embeddable":true,"href":"https:\/\/news.canadamotorjobs.com\/fr\/wp-json\/wp\/v2\/categories?post=115103"},{"taxonomy":"post_tag","embeddable":true,"href":"https:\/\/news.canadamotorjobs.com\/fr\/wp-json\/wp\/v2\/tags?post=115103"}],"curies":[{"name":"wp","href":"https:\/\/api.w.org\/{rel}","templated":true}]}}