{"id":115067,"date":"2022-10-10T11:16:14","date_gmt":"2022-10-10T15:16:14","guid":{"rendered":"https:\/\/blog.canadamotorjobs.com\/volkswagen-id4-2023-premier-contact\/"},"modified":"2022-10-10T11:31:15","modified_gmt":"2022-10-10T15:31:15","slug":"volkswagen-id4-2023-premier-contact","status":"publish","type":"post","link":"https:\/\/news.canadamotorjobs.com\/fr\/volkswagen-id4-2023-premier-contact\/","title":{"rendered":"Volkswagen ID4 2023: Premier contact"},"content":{"rendered":"<\/p>\n<p>Chattanooga, Tennessee. Volkswagen avait de bonnes nouvelles pour les amateurs de ID.4 nord-am\u00e9ricains. Depuis juillet le mod\u00e8le enti\u00e8rement \u00e9lectrique introduit en 2021 est fabriqu\u00e9 dans l\u2019usine de la marque au Tennessee. Cela veut dire que la production actuelle de 25 mod\u00e8les \u00e0 l\u2019heure (qui va sous peu devenir 45 mod\u00e8les \u00e0 l\u2019heure) sera enti\u00e8rement d\u00e9di\u00e9e aux \u00c9tats-Unis, au Canada et un peu au Mexique.<br \/> Quoi de neuf pour 2023<br \/> Visuellement, il vous sera assez difficile de voir une diff\u00e9rence entre le mod\u00e8le 2022 et 2023. Pour 2023, l&#8217;ID.4 profite d&#8217;une nouvelle version de base baptis\u00e9e Standard \u00e0 partir de 43 995\u00a0$. Elle est dot\u00e9e d&#8217;une batterie de plus petite capacit\u00e9 de 62\u00a0kWh, ce qui se traduit par une autonomie de 336 selon les estimations de VW. Vous avez ensuite les deux versions\u00a0 la version Pro de l&#8217;ID.4 avec une batterie de 82\u00a0kWh. La version Pro \u00e0 roues motrices arri\u00e8re offre une autonomie de 443\u00a0km et la version AWD 410\u00a0km. Volkswagen a ajout\u00e9 quelques nouveaux \u00e9quipements de s\u00e9rie, tels qu&#8217;un \u00e9cran tactile central de 12 pouces pour tous les mod\u00e8les, un syst\u00e8me de stationnement automatique, et de nouveaux rev\u00eatements de si\u00e8ges avec de nouvelles couleurs pour \u00e9gayer l&#8217;habitacle. De nouvelles jantes font \u00e9galement partie des changements de la 2023. L&#8217;ID.4 peut \u00eatre recharg\u00e9 rapidement en courant alternatif (AC) et en courant continu (DC). L&#8217;ID.4 Standard offre une vitesse de charge rapide en CC de 140\u00a0kW, tandis que les mod\u00e8les Pro offrent une vitesse de charge rapide en CC de 170\u00a0kW. Cela<\/p>\n","protected":false},"excerpt":{"rendered":"<p>Chattanooga, Tennessee. Volkswagen avait de bonnes nouvelles pour les amateurs de ID.4 nord-am\u00e9ricains. Depuis juillet le mod\u00e8le enti\u00e8rement \u00e9lectrique introduit en 2021 est fabriqu\u00e9 dans l\u2019usine de la marque au Tennessee. Cela veut dire que la production actuelle de 25 mod\u00e8les \u00e0 l\u2019heure (qui va sous peu devenir 45 mod\u00e8les \u00e0 l\u2019heure) sera enti\u00e8rement d\u00e9di\u00e9e [&hellip;]<\/p>\n","protected":false},"author":8,"featured_media":115071,"comment_status":"close","ping_status":"closed","sticky":false,"template":"","format":"standard","meta":{"_monsterinsights_skip_tracking":false,"_monsterinsights_sitenote_active":false,"_monsterinsights_sitenote_note":"","_monsterinsights_sitenote_category":0,"footnotes":""},"categories":[101],"tags":[],"yoast_head":"<!-- This site is optimized with the Yoast SEO plugin v23.2 - https:\/\/yoast.com\/wordpress\/plugins\/seo\/ -->\n<title>Volkswagen ID4 2023: Premier contact - CanadaMotorJobs.com<\/title>\n<meta name=\"description\" content=\"Volkswagen ID4 2023: Premier contact - Benoit Charette - Annuel automobile - CanadaMotorJobs.com.\" \/>\n<meta name=\"robots\" content=\"index, follow, max-snippet:-1, max-image-preview:large, max-video-preview:-1\" \/>\n<meta property=\"og:locale\" content=\"fr_CA\" \/>\n<meta property=\"og:type\" content=\"article\" \/>\n<meta property=\"og:title\" content=\"Volkswagen ID4 2023: Premier contact - CanadaMotorJobs.com\" \/>\n<meta property=\"og:description\" content=\"Volkswagen ID4 2023: Premier contact - Benoit Charette - Annuel automobile - CanadaMotorJobs.com.\" \/>\n<meta property=\"og:url\" content=\"https:\/\/news.canadamotorjobs.com\/fr\/volkswagen-id4-2023-premier-contact\/\" \/>\n<meta property=\"og:site_name\" content=\"CanadaMotorJobs.com\" \/>\n<meta property=\"article:publisher\" content=\"https:\/\/www.facebook.com\/canadamotorjobs\/\" \/>\n<meta property=\"article:published_time\" content=\"2022-10-10T15:16:14+00:00\" \/>\n<meta property=\"article:modified_time\" content=\"2022-10-10T15:31:15+00:00\" \/>\n<meta property=\"og:image\" content=\"https:\/\/news.canadamotorjobs.com\/wp-content\/uploads\/2022\/10\/Large-15959-2023ID.4-1.jpg\" \/>\n\t<meta property=\"og:image:width\" content=\"1500\" \/>\n\t<meta property=\"og:image:height\" content=\"1000\" \/>\n\t<meta property=\"og:image:type\" content=\"image\/jpeg\" \/>\n<meta name=\"author\" content=\"Benoit Charette\" \/>\n<meta name=\"twitter:card\" content=\"summary_large_image\" \/>\n<meta name=\"twitter:creator\" content=\"@canadamotorjobs\" \/>\n<meta name=\"twitter:site\" content=\"@canadamotorjobs\" \/>\n<meta name=\"twitter:label1\" content=\"\u00c9crit par\" \/>\n\t<meta name=\"twitter:data1\" content=\"Benoit Charette\" \/>\n\t<meta name=\"twitter:label2\" content=\"Estimation du temps de lecture\" \/>\n\t<meta name=\"twitter:data2\" content=\"1 minute\" \/>\n<!-- \/ Yoast SEO plugin. -->","yoast_head_json":{"title":"Volkswagen ID4 2023: Premier contact - CanadaMotorJobs.com","description":"Volkswagen ID4 2023: Premier contact - Benoit Charette - Annuel automobile - CanadaMotorJobs.com.","robots":{"index":"index","follow":"follow","max-snippet":"max-snippet:-1","max-image-preview":"max-image-preview:large","max-video-preview":"max-video-preview:-1"},"og_locale":"fr_CA","og_type":"article","og_title":"Volkswagen ID4 2023: Premier contact - CanadaMotorJobs.com","og_description":"Volkswagen ID4 2023: Premier contact - Benoit Charette - Annuel automobile - CanadaMotorJobs.com.","og_url":"https:\/\/news.canadamotorjobs.com\/fr\/volkswagen-id4-2023-premier-contact\/","og_site_name":"CanadaMotorJobs.com","article_publisher":"https:\/\/www.facebook.com\/canadamotorjobs\/","article_published_time":"2022-10-10T15:16:14+00:00","article_modified_time":"2022-10-10T15:31:15+00:00","og_image":[{"width":1500,"height":1000,"url":"https:\/\/news.canadamotorjobs.com\/wp-content\/uploads\/2022\/10\/Large-15959-2023ID.4-1.jpg","type":"image\/jpeg"}],"author":"Benoit Charette","twitter_card":"summary_large_image","twitter_creator":"@canadamotorjobs","twitter_site":"@canadamotorjobs","twitter_misc":{"\u00c9crit par":"Benoit Charette","Estimation du temps de lecture":"1 minute"},"schema":{"@context":"https:\/\/schema.org","@graph":[{"@type":"Article","@id":"https:\/\/news.canadamotorjobs.com\/fr\/volkswagen-id4-2023-premier-contact\/#article","isPartOf":{"@id":"https:\/\/news.canadamotorjobs.com\/fr\/volkswagen-id4-2023-premier-contact\/"},"author":{"name":"Benoit Charette","@id":"https:\/\/news.canadamotorjobs.com\/#\/schema\/person\/51793d1f87d44011d7bcc2ed99269a90"},"headline":"Volkswagen ID4 2023: Premier contact","datePublished":"2022-10-10T15:16:14+00:00","dateModified":"2022-10-10T15:31:15+00:00","mainEntityOfPage":{"@id":"https:\/\/news.canadamotorjobs.com\/fr\/volkswagen-id4-2023-premier-contact\/"},"wordCount":268,"publisher":{"@id":"https:\/\/news.canadamotorjobs.com\/#organization"},"image":{"@id":"https:\/\/news.canadamotorjobs.com\/fr\/volkswagen-id4-2023-premier-contact\/#primaryimage"},"thumbnailUrl":"https:\/\/news.canadamotorjobs.com\/wp-content\/uploads\/2022\/10\/Large-15959-2023ID.4-1.jpg","articleSection":["Annuel automobile"],"inLanguage":"fr-CA"},{"@type":"WebPage","@id":"https:\/\/news.canadamotorjobs.com\/fr\/volkswagen-id4-2023-premier-contact\/","url":"https:\/\/news.canadamotorjobs.com\/fr\/volkswagen-id4-2023-premier-contact\/","name":"Volkswagen ID4 2023: Premier contact - CanadaMotorJobs.com","isPartOf":{"@id":"https:\/\/news.canadamotorjobs.com\/#website"},"primaryImageOfPage":{"@id":"https:\/\/news.canadamotorjobs.com\/fr\/volkswagen-id4-2023-premier-contact\/#primaryimage"},"image":{"@id":"https:\/\/news.canadamotorjobs.com\/fr\/volkswagen-id4-2023-premier-contact\/#primaryimage"},"thumbnailUrl":"https:\/\/news.canadamotorjobs.com\/wp-content\/uploads\/2022\/10\/Large-15959-2023ID.4-1.jpg","datePublished":"2022-10-10T15:16:14+00:00","dateModified":"2022-10-10T15:31:15+00:00","description":"Volkswagen ID4 2023: Premier contact - Benoit Charette - Annuel automobile - CanadaMotorJobs.com.","breadcrumb":{"@id":"https:\/\/news.canadamotorjobs.com\/fr\/volkswagen-id4-2023-premier-contact\/#breadcrumb"},"inLanguage":"fr-CA","potentialAction":[{"@type":"ReadAction","target":["https:\/\/news.canadamotorjobs.com\/fr\/volkswagen-id4-2023-premier-contact\/"]}]},{"@type":"ImageObject","inLanguage":"fr-CA","@id":"https:\/\/news.canadamotorjobs.com\/fr\/volkswagen-id4-2023-premier-contact\/#primaryimage","url":"https:\/\/news.canadamotorjobs.com\/wp-content\/uploads\/2022\/10\/Large-15959-2023ID.4-1.jpg","contentUrl":"https:\/\/news.canadamotorjobs.com\/wp-content\/uploads\/2022\/10\/Large-15959-2023ID.4-1.jpg","width":1500,"height":1000},{"@type":"BreadcrumbList","@id":"https:\/\/news.canadamotorjobs.com\/fr\/volkswagen-id4-2023-premier-contact\/#breadcrumb","itemListElement":[{"@type":"ListItem","position":1,"name":"Home","item":"https:\/\/news.canadamotorjobs.com\/fr\/blog\/"},{"@type":"ListItem","position":2,"name":"Volkswagen ID4 2023: Premier contact"}]},{"@type":"WebSite","@id":"https:\/\/news.canadamotorjobs.com\/#website","url":"https:\/\/news.canadamotorjobs.com\/","name":"CanadaMotorJobs.com","description":"Automotive Jobs","publisher":{"@id":"https:\/\/news.canadamotorjobs.com\/#organization"},"potentialAction":[{"@type":"SearchAction","target":{"@type":"EntryPoint","urlTemplate":"https:\/\/news.canadamotorjobs.com\/?s={search_term_string}"},"query-input":"required name=search_term_string"}],"inLanguage":"fr-CA"},{"@type":"Organization","@id":"https:\/\/news.canadamotorjobs.com\/#organization","name":"Canada Motor Jobs","url":"https:\/\/news.canadamotorjobs.com\/","logo":{"@type":"ImageObject","inLanguage":"fr-CA","@id":"https:\/\/news.canadamotorjobs.com\/#\/schema\/logo\/image\/","url":"https:\/\/news.canadamotorjobs.com\/wp-content\/uploads\/2022\/10\/logo-canada-motor-jobs-1.png","contentUrl":"https:\/\/news.canadamotorjobs.com\/wp-content\/uploads\/2022\/10\/logo-canada-motor-jobs-1.png","width":800,"height":400,"caption":"Canada Motor Jobs"},"image":{"@id":"https:\/\/news.canadamotorjobs.com\/#\/schema\/logo\/image\/"},"sameAs":["https:\/\/www.facebook.com\/canadamotorjobs\/","https:\/\/x.com\/canadamotorjobs","https:\/\/www.instagram.com\/canadamotorjobs\/","https:\/\/www.linkedin.com\/company\/canadamotorjobs"]},{"@type":"Person","@id":"https:\/\/news.canadamotorjobs.com\/#\/schema\/person\/51793d1f87d44011d7bcc2ed99269a90","name":"Benoit Charette","image":{"@type":"ImageObject","inLanguage":"fr-CA","@id":"https:\/\/news.canadamotorjobs.com\/#\/schema\/person\/image\/","url":"https:\/\/secure.gravatar.com\/avatar\/45f3d2eebcccd909668d7ce7ea7267b6?s=96&d=mm&r=g","contentUrl":"https:\/\/secure.gravatar.com\/avatar\/45f3d2eebcccd909668d7ce7ea7267b6?s=96&d=mm&r=g","caption":"Benoit Charette"},"description":"Benoit Charette \/ Propri\u00e9taire et r\u00e9dacteur en chef Benoit Charette pratique le journalisme automobile depuis bient\u00f4t 30 ans. Il a fait ses classes au c\u00f4t\u00e9 de Daniel H\u00e9raud et au Carnet de route de 1992 \u00e0 2001. Il est fondateur, copropri\u00e9taire et r\u00e9dacteur en chef de L\u2019Annuel de l\u2019automobile, qu\u2019il publie depuis 2001. Il a anim\u00e9 les \u00e9missions RPM et RPM+ sur V et les L\u00e9gendes de la route sur Historia. \u00c0 la radio depuis 1986, il reprend l\u2019antenne cette ann\u00e9e sur les ondes de Cogeco et participe pour la deuxi\u00e8me ann\u00e9e \u00e0 l\u2019\u00e9mission Passion Auto sur RDS en plus de mettre en ligne le site Web officiel de L\u2019Annuel de l\u2019automobile sur annuelauto.ca.","sameAs":["https:\/\/annuelauto.ca\/"],"url":"https:\/\/news.canadamotorjobs.com\/fr\/author\/benoit-charette\/"}]}},"_links":{"self":[{"href":"https:\/\/news.canadamotorjobs.com\/fr\/wp-json\/wp\/v2\/posts\/115067"}],"collection":[{"href":"https:\/\/news.canadamotorjobs.com\/fr\/wp-json\/wp\/v2\/posts"}],"about":[{"href":"https:\/\/news.canadamotorjobs.com\/fr\/wp-json\/wp\/v2\/types\/post"}],"author":[{"embeddable":true,"href":"https:\/\/news.canadamotorjobs.com\/fr\/wp-json\/wp\/v2\/users\/8"}],"replies":[{"embeddable":true,"href":"https:\/\/news.canadamotorjobs.com\/fr\/wp-json\/wp\/v2\/comments?post=115067"}],"version-history":[{"count":0,"href":"https:\/\/news.canadamotorjobs.com\/fr\/wp-json\/wp\/v2\/posts\/115067\/revisions"}],"wp:featuredmedia":[{"embeddable":true,"href":"https:\/\/news.canadamotorjobs.com\/fr\/wp-json\/wp\/v2\/media\/115071"}],"wp:attachment":[{"href":"https:\/\/news.canadamotorjobs.com\/fr\/wp-json\/wp\/v2\/media?parent=115067"}],"wp:term":[{"taxonomy":"category","embeddable":true,"href":"https:\/\/news.canadamotorjobs.com\/fr\/wp-json\/wp\/v2\/categories?post=115067"},{"taxonomy":"post_tag","embeddable":true,"href":"https:\/\/news.canadamotorjobs.com\/fr\/wp-json\/wp\/v2\/tags?post=115067"}],"curies":[{"name":"wp","href":"https:\/\/api.w.org\/{rel}","templated":true}]}}