{"id":113031,"date":"2022-10-09T10:24:16","date_gmt":"2022-10-09T14:24:16","guid":{"rendered":"https:\/\/blog.canadamotorjobs.com\/les-vehicules-electriques-posent-un-probleme-de-livraison\/"},"modified":"2022-10-09T10:28:47","modified_gmt":"2022-10-09T14:28:47","slug":"les-vehicules-electriques-posent-un-probleme-de-livraison","status":"publish","type":"post","link":"https:\/\/news.canadamotorjobs.com\/fr\/les-vehicules-electriques-posent-un-probleme-de-livraison\/","title":{"rendered":"Les v\u00e9hicules \u00e9lectriques posent un probl\u00e8me de livraison"},"content":{"rendered":"<\/p>\n<p>Avec les limites de poids actuelles pour les camions de transport de voitures, il n&#8217;est pas possible de transporter suffisamment de V\u00c9 pour atteindre un seuil de rentabilit\u00e9.<br \/> Un nouveau probl\u00e8me se pose<br \/> Les transporteurs automobiles constatent que les limites de poids actuellement impos\u00e9es aux camions de transport aux \u00c9tats-Unis rendent difficile la livraison efficace des V\u00c9, simplement parce qu&#8217;ils sont beaucoup plus lourds que les voitures \u00e0 essence. Plusieurs transporteurs font pression pour faire passer la limite autoriser de 80\u00a0000 \u00e0 88\u00a0000 livres pour \u00eatre en mesure de transporter le m\u00eame nombre de v\u00e9hicules \u00e9lectrique ou \u00e0 essence.<br \/> Un probl\u00e8me \u00e9pineux<br \/> Si les limites de poids sur les routes am\u00e9ricaines ne sont pas relev\u00e9es, les transporteurs automobiles affirment que les livraisons vont ralentir, que les co\u00fbts vont augmenter et qu&#8217;il y aura une augmentation des camions massifs sur les routes. Toutefois, si on rel\u00e8ve le poids, il y a un r\u00e9el danger pour la s\u00e9curit\u00e9 avec le poids accrue et une d\u00e9gradation plus rapide des routes. Selon l&#8217;Agence de protection de l&#8217;environnement, les charges sur les routes am\u00e9ricaines ont augment\u00e9, car \u00ab\u00a0les voitures et les camions sont pass\u00e9s d&#8217;une moyenne de 3 200 livres \u00e0 4 200 livres au cours des quatre derni\u00e8res d\u00e9cennies.\u00a0\u00bb<br \/> Quelques exemples probants<br \/> Un exemple de l&#8217;\u00e9cart de poids entre les V\u00c9 et les mod\u00e8les \u00e0 essence est le Ford F-150 Lightning, qui p\u00e8se environ 1 600 livres de plus que le F-150 normal. Cela s&#8217;applique \u00e9galement aux v\u00e9hicules plus petits, comme le Volvo XC40<\/p>\n","protected":false},"excerpt":{"rendered":"<p>Avec les limites de poids actuelles pour les camions de transport de voitures, il n&#8217;est pas possible de transporter suffisamment de V\u00c9 pour atteindre un seuil de rentabilit\u00e9. Un nouveau probl\u00e8me se pose Les transporteurs automobiles constatent que les limites de poids actuellement impos\u00e9es aux camions de transport aux \u00c9tats-Unis rendent difficile la livraison efficace [&hellip;]<\/p>\n","protected":false},"author":8,"featured_media":113035,"comment_status":"close","ping_status":"closed","sticky":false,"template":"","format":"standard","meta":{"_monsterinsights_skip_tracking":false,"_monsterinsights_sitenote_active":false,"_monsterinsights_sitenote_note":"","_monsterinsights_sitenote_category":0,"footnotes":""},"categories":[101],"tags":[],"yoast_head":"<!-- This site is optimized with the Yoast SEO plugin v23.2 - https:\/\/yoast.com\/wordpress\/plugins\/seo\/ -->\n<title>Les v\u00e9hicules \u00e9lectriques posent un probl\u00e8me de livraison - CanadaMotorJobs.com<\/title>\n<meta name=\"description\" content=\"Les v\u00e9hicules \u00e9lectriques posent un probl\u00e8me de livraison - Benoit Charette - Annuel automobile - CanadaMotorJobs.com.\" \/>\n<meta name=\"robots\" content=\"index, follow, max-snippet:-1, max-image-preview:large, max-video-preview:-1\" \/>\n<meta property=\"og:locale\" content=\"fr_CA\" \/>\n<meta property=\"og:type\" content=\"article\" \/>\n<meta property=\"og:title\" content=\"Les v\u00e9hicules \u00e9lectriques posent un probl\u00e8me de livraison - CanadaMotorJobs.com\" \/>\n<meta property=\"og:description\" content=\"Les v\u00e9hicules \u00e9lectriques posent un probl\u00e8me de livraison - Benoit Charette - Annuel automobile - CanadaMotorJobs.com.\" \/>\n<meta property=\"og:url\" content=\"https:\/\/news.canadamotorjobs.com\/fr\/les-vehicules-electriques-posent-un-probleme-de-livraison\/\" \/>\n<meta property=\"og:site_name\" content=\"CanadaMotorJobs.com\" \/>\n<meta property=\"article:publisher\" content=\"https:\/\/www.facebook.com\/canadamotorjobs\/\" \/>\n<meta property=\"article:published_time\" content=\"2022-10-09T14:24:16+00:00\" \/>\n<meta property=\"article:modified_time\" content=\"2022-10-09T14:28:47+00:00\" \/>\n<meta property=\"og:image\" content=\"https:\/\/news.canadamotorjobs.com\/wp-content\/uploads\/2022\/10\/tesla-carcarrier-1.jpg\" \/>\n\t<meta property=\"og:image:width\" content=\"1200\" \/>\n\t<meta property=\"og:image:height\" content=\"670\" \/>\n\t<meta property=\"og:image:type\" content=\"image\/jpeg\" \/>\n<meta name=\"author\" content=\"Benoit Charette\" \/>\n<meta name=\"twitter:card\" content=\"summary_large_image\" \/>\n<meta name=\"twitter:creator\" content=\"@canadamotorjobs\" \/>\n<meta name=\"twitter:site\" content=\"@canadamotorjobs\" \/>\n<meta name=\"twitter:label1\" content=\"\u00c9crit par\" \/>\n\t<meta name=\"twitter:data1\" content=\"Benoit Charette\" \/>\n\t<meta name=\"twitter:label2\" content=\"Estimation du temps de lecture\" \/>\n\t<meta name=\"twitter:data2\" content=\"1 minute\" \/>\n<!-- \/ Yoast SEO plugin. -->","yoast_head_json":{"title":"Les v\u00e9hicules \u00e9lectriques posent un probl\u00e8me de livraison - CanadaMotorJobs.com","description":"Les v\u00e9hicules \u00e9lectriques posent un probl\u00e8me de livraison - Benoit Charette - Annuel automobile - CanadaMotorJobs.com.","robots":{"index":"index","follow":"follow","max-snippet":"max-snippet:-1","max-image-preview":"max-image-preview:large","max-video-preview":"max-video-preview:-1"},"og_locale":"fr_CA","og_type":"article","og_title":"Les v\u00e9hicules \u00e9lectriques posent un probl\u00e8me de livraison - CanadaMotorJobs.com","og_description":"Les v\u00e9hicules \u00e9lectriques posent un probl\u00e8me de livraison - Benoit Charette - Annuel automobile - CanadaMotorJobs.com.","og_url":"https:\/\/news.canadamotorjobs.com\/fr\/les-vehicules-electriques-posent-un-probleme-de-livraison\/","og_site_name":"CanadaMotorJobs.com","article_publisher":"https:\/\/www.facebook.com\/canadamotorjobs\/","article_published_time":"2022-10-09T14:24:16+00:00","article_modified_time":"2022-10-09T14:28:47+00:00","og_image":[{"width":1200,"height":670,"url":"https:\/\/news.canadamotorjobs.com\/wp-content\/uploads\/2022\/10\/tesla-carcarrier-1.jpg","type":"image\/jpeg"}],"author":"Benoit Charette","twitter_card":"summary_large_image","twitter_creator":"@canadamotorjobs","twitter_site":"@canadamotorjobs","twitter_misc":{"\u00c9crit par":"Benoit Charette","Estimation du temps de lecture":"1 minute"},"schema":{"@context":"https:\/\/schema.org","@graph":[{"@type":"Article","@id":"https:\/\/news.canadamotorjobs.com\/fr\/les-vehicules-electriques-posent-un-probleme-de-livraison\/#article","isPartOf":{"@id":"https:\/\/news.canadamotorjobs.com\/fr\/les-vehicules-electriques-posent-un-probleme-de-livraison\/"},"author":{"name":"Benoit Charette","@id":"https:\/\/news.canadamotorjobs.com\/#\/schema\/person\/51793d1f87d44011d7bcc2ed99269a90"},"headline":"Les v\u00e9hicules \u00e9lectriques posent un probl\u00e8me de livraison","datePublished":"2022-10-09T14:24:16+00:00","dateModified":"2022-10-09T14:28:47+00:00","mainEntityOfPage":{"@id":"https:\/\/news.canadamotorjobs.com\/fr\/les-vehicules-electriques-posent-un-probleme-de-livraison\/"},"wordCount":274,"publisher":{"@id":"https:\/\/news.canadamotorjobs.com\/#organization"},"image":{"@id":"https:\/\/news.canadamotorjobs.com\/fr\/les-vehicules-electriques-posent-un-probleme-de-livraison\/#primaryimage"},"thumbnailUrl":"https:\/\/news.canadamotorjobs.com\/wp-content\/uploads\/2022\/10\/tesla-carcarrier-1.jpg","articleSection":["Annuel automobile"],"inLanguage":"fr-CA"},{"@type":"WebPage","@id":"https:\/\/news.canadamotorjobs.com\/fr\/les-vehicules-electriques-posent-un-probleme-de-livraison\/","url":"https:\/\/news.canadamotorjobs.com\/fr\/les-vehicules-electriques-posent-un-probleme-de-livraison\/","name":"Les v\u00e9hicules \u00e9lectriques posent un probl\u00e8me de livraison - CanadaMotorJobs.com","isPartOf":{"@id":"https:\/\/news.canadamotorjobs.com\/#website"},"primaryImageOfPage":{"@id":"https:\/\/news.canadamotorjobs.com\/fr\/les-vehicules-electriques-posent-un-probleme-de-livraison\/#primaryimage"},"image":{"@id":"https:\/\/news.canadamotorjobs.com\/fr\/les-vehicules-electriques-posent-un-probleme-de-livraison\/#primaryimage"},"thumbnailUrl":"https:\/\/news.canadamotorjobs.com\/wp-content\/uploads\/2022\/10\/tesla-carcarrier-1.jpg","datePublished":"2022-10-09T14:24:16+00:00","dateModified":"2022-10-09T14:28:47+00:00","description":"Les v\u00e9hicules \u00e9lectriques posent un probl\u00e8me de livraison - Benoit Charette - Annuel automobile - CanadaMotorJobs.com.","breadcrumb":{"@id":"https:\/\/news.canadamotorjobs.com\/fr\/les-vehicules-electriques-posent-un-probleme-de-livraison\/#breadcrumb"},"inLanguage":"fr-CA","potentialAction":[{"@type":"ReadAction","target":["https:\/\/news.canadamotorjobs.com\/fr\/les-vehicules-electriques-posent-un-probleme-de-livraison\/"]}]},{"@type":"ImageObject","inLanguage":"fr-CA","@id":"https:\/\/news.canadamotorjobs.com\/fr\/les-vehicules-electriques-posent-un-probleme-de-livraison\/#primaryimage","url":"https:\/\/news.canadamotorjobs.com\/wp-content\/uploads\/2022\/10\/tesla-carcarrier-1.jpg","contentUrl":"https:\/\/news.canadamotorjobs.com\/wp-content\/uploads\/2022\/10\/tesla-carcarrier-1.jpg","width":1200,"height":670},{"@type":"BreadcrumbList","@id":"https:\/\/news.canadamotorjobs.com\/fr\/les-vehicules-electriques-posent-un-probleme-de-livraison\/#breadcrumb","itemListElement":[{"@type":"ListItem","position":1,"name":"Home","item":"https:\/\/news.canadamotorjobs.com\/fr\/blog\/"},{"@type":"ListItem","position":2,"name":"Les v\u00e9hicules \u00e9lectriques posent un probl\u00e8me de livraison"}]},{"@type":"WebSite","@id":"https:\/\/news.canadamotorjobs.com\/#website","url":"https:\/\/news.canadamotorjobs.com\/","name":"CanadaMotorJobs.com","description":"Automotive Jobs","publisher":{"@id":"https:\/\/news.canadamotorjobs.com\/#organization"},"potentialAction":[{"@type":"SearchAction","target":{"@type":"EntryPoint","urlTemplate":"https:\/\/news.canadamotorjobs.com\/?s={search_term_string}"},"query-input":"required name=search_term_string"}],"inLanguage":"fr-CA"},{"@type":"Organization","@id":"https:\/\/news.canadamotorjobs.com\/#organization","name":"Canada Motor Jobs","url":"https:\/\/news.canadamotorjobs.com\/","logo":{"@type":"ImageObject","inLanguage":"fr-CA","@id":"https:\/\/news.canadamotorjobs.com\/#\/schema\/logo\/image\/","url":"https:\/\/news.canadamotorjobs.com\/wp-content\/uploads\/2022\/10\/logo-canada-motor-jobs-1.png","contentUrl":"https:\/\/news.canadamotorjobs.com\/wp-content\/uploads\/2022\/10\/logo-canada-motor-jobs-1.png","width":800,"height":400,"caption":"Canada Motor Jobs"},"image":{"@id":"https:\/\/news.canadamotorjobs.com\/#\/schema\/logo\/image\/"},"sameAs":["https:\/\/www.facebook.com\/canadamotorjobs\/","https:\/\/x.com\/canadamotorjobs","https:\/\/www.instagram.com\/canadamotorjobs\/","https:\/\/www.linkedin.com\/company\/canadamotorjobs"]},{"@type":"Person","@id":"https:\/\/news.canadamotorjobs.com\/#\/schema\/person\/51793d1f87d44011d7bcc2ed99269a90","name":"Benoit Charette","image":{"@type":"ImageObject","inLanguage":"fr-CA","@id":"https:\/\/news.canadamotorjobs.com\/#\/schema\/person\/image\/","url":"https:\/\/secure.gravatar.com\/avatar\/45f3d2eebcccd909668d7ce7ea7267b6?s=96&d=mm&r=g","contentUrl":"https:\/\/secure.gravatar.com\/avatar\/45f3d2eebcccd909668d7ce7ea7267b6?s=96&d=mm&r=g","caption":"Benoit Charette"},"description":"Benoit Charette \/ Propri\u00e9taire et r\u00e9dacteur en chef Benoit Charette pratique le journalisme automobile depuis bient\u00f4t 30 ans. Il a fait ses classes au c\u00f4t\u00e9 de Daniel H\u00e9raud et au Carnet de route de 1992 \u00e0 2001. Il est fondateur, copropri\u00e9taire et r\u00e9dacteur en chef de L\u2019Annuel de l\u2019automobile, qu\u2019il publie depuis 2001. Il a anim\u00e9 les \u00e9missions RPM et RPM+ sur V et les L\u00e9gendes de la route sur Historia. \u00c0 la radio depuis 1986, il reprend l\u2019antenne cette ann\u00e9e sur les ondes de Cogeco et participe pour la deuxi\u00e8me ann\u00e9e \u00e0 l\u2019\u00e9mission Passion Auto sur RDS en plus de mettre en ligne le site Web officiel de L\u2019Annuel de l\u2019automobile sur annuelauto.ca.","sameAs":["https:\/\/annuelauto.ca\/"],"url":"https:\/\/news.canadamotorjobs.com\/fr\/author\/benoit-charette\/"}]}},"_links":{"self":[{"href":"https:\/\/news.canadamotorjobs.com\/fr\/wp-json\/wp\/v2\/posts\/113031"}],"collection":[{"href":"https:\/\/news.canadamotorjobs.com\/fr\/wp-json\/wp\/v2\/posts"}],"about":[{"href":"https:\/\/news.canadamotorjobs.com\/fr\/wp-json\/wp\/v2\/types\/post"}],"author":[{"embeddable":true,"href":"https:\/\/news.canadamotorjobs.com\/fr\/wp-json\/wp\/v2\/users\/8"}],"replies":[{"embeddable":true,"href":"https:\/\/news.canadamotorjobs.com\/fr\/wp-json\/wp\/v2\/comments?post=113031"}],"version-history":[{"count":0,"href":"https:\/\/news.canadamotorjobs.com\/fr\/wp-json\/wp\/v2\/posts\/113031\/revisions"}],"wp:featuredmedia":[{"embeddable":true,"href":"https:\/\/news.canadamotorjobs.com\/fr\/wp-json\/wp\/v2\/media\/113035"}],"wp:attachment":[{"href":"https:\/\/news.canadamotorjobs.com\/fr\/wp-json\/wp\/v2\/media?parent=113031"}],"wp:term":[{"taxonomy":"category","embeddable":true,"href":"https:\/\/news.canadamotorjobs.com\/fr\/wp-json\/wp\/v2\/categories?post=113031"},{"taxonomy":"post_tag","embeddable":true,"href":"https:\/\/news.canadamotorjobs.com\/fr\/wp-json\/wp\/v2\/tags?post=113031"}],"curies":[{"name":"wp","href":"https:\/\/api.w.org\/{rel}","templated":true}]}}