{"id":109855,"date":"2022-10-08T07:27:23","date_gmt":"2022-10-08T11:27:23","guid":{"rendered":"https:\/\/blog.canadamotorjobs.com\/vous-rappelez-vous-de-la-mercury-marauder-decapotable\/"},"modified":"2022-10-08T07:29:21","modified_gmt":"2022-10-08T11:29:21","slug":"vous-rappelez-vous-de-la-mercury-marauder-decapotable","status":"publish","type":"post","link":"https:\/\/news.canadamotorjobs.com\/fr\/vous-rappelez-vous-de-la-mercury-marauder-decapotable\/","title":{"rendered":"Vous rappelez-vous de la Mercury Marauder d\u00e9capotable\u00a0?"},"content":{"rendered":"<\/p>\n<p>En f\u00e9vrier 2002, \u00e0 l\u2019occasion du Salon de l\u2019Auto de Chicago, Mercury a lev\u00e9 le voile sur une voiture conceptuelle\u00a0: une Mercury Marauder d\u00e9capotable. Pour les non-initi\u00e9s, la Marauder \u00e9tait une Grand Marquis avec quelques gouttes de sauce forte. Alors que la berline qui a \u00e9t\u00e9 vendue en concession en 2003 et 2004 d\u00e9veloppait 300 chevaux-vapeur, la version d\u00e9capotable s\u2019annon\u00e7ait pour \u00eatre plus puissante de 35 chevaux-vapeur gr\u00e2ce \u00e0 son compresseur Eaton. Comme c\u2019\u00e9tait le cas pour la berline qui \u00e9tait offerte en bleu, argent\u00e9 et bourgogne en plus du noir, on pouvait y lire l\u2019inscription \u00ab Marauder \u00bb qui \u00e9tait emboss\u00e9e dans le pare-chocs arri\u00e8re. Elle n\u2019a malheureusement jamais vu le jour.<\/p>\n<p> &nbsp;<\/p>\n<p>Le texte <a rel=\"nofollow\" href=\"https:\/\/annuelauto.ca\/vous-rappelez-vous-de-la-mercury-marauder-decapotable\/\">Vous rappelez-vous de la Mercury Marauder d\u00e9capotable\u00a0?<\/a> provient de <a rel=\"nofollow\" href=\"https:\/\/annuelauto.ca\">L&#039;annuel de l&#039;automobile &#8211; Actualit\u00e9 automobile<\/a><\/p>\n<p> <\/p>\n","protected":false},"excerpt":{"rendered":"<p>En f\u00e9vrier 2002, \u00e0 l\u2019occasion du Salon de l\u2019Auto de Chicago, Mercury a lev\u00e9 le voile sur une voiture conceptuelle\u00a0: une Mercury Marauder d\u00e9capotable. Pour les non-initi\u00e9s, la Marauder \u00e9tait une Grand Marquis avec quelques gouttes de sauce forte. Alors que la berline qui a \u00e9t\u00e9 vendue en concession en 2003 et 2004 d\u00e9veloppait 300 [&hellip;]<\/p>\n","protected":false},"author":8,"featured_media":109859,"comment_status":"close","ping_status":"closed","sticky":false,"template":"","format":"standard","meta":{"_monsterinsights_skip_tracking":false,"_monsterinsights_sitenote_active":false,"_monsterinsights_sitenote_note":"","_monsterinsights_sitenote_category":0,"footnotes":""},"categories":[101],"tags":[],"yoast_head":"<!-- This site is optimized with the Yoast SEO plugin v23.2 - https:\/\/yoast.com\/wordpress\/plugins\/seo\/ -->\n<title>Vous rappelez-vous de la Mercury Marauder d\u00e9capotable\u00a0? - CanadaMotorJobs.com<\/title>\n<meta name=\"description\" content=\"Vous rappelez-vous de la Mercury Marauder d\u00e9capotable\u00a0? - Benoit Charette - Annuel automobile - CanadaMotorJobs.com.\" \/>\n<meta name=\"robots\" content=\"index, follow, max-snippet:-1, max-image-preview:large, max-video-preview:-1\" \/>\n<meta property=\"og:locale\" content=\"fr_CA\" \/>\n<meta property=\"og:type\" content=\"article\" \/>\n<meta property=\"og:title\" content=\"Vous rappelez-vous de la Mercury Marauder d\u00e9capotable\u00a0? - CanadaMotorJobs.com\" \/>\n<meta property=\"og:description\" content=\"Vous rappelez-vous de la Mercury Marauder d\u00e9capotable\u00a0? - Benoit Charette - Annuel automobile - CanadaMotorJobs.com.\" \/>\n<meta property=\"og:url\" content=\"https:\/\/news.canadamotorjobs.com\/fr\/vous-rappelez-vous-de-la-mercury-marauder-decapotable\/\" \/>\n<meta property=\"og:site_name\" content=\"CanadaMotorJobs.com\" \/>\n<meta property=\"article:publisher\" content=\"https:\/\/www.facebook.com\/canadamotorjobs\/\" \/>\n<meta property=\"article:published_time\" content=\"2022-10-08T11:27:23+00:00\" \/>\n<meta property=\"article:modified_time\" content=\"2022-10-08T11:29:21+00:00\" \/>\n<meta property=\"og:image\" content=\"https:\/\/news.canadamotorjobs.com\/wp-content\/uploads\/2022\/10\/2002_Mercury_MarauderConvertibleConcept1-1.jpg\" \/>\n\t<meta property=\"og:image:width\" content=\"1800\" \/>\n\t<meta property=\"og:image:height\" content=\"1241\" \/>\n\t<meta property=\"og:image:type\" content=\"image\/jpeg\" \/>\n<meta name=\"author\" content=\"Benoit Charette\" \/>\n<meta name=\"twitter:card\" content=\"summary_large_image\" \/>\n<meta name=\"twitter:creator\" content=\"@canadamotorjobs\" \/>\n<meta name=\"twitter:site\" content=\"@canadamotorjobs\" \/>\n<meta name=\"twitter:label1\" content=\"\u00c9crit par\" \/>\n\t<meta name=\"twitter:data1\" content=\"Benoit Charette\" \/>\n\t<meta name=\"twitter:label2\" content=\"Estimation du temps de lecture\" \/>\n\t<meta name=\"twitter:data2\" content=\"1 minute\" \/>\n<!-- \/ Yoast SEO plugin. -->","yoast_head_json":{"title":"Vous rappelez-vous de la Mercury Marauder d\u00e9capotable\u00a0? - CanadaMotorJobs.com","description":"Vous rappelez-vous de la Mercury Marauder d\u00e9capotable\u00a0? - Benoit Charette - Annuel automobile - CanadaMotorJobs.com.","robots":{"index":"index","follow":"follow","max-snippet":"max-snippet:-1","max-image-preview":"max-image-preview:large","max-video-preview":"max-video-preview:-1"},"og_locale":"fr_CA","og_type":"article","og_title":"Vous rappelez-vous de la Mercury Marauder d\u00e9capotable\u00a0? - CanadaMotorJobs.com","og_description":"Vous rappelez-vous de la Mercury Marauder d\u00e9capotable\u00a0? - Benoit Charette - Annuel automobile - CanadaMotorJobs.com.","og_url":"https:\/\/news.canadamotorjobs.com\/fr\/vous-rappelez-vous-de-la-mercury-marauder-decapotable\/","og_site_name":"CanadaMotorJobs.com","article_publisher":"https:\/\/www.facebook.com\/canadamotorjobs\/","article_published_time":"2022-10-08T11:27:23+00:00","article_modified_time":"2022-10-08T11:29:21+00:00","og_image":[{"width":1800,"height":1241,"url":"https:\/\/news.canadamotorjobs.com\/wp-content\/uploads\/2022\/10\/2002_Mercury_MarauderConvertibleConcept1-1.jpg","type":"image\/jpeg"}],"author":"Benoit Charette","twitter_card":"summary_large_image","twitter_creator":"@canadamotorjobs","twitter_site":"@canadamotorjobs","twitter_misc":{"\u00c9crit par":"Benoit Charette","Estimation du temps de lecture":"1 minute"},"schema":{"@context":"https:\/\/schema.org","@graph":[{"@type":"Article","@id":"https:\/\/news.canadamotorjobs.com\/fr\/vous-rappelez-vous-de-la-mercury-marauder-decapotable\/#article","isPartOf":{"@id":"https:\/\/news.canadamotorjobs.com\/fr\/vous-rappelez-vous-de-la-mercury-marauder-decapotable\/"},"author":{"name":"Benoit Charette","@id":"https:\/\/news.canadamotorjobs.com\/#\/schema\/person\/51793d1f87d44011d7bcc2ed99269a90"},"headline":"Vous rappelez-vous de la Mercury Marauder d\u00e9capotable\u00a0?","datePublished":"2022-10-08T11:27:23+00:00","dateModified":"2022-10-08T11:29:21+00:00","mainEntityOfPage":{"@id":"https:\/\/news.canadamotorjobs.com\/fr\/vous-rappelez-vous-de-la-mercury-marauder-decapotable\/"},"wordCount":148,"publisher":{"@id":"https:\/\/news.canadamotorjobs.com\/#organization"},"image":{"@id":"https:\/\/news.canadamotorjobs.com\/fr\/vous-rappelez-vous-de-la-mercury-marauder-decapotable\/#primaryimage"},"thumbnailUrl":"https:\/\/news.canadamotorjobs.com\/wp-content\/uploads\/2022\/10\/2002_Mercury_MarauderConvertibleConcept1-1.jpg","articleSection":["Annuel automobile"],"inLanguage":"fr-CA"},{"@type":"WebPage","@id":"https:\/\/news.canadamotorjobs.com\/fr\/vous-rappelez-vous-de-la-mercury-marauder-decapotable\/","url":"https:\/\/news.canadamotorjobs.com\/fr\/vous-rappelez-vous-de-la-mercury-marauder-decapotable\/","name":"Vous rappelez-vous de la Mercury Marauder d\u00e9capotable\u00a0? - CanadaMotorJobs.com","isPartOf":{"@id":"https:\/\/news.canadamotorjobs.com\/#website"},"primaryImageOfPage":{"@id":"https:\/\/news.canadamotorjobs.com\/fr\/vous-rappelez-vous-de-la-mercury-marauder-decapotable\/#primaryimage"},"image":{"@id":"https:\/\/news.canadamotorjobs.com\/fr\/vous-rappelez-vous-de-la-mercury-marauder-decapotable\/#primaryimage"},"thumbnailUrl":"https:\/\/news.canadamotorjobs.com\/wp-content\/uploads\/2022\/10\/2002_Mercury_MarauderConvertibleConcept1-1.jpg","datePublished":"2022-10-08T11:27:23+00:00","dateModified":"2022-10-08T11:29:21+00:00","description":"Vous rappelez-vous de la Mercury Marauder d\u00e9capotable\u00a0? - Benoit Charette - Annuel automobile - CanadaMotorJobs.com.","breadcrumb":{"@id":"https:\/\/news.canadamotorjobs.com\/fr\/vous-rappelez-vous-de-la-mercury-marauder-decapotable\/#breadcrumb"},"inLanguage":"fr-CA","potentialAction":[{"@type":"ReadAction","target":["https:\/\/news.canadamotorjobs.com\/fr\/vous-rappelez-vous-de-la-mercury-marauder-decapotable\/"]}]},{"@type":"ImageObject","inLanguage":"fr-CA","@id":"https:\/\/news.canadamotorjobs.com\/fr\/vous-rappelez-vous-de-la-mercury-marauder-decapotable\/#primaryimage","url":"https:\/\/news.canadamotorjobs.com\/wp-content\/uploads\/2022\/10\/2002_Mercury_MarauderConvertibleConcept1-1.jpg","contentUrl":"https:\/\/news.canadamotorjobs.com\/wp-content\/uploads\/2022\/10\/2002_Mercury_MarauderConvertibleConcept1-1.jpg","width":1800,"height":1241},{"@type":"BreadcrumbList","@id":"https:\/\/news.canadamotorjobs.com\/fr\/vous-rappelez-vous-de-la-mercury-marauder-decapotable\/#breadcrumb","itemListElement":[{"@type":"ListItem","position":1,"name":"Home","item":"https:\/\/news.canadamotorjobs.com\/fr\/blog\/"},{"@type":"ListItem","position":2,"name":"Vous rappelez-vous de la Mercury Marauder d\u00e9capotable\u00a0?"}]},{"@type":"WebSite","@id":"https:\/\/news.canadamotorjobs.com\/#website","url":"https:\/\/news.canadamotorjobs.com\/","name":"CanadaMotorJobs.com","description":"Automotive Jobs","publisher":{"@id":"https:\/\/news.canadamotorjobs.com\/#organization"},"potentialAction":[{"@type":"SearchAction","target":{"@type":"EntryPoint","urlTemplate":"https:\/\/news.canadamotorjobs.com\/?s={search_term_string}"},"query-input":"required name=search_term_string"}],"inLanguage":"fr-CA"},{"@type":"Organization","@id":"https:\/\/news.canadamotorjobs.com\/#organization","name":"Canada Motor Jobs","url":"https:\/\/news.canadamotorjobs.com\/","logo":{"@type":"ImageObject","inLanguage":"fr-CA","@id":"https:\/\/news.canadamotorjobs.com\/#\/schema\/logo\/image\/","url":"https:\/\/news.canadamotorjobs.com\/wp-content\/uploads\/2022\/10\/logo-canada-motor-jobs-1.png","contentUrl":"https:\/\/news.canadamotorjobs.com\/wp-content\/uploads\/2022\/10\/logo-canada-motor-jobs-1.png","width":800,"height":400,"caption":"Canada Motor Jobs"},"image":{"@id":"https:\/\/news.canadamotorjobs.com\/#\/schema\/logo\/image\/"},"sameAs":["https:\/\/www.facebook.com\/canadamotorjobs\/","https:\/\/x.com\/canadamotorjobs","https:\/\/www.instagram.com\/canadamotorjobs\/","https:\/\/www.linkedin.com\/company\/canadamotorjobs"]},{"@type":"Person","@id":"https:\/\/news.canadamotorjobs.com\/#\/schema\/person\/51793d1f87d44011d7bcc2ed99269a90","name":"Benoit Charette","image":{"@type":"ImageObject","inLanguage":"fr-CA","@id":"https:\/\/news.canadamotorjobs.com\/#\/schema\/person\/image\/","url":"https:\/\/secure.gravatar.com\/avatar\/45f3d2eebcccd909668d7ce7ea7267b6?s=96&d=mm&r=g","contentUrl":"https:\/\/secure.gravatar.com\/avatar\/45f3d2eebcccd909668d7ce7ea7267b6?s=96&d=mm&r=g","caption":"Benoit Charette"},"description":"Benoit Charette \/ Propri\u00e9taire et r\u00e9dacteur en chef Benoit Charette pratique le journalisme automobile depuis bient\u00f4t 30 ans. Il a fait ses classes au c\u00f4t\u00e9 de Daniel H\u00e9raud et au Carnet de route de 1992 \u00e0 2001. Il est fondateur, copropri\u00e9taire et r\u00e9dacteur en chef de L\u2019Annuel de l\u2019automobile, qu\u2019il publie depuis 2001. Il a anim\u00e9 les \u00e9missions RPM et RPM+ sur V et les L\u00e9gendes de la route sur Historia. \u00c0 la radio depuis 1986, il reprend l\u2019antenne cette ann\u00e9e sur les ondes de Cogeco et participe pour la deuxi\u00e8me ann\u00e9e \u00e0 l\u2019\u00e9mission Passion Auto sur RDS en plus de mettre en ligne le site Web officiel de L\u2019Annuel de l\u2019automobile sur annuelauto.ca.","sameAs":["https:\/\/annuelauto.ca\/"],"url":"https:\/\/news.canadamotorjobs.com\/fr\/author\/benoit-charette\/"}]}},"_links":{"self":[{"href":"https:\/\/news.canadamotorjobs.com\/fr\/wp-json\/wp\/v2\/posts\/109855"}],"collection":[{"href":"https:\/\/news.canadamotorjobs.com\/fr\/wp-json\/wp\/v2\/posts"}],"about":[{"href":"https:\/\/news.canadamotorjobs.com\/fr\/wp-json\/wp\/v2\/types\/post"}],"author":[{"embeddable":true,"href":"https:\/\/news.canadamotorjobs.com\/fr\/wp-json\/wp\/v2\/users\/8"}],"replies":[{"embeddable":true,"href":"https:\/\/news.canadamotorjobs.com\/fr\/wp-json\/wp\/v2\/comments?post=109855"}],"version-history":[{"count":0,"href":"https:\/\/news.canadamotorjobs.com\/fr\/wp-json\/wp\/v2\/posts\/109855\/revisions"}],"wp:featuredmedia":[{"embeddable":true,"href":"https:\/\/news.canadamotorjobs.com\/fr\/wp-json\/wp\/v2\/media\/109859"}],"wp:attachment":[{"href":"https:\/\/news.canadamotorjobs.com\/fr\/wp-json\/wp\/v2\/media?parent=109855"}],"wp:term":[{"taxonomy":"category","embeddable":true,"href":"https:\/\/news.canadamotorjobs.com\/fr\/wp-json\/wp\/v2\/categories?post=109855"},{"taxonomy":"post_tag","embeddable":true,"href":"https:\/\/news.canadamotorjobs.com\/fr\/wp-json\/wp\/v2\/tags?post=109855"}],"curies":[{"name":"wp","href":"https:\/\/api.w.org\/{rel}","templated":true}]}}