{"id":105271,"date":"2022-10-07T07:42:11","date_gmt":"2022-10-07T11:42:11","guid":{"rendered":"https:\/\/blog.canadamotorjobs.com\/halo-car-entre-la-conduite-traditionnelle-et-lautonomie\/"},"modified":"2022-10-07T07:43:49","modified_gmt":"2022-10-07T11:43:49","slug":"halo-car-entre-la-conduite-traditionnelle-et-lautonomie","status":"publish","type":"post","link":"https:\/\/news.canadamotorjobs.com\/fr\/halo-car-entre-la-conduite-traditionnelle-et-lautonomie\/","title":{"rendered":"Halo.car: Entre la conduite traditionnelle et l\u2019autonomie"},"content":{"rendered":"<\/p>\n<p>Le sujet des v\u00e9hicules autonomes commence \u00e0 refaire surface depuis quelques mois. Une jeune pousse de Las Vegas, Halo.car a annonc\u00e9 cette semaine une approche diff\u00e9rente de l\u2019autonomie qui n\u2019en n\u2019est pas une dans les faits. Il n\u2019y aura pas de conducteur dans le v\u00e9hicule, mais plut\u00f4t en conduite \u00e0 distance.<br \/> Un v\u00e9hicule t\u00e9l\u00e9guid\u00e9<br \/> La petite entreprise n\u2019offre pas de services de conduite autonome (pas encore), mais s&#8217;appuie plut\u00f4t sur des conducteurs humains, faisant fonctionner ses v\u00e9hicules \u00e0 distance depuis un emplacement central pour les d\u00e9placer vers leurs clients. Une fois sur place, les clients peuvent conduire leur v\u00e9hicule normalement. Jusqu\u2019\u00e0 maintenant, Halo devait avoir un conducteur de s\u00e9curit\u00e9 \u00e0 bord, mais bient\u00f4t, tout se fera \u00e0 distance.<br \/> Plus de 1000 v\u00e9hicules \u00e9lectriques bient\u00f4t en fonction<br \/> D&#8217;ici \u00e0 la fin de 2023, Halo.car pr\u00e9voit de disposer d&#8217;une flotte de 1 000 v\u00e9hicules \u00e9lectriques en activit\u00e9. Les v\u00e9hicules Halo.Car sont command\u00e9s \u00e0 distance sur le r\u00e9seau 5G \u00e0 bande moyenne Ultra Capacity de T-Mobile, ainsi que sur d&#8217;autres si n\u00e9cessaire. Celui-ci est utilis\u00e9 pour transmettre un flux vid\u00e9o \u00e0 un conducteur dans ce qui est assis devant un simulateur. Bien que l&#8217;entreprise soit ouverte \u00e0 l&#8217;id\u00e9e d&#8217;utiliser des v\u00e9hicules autonomes \u00e0 l&#8217;avenir, elle affirme que les conducteurs \u00e0 distance constituent un bon palliatif en attendant que cette technologie soit d\u00e9velopp\u00e9e.<\/p>\n<p> &nbsp;<\/p>\n<p> Avec des renseignements de Carscoops<\/p>\n<p> &nbsp;<\/p>\n<p> &nbsp;<\/p>\n<p> &nbsp;<\/p>\n<p>Le texte <a rel=\"nofollow\" href=\"https:\/\/annuelauto.ca\/halo-car-entre-la-conduite-tradiotionnel-et-lautonomie\/\">Halo.car: Entre la conduite traditionnelle et l&rsquo;autonomie<\/a> provient de <a rel=\"nofollow\" href=\"https:\/\/annuelauto.ca\">L&#039;annuel de l&#039;automobile &#8211; Actualit\u00e9 automobile<\/a><\/p>\n<p> <\/p>\n","protected":false},"excerpt":{"rendered":"<p>Le sujet des v\u00e9hicules autonomes commence \u00e0 refaire surface depuis quelques mois. Une jeune pousse de Las Vegas, Halo.car a annonc\u00e9 cette semaine une approche diff\u00e9rente de l\u2019autonomie qui n\u2019en n\u2019est pas une dans les faits. Il n\u2019y aura pas de conducteur dans le v\u00e9hicule, mais plut\u00f4t en conduite \u00e0 distance. Un v\u00e9hicule t\u00e9l\u00e9guid\u00e9 La [&hellip;]<\/p>\n","protected":false},"author":8,"featured_media":105275,"comment_status":"close","ping_status":"closed","sticky":false,"template":"","format":"standard","meta":{"_monsterinsights_skip_tracking":false,"_monsterinsights_sitenote_active":false,"_monsterinsights_sitenote_note":"","_monsterinsights_sitenote_category":0,"footnotes":""},"categories":[101],"tags":[],"yoast_head":"<!-- This site is optimized with the Yoast SEO plugin v23.2 - https:\/\/yoast.com\/wordpress\/plugins\/seo\/ -->\n<title>Halo.car: Entre la conduite traditionnelle et l\u2019autonomie - CanadaMotorJobs.com<\/title>\n<meta name=\"description\" content=\"Halo.car: Entre la conduite traditionnelle et l\u2019autonomie - Benoit Charette - Annuel automobile - CanadaMotorJobs.com.\" \/>\n<meta name=\"robots\" content=\"index, follow, max-snippet:-1, max-image-preview:large, max-video-preview:-1\" \/>\n<meta property=\"og:locale\" content=\"fr_CA\" \/>\n<meta property=\"og:type\" content=\"article\" \/>\n<meta property=\"og:title\" content=\"Halo.car: Entre la conduite traditionnelle et l\u2019autonomie - CanadaMotorJobs.com\" \/>\n<meta property=\"og:description\" content=\"Halo.car: Entre la conduite traditionnelle et l\u2019autonomie - Benoit Charette - Annuel automobile - CanadaMotorJobs.com.\" \/>\n<meta property=\"og:url\" content=\"https:\/\/news.canadamotorjobs.com\/fr\/halo-car-entre-la-conduite-traditionnelle-et-lautonomie\/\" \/>\n<meta property=\"og:site_name\" content=\"CanadaMotorJobs.com\" \/>\n<meta property=\"article:publisher\" content=\"https:\/\/www.facebook.com\/canadamotorjobs\/\" \/>\n<meta property=\"article:published_time\" content=\"2022-10-07T11:42:11+00:00\" \/>\n<meta property=\"article:modified_time\" content=\"2022-10-07T11:43:49+00:00\" \/>\n<meta property=\"og:image\" content=\"https:\/\/news.canadamotorjobs.com\/wp-content\/uploads\/2022\/10\/halo-1.jpg\" \/>\n\t<meta property=\"og:image:width\" content=\"1400\" \/>\n\t<meta property=\"og:image:height\" content=\"788\" \/>\n\t<meta property=\"og:image:type\" content=\"image\/jpeg\" \/>\n<meta name=\"author\" content=\"Benoit Charette\" \/>\n<meta name=\"twitter:card\" content=\"summary_large_image\" \/>\n<meta name=\"twitter:creator\" content=\"@canadamotorjobs\" \/>\n<meta name=\"twitter:site\" content=\"@canadamotorjobs\" \/>\n<meta name=\"twitter:label1\" content=\"\u00c9crit par\" \/>\n\t<meta name=\"twitter:data1\" content=\"Benoit Charette\" \/>\n\t<meta name=\"twitter:label2\" content=\"Estimation du temps de lecture\" \/>\n\t<meta name=\"twitter:data2\" content=\"1 minute\" \/>\n<!-- \/ Yoast SEO plugin. -->","yoast_head_json":{"title":"Halo.car: Entre la conduite traditionnelle et l\u2019autonomie - CanadaMotorJobs.com","description":"Halo.car: Entre la conduite traditionnelle et l\u2019autonomie - Benoit Charette - Annuel automobile - CanadaMotorJobs.com.","robots":{"index":"index","follow":"follow","max-snippet":"max-snippet:-1","max-image-preview":"max-image-preview:large","max-video-preview":"max-video-preview:-1"},"og_locale":"fr_CA","og_type":"article","og_title":"Halo.car: Entre la conduite traditionnelle et l\u2019autonomie - CanadaMotorJobs.com","og_description":"Halo.car: Entre la conduite traditionnelle et l\u2019autonomie - Benoit Charette - Annuel automobile - CanadaMotorJobs.com.","og_url":"https:\/\/news.canadamotorjobs.com\/fr\/halo-car-entre-la-conduite-traditionnelle-et-lautonomie\/","og_site_name":"CanadaMotorJobs.com","article_publisher":"https:\/\/www.facebook.com\/canadamotorjobs\/","article_published_time":"2022-10-07T11:42:11+00:00","article_modified_time":"2022-10-07T11:43:49+00:00","og_image":[{"width":1400,"height":788,"url":"https:\/\/news.canadamotorjobs.com\/wp-content\/uploads\/2022\/10\/halo-1.jpg","type":"image\/jpeg"}],"author":"Benoit Charette","twitter_card":"summary_large_image","twitter_creator":"@canadamotorjobs","twitter_site":"@canadamotorjobs","twitter_misc":{"\u00c9crit par":"Benoit Charette","Estimation du temps de lecture":"1 minute"},"schema":{"@context":"https:\/\/schema.org","@graph":[{"@type":"Article","@id":"https:\/\/news.canadamotorjobs.com\/fr\/halo-car-entre-la-conduite-traditionnelle-et-lautonomie\/#article","isPartOf":{"@id":"https:\/\/news.canadamotorjobs.com\/fr\/halo-car-entre-la-conduite-traditionnelle-et-lautonomie\/"},"author":{"name":"Benoit Charette","@id":"https:\/\/news.canadamotorjobs.com\/#\/schema\/person\/51793d1f87d44011d7bcc2ed99269a90"},"headline":"Halo.car: Entre la conduite traditionnelle et l\u2019autonomie","datePublished":"2022-10-07T11:42:11+00:00","dateModified":"2022-10-07T11:43:49+00:00","mainEntityOfPage":{"@id":"https:\/\/news.canadamotorjobs.com\/fr\/halo-car-entre-la-conduite-traditionnelle-et-lautonomie\/"},"wordCount":285,"publisher":{"@id":"https:\/\/news.canadamotorjobs.com\/#organization"},"image":{"@id":"https:\/\/news.canadamotorjobs.com\/fr\/halo-car-entre-la-conduite-traditionnelle-et-lautonomie\/#primaryimage"},"thumbnailUrl":"https:\/\/news.canadamotorjobs.com\/wp-content\/uploads\/2022\/10\/halo-1.jpg","articleSection":["Annuel automobile"],"inLanguage":"fr-CA"},{"@type":"WebPage","@id":"https:\/\/news.canadamotorjobs.com\/fr\/halo-car-entre-la-conduite-traditionnelle-et-lautonomie\/","url":"https:\/\/news.canadamotorjobs.com\/fr\/halo-car-entre-la-conduite-traditionnelle-et-lautonomie\/","name":"Halo.car: Entre la conduite traditionnelle et l\u2019autonomie - CanadaMotorJobs.com","isPartOf":{"@id":"https:\/\/news.canadamotorjobs.com\/#website"},"primaryImageOfPage":{"@id":"https:\/\/news.canadamotorjobs.com\/fr\/halo-car-entre-la-conduite-traditionnelle-et-lautonomie\/#primaryimage"},"image":{"@id":"https:\/\/news.canadamotorjobs.com\/fr\/halo-car-entre-la-conduite-traditionnelle-et-lautonomie\/#primaryimage"},"thumbnailUrl":"https:\/\/news.canadamotorjobs.com\/wp-content\/uploads\/2022\/10\/halo-1.jpg","datePublished":"2022-10-07T11:42:11+00:00","dateModified":"2022-10-07T11:43:49+00:00","description":"Halo.car: Entre la conduite traditionnelle et l\u2019autonomie - Benoit Charette - Annuel automobile - CanadaMotorJobs.com.","breadcrumb":{"@id":"https:\/\/news.canadamotorjobs.com\/fr\/halo-car-entre-la-conduite-traditionnelle-et-lautonomie\/#breadcrumb"},"inLanguage":"fr-CA","potentialAction":[{"@type":"ReadAction","target":["https:\/\/news.canadamotorjobs.com\/fr\/halo-car-entre-la-conduite-traditionnelle-et-lautonomie\/"]}]},{"@type":"ImageObject","inLanguage":"fr-CA","@id":"https:\/\/news.canadamotorjobs.com\/fr\/halo-car-entre-la-conduite-traditionnelle-et-lautonomie\/#primaryimage","url":"https:\/\/news.canadamotorjobs.com\/wp-content\/uploads\/2022\/10\/halo-1.jpg","contentUrl":"https:\/\/news.canadamotorjobs.com\/wp-content\/uploads\/2022\/10\/halo-1.jpg","width":1400,"height":788},{"@type":"BreadcrumbList","@id":"https:\/\/news.canadamotorjobs.com\/fr\/halo-car-entre-la-conduite-traditionnelle-et-lautonomie\/#breadcrumb","itemListElement":[{"@type":"ListItem","position":1,"name":"Home","item":"https:\/\/news.canadamotorjobs.com\/fr\/blog\/"},{"@type":"ListItem","position":2,"name":"Halo.car: Entre la conduite traditionnelle et l\u2019autonomie"}]},{"@type":"WebSite","@id":"https:\/\/news.canadamotorjobs.com\/#website","url":"https:\/\/news.canadamotorjobs.com\/","name":"CanadaMotorJobs.com","description":"Automotive Jobs","publisher":{"@id":"https:\/\/news.canadamotorjobs.com\/#organization"},"potentialAction":[{"@type":"SearchAction","target":{"@type":"EntryPoint","urlTemplate":"https:\/\/news.canadamotorjobs.com\/?s={search_term_string}"},"query-input":"required name=search_term_string"}],"inLanguage":"fr-CA"},{"@type":"Organization","@id":"https:\/\/news.canadamotorjobs.com\/#organization","name":"Canada Motor Jobs","url":"https:\/\/news.canadamotorjobs.com\/","logo":{"@type":"ImageObject","inLanguage":"fr-CA","@id":"https:\/\/news.canadamotorjobs.com\/#\/schema\/logo\/image\/","url":"https:\/\/news.canadamotorjobs.com\/wp-content\/uploads\/2022\/10\/logo-canada-motor-jobs-1.png","contentUrl":"https:\/\/news.canadamotorjobs.com\/wp-content\/uploads\/2022\/10\/logo-canada-motor-jobs-1.png","width":800,"height":400,"caption":"Canada Motor Jobs"},"image":{"@id":"https:\/\/news.canadamotorjobs.com\/#\/schema\/logo\/image\/"},"sameAs":["https:\/\/www.facebook.com\/canadamotorjobs\/","https:\/\/x.com\/canadamotorjobs","https:\/\/www.instagram.com\/canadamotorjobs\/","https:\/\/www.linkedin.com\/company\/canadamotorjobs"]},{"@type":"Person","@id":"https:\/\/news.canadamotorjobs.com\/#\/schema\/person\/51793d1f87d44011d7bcc2ed99269a90","name":"Benoit Charette","image":{"@type":"ImageObject","inLanguage":"fr-CA","@id":"https:\/\/news.canadamotorjobs.com\/#\/schema\/person\/image\/","url":"https:\/\/secure.gravatar.com\/avatar\/45f3d2eebcccd909668d7ce7ea7267b6?s=96&d=mm&r=g","contentUrl":"https:\/\/secure.gravatar.com\/avatar\/45f3d2eebcccd909668d7ce7ea7267b6?s=96&d=mm&r=g","caption":"Benoit Charette"},"description":"Benoit Charette \/ Propri\u00e9taire et r\u00e9dacteur en chef Benoit Charette pratique le journalisme automobile depuis bient\u00f4t 30 ans. Il a fait ses classes au c\u00f4t\u00e9 de Daniel H\u00e9raud et au Carnet de route de 1992 \u00e0 2001. Il est fondateur, copropri\u00e9taire et r\u00e9dacteur en chef de L\u2019Annuel de l\u2019automobile, qu\u2019il publie depuis 2001. Il a anim\u00e9 les \u00e9missions RPM et RPM+ sur V et les L\u00e9gendes de la route sur Historia. \u00c0 la radio depuis 1986, il reprend l\u2019antenne cette ann\u00e9e sur les ondes de Cogeco et participe pour la deuxi\u00e8me ann\u00e9e \u00e0 l\u2019\u00e9mission Passion Auto sur RDS en plus de mettre en ligne le site Web officiel de L\u2019Annuel de l\u2019automobile sur annuelauto.ca.","sameAs":["https:\/\/annuelauto.ca\/"],"url":"https:\/\/news.canadamotorjobs.com\/fr\/author\/benoit-charette\/"}]}},"_links":{"self":[{"href":"https:\/\/news.canadamotorjobs.com\/fr\/wp-json\/wp\/v2\/posts\/105271"}],"collection":[{"href":"https:\/\/news.canadamotorjobs.com\/fr\/wp-json\/wp\/v2\/posts"}],"about":[{"href":"https:\/\/news.canadamotorjobs.com\/fr\/wp-json\/wp\/v2\/types\/post"}],"author":[{"embeddable":true,"href":"https:\/\/news.canadamotorjobs.com\/fr\/wp-json\/wp\/v2\/users\/8"}],"replies":[{"embeddable":true,"href":"https:\/\/news.canadamotorjobs.com\/fr\/wp-json\/wp\/v2\/comments?post=105271"}],"version-history":[{"count":0,"href":"https:\/\/news.canadamotorjobs.com\/fr\/wp-json\/wp\/v2\/posts\/105271\/revisions"}],"wp:featuredmedia":[{"embeddable":true,"href":"https:\/\/news.canadamotorjobs.com\/fr\/wp-json\/wp\/v2\/media\/105275"}],"wp:attachment":[{"href":"https:\/\/news.canadamotorjobs.com\/fr\/wp-json\/wp\/v2\/media?parent=105271"}],"wp:term":[{"taxonomy":"category","embeddable":true,"href":"https:\/\/news.canadamotorjobs.com\/fr\/wp-json\/wp\/v2\/categories?post=105271"},{"taxonomy":"post_tag","embeddable":true,"href":"https:\/\/news.canadamotorjobs.com\/fr\/wp-json\/wp\/v2\/tags?post=105271"}],"curies":[{"name":"wp","href":"https:\/\/api.w.org\/{rel}","templated":true}]}}