{"id":105159,"date":"2022-10-07T07:09:39","date_gmt":"2022-10-07T11:09:39","guid":{"rendered":"https:\/\/blog.canadamotorjobs.com\/pepsi-va-recevoir-ses-premiers-tesla-semi-le-1er-decembre\/"},"modified":"2022-10-07T07:14:54","modified_gmt":"2022-10-07T11:14:54","slug":"pepsi-va-recevoir-ses-premiers-tesla-semi-le-1er-decembre","status":"publish","type":"post","link":"https:\/\/news.canadamotorjobs.com\/fr\/pepsi-va-recevoir-ses-premiers-tesla-semi-le-1er-decembre\/","title":{"rendered":"Pepsi va recevoir ses premiers Tesla Semi le 1er d\u00e9cembre"},"content":{"rendered":"<\/p>\n<p>Elon Musk a annonc\u00e9 que ses premiers Tesla Semi entreront en service le 1er d\u00e9cembre et c\u2019est le g\u00e9ant des boissons gazeuses Pepsi qui est le premier client sur la liste. Ce camions de classe 8 a \u00e9t\u00e9 d\u00e9voil\u00e9 pour la premi\u00e8re fois en 2017 et devait \u00e0 l\u2019origine en 2019. C\u2019est donc avec trois ans de retard que Pepsi va finalement prendre livraison de ses camions.<br \/> Autonomie annonc\u00e9e de 805\u00a0km<br \/> Musk a r\u00e9affirm\u00e9 que le v\u00e9hicule avait une autonomie de 805\u00a0km sur une seule charge.<br \/> Les camions \u00e9lectriques Tesla Semi sont produits au Nevada, pr\u00e8s de la Gigafactory de Tesla. Apr\u00e8s le lancement du mod\u00e8le en 2017, PepsiCo avait pass\u00e9 l&#8217;une des plus grosses commandes avec 100 camions \u00e9lectriques \u00e0 ajouter \u00e0 sa flotte. L&#8217;entreprise pr\u00e9voyait d&#8217;utiliser 15 de ces camions pour un projet visant \u00e0 transformer son site Frito-Lay de Modesto, en Californie, en une installation \u00e0 \u00e9mission z\u00e9ro. L&#8217;ann\u00e9e derni\u00e8re, PepsiCo a d\u00e9clar\u00e9 qu&#8217;elle s&#8217;attendait \u00e0 prendre livraison de ces 15 camions Tesla Semi d&#8217;ici la fin de l&#8217;ann\u00e9e avant d&#8217;\u00eatre \u00e0 nouveau retard\u00e9e.<br \/> Des \u00e9conomies d\u2019\u00e9chelle<br \/> Selon le site Electrek, le Tesla Semi a le potentiel pour changer la donne dans le secteur du camionnage avec son autonomie utile de 800\u00a0km et son efficacit\u00e9 de moins et un co\u00fbt d&#8217;exploitation de 0,40\u00a0$ par kilom\u00e8tre. C&#8217;est environ la moiti\u00e9 du co\u00fbt d&#8217;exploitation d&#8217;un camion diesel. Si l&#8217;on consid\u00e8re que les entreprises peuvent d\u00e9penser jusqu&#8217;\u00e0 80 000 dollars par an et par camion en carburant, on peut imaginer<\/p>\n","protected":false},"excerpt":{"rendered":"<p>Elon Musk a annonc\u00e9 que ses premiers Tesla Semi entreront en service le 1er d\u00e9cembre et c\u2019est le g\u00e9ant des boissons gazeuses Pepsi qui est le premier client sur la liste. Ce camions de classe 8 a \u00e9t\u00e9 d\u00e9voil\u00e9 pour la premi\u00e8re fois en 2017 et devait \u00e0 l\u2019origine en 2019. C\u2019est donc avec trois [&hellip;]<\/p>\n","protected":false},"author":8,"featured_media":105163,"comment_status":"close","ping_status":"closed","sticky":false,"template":"","format":"standard","meta":{"_monsterinsights_skip_tracking":false,"_monsterinsights_sitenote_active":false,"_monsterinsights_sitenote_note":"","_monsterinsights_sitenote_category":0,"footnotes":""},"categories":[101],"tags":[],"yoast_head":"<!-- This site is optimized with the Yoast SEO plugin v23.2 - https:\/\/yoast.com\/wordpress\/plugins\/seo\/ -->\n<title>Pepsi va recevoir ses premiers Tesla Semi le 1er d\u00e9cembre - CanadaMotorJobs.com<\/title>\n<meta name=\"description\" content=\"Pepsi va recevoir ses premiers Tesla Semi le 1er d\u00e9cembre - Benoit Charette - Annuel automobile - CanadaMotorJobs.com.\" \/>\n<meta name=\"robots\" content=\"index, follow, max-snippet:-1, max-image-preview:large, max-video-preview:-1\" \/>\n<meta property=\"og:locale\" content=\"fr_CA\" \/>\n<meta property=\"og:type\" content=\"article\" \/>\n<meta property=\"og:title\" content=\"Pepsi va recevoir ses premiers Tesla Semi le 1er d\u00e9cembre - CanadaMotorJobs.com\" \/>\n<meta property=\"og:description\" content=\"Pepsi va recevoir ses premiers Tesla Semi le 1er d\u00e9cembre - Benoit Charette - Annuel automobile - CanadaMotorJobs.com.\" \/>\n<meta property=\"og:url\" content=\"https:\/\/news.canadamotorjobs.com\/fr\/pepsi-va-recevoir-ses-premiers-tesla-semi-le-1er-decembre\/\" \/>\n<meta property=\"og:site_name\" content=\"CanadaMotorJobs.com\" \/>\n<meta property=\"article:publisher\" content=\"https:\/\/www.facebook.com\/canadamotorjobs\/\" \/>\n<meta property=\"article:published_time\" content=\"2022-10-07T11:09:39+00:00\" \/>\n<meta property=\"article:modified_time\" content=\"2022-10-07T11:14:54+00:00\" \/>\n<meta property=\"og:image\" content=\"https:\/\/news.canadamotorjobs.com\/wp-content\/uploads\/2022\/10\/0x0-Semi_05-scaled-1-1.jpg\" \/>\n\t<meta property=\"og:image:width\" content=\"2560\" \/>\n\t<meta property=\"og:image:height\" content=\"1707\" \/>\n\t<meta property=\"og:image:type\" content=\"image\/jpeg\" \/>\n<meta name=\"author\" content=\"Benoit Charette\" \/>\n<meta name=\"twitter:card\" content=\"summary_large_image\" \/>\n<meta name=\"twitter:creator\" content=\"@canadamotorjobs\" \/>\n<meta name=\"twitter:site\" content=\"@canadamotorjobs\" \/>\n<meta name=\"twitter:label1\" content=\"\u00c9crit par\" \/>\n\t<meta name=\"twitter:data1\" content=\"Benoit Charette\" \/>\n\t<meta name=\"twitter:label2\" content=\"Estimation du temps de lecture\" \/>\n\t<meta name=\"twitter:data2\" content=\"1 minute\" \/>\n<!-- \/ Yoast SEO plugin. -->","yoast_head_json":{"title":"Pepsi va recevoir ses premiers Tesla Semi le 1er d\u00e9cembre - CanadaMotorJobs.com","description":"Pepsi va recevoir ses premiers Tesla Semi le 1er d\u00e9cembre - Benoit Charette - Annuel automobile - CanadaMotorJobs.com.","robots":{"index":"index","follow":"follow","max-snippet":"max-snippet:-1","max-image-preview":"max-image-preview:large","max-video-preview":"max-video-preview:-1"},"og_locale":"fr_CA","og_type":"article","og_title":"Pepsi va recevoir ses premiers Tesla Semi le 1er d\u00e9cembre - CanadaMotorJobs.com","og_description":"Pepsi va recevoir ses premiers Tesla Semi le 1er d\u00e9cembre - Benoit Charette - Annuel automobile - CanadaMotorJobs.com.","og_url":"https:\/\/news.canadamotorjobs.com\/fr\/pepsi-va-recevoir-ses-premiers-tesla-semi-le-1er-decembre\/","og_site_name":"CanadaMotorJobs.com","article_publisher":"https:\/\/www.facebook.com\/canadamotorjobs\/","article_published_time":"2022-10-07T11:09:39+00:00","article_modified_time":"2022-10-07T11:14:54+00:00","og_image":[{"width":2560,"height":1707,"url":"https:\/\/news.canadamotorjobs.com\/wp-content\/uploads\/2022\/10\/0x0-Semi_05-scaled-1-1.jpg","type":"image\/jpeg"}],"author":"Benoit Charette","twitter_card":"summary_large_image","twitter_creator":"@canadamotorjobs","twitter_site":"@canadamotorjobs","twitter_misc":{"\u00c9crit par":"Benoit Charette","Estimation du temps de lecture":"1 minute"},"schema":{"@context":"https:\/\/schema.org","@graph":[{"@type":"Article","@id":"https:\/\/news.canadamotorjobs.com\/fr\/pepsi-va-recevoir-ses-premiers-tesla-semi-le-1er-decembre\/#article","isPartOf":{"@id":"https:\/\/news.canadamotorjobs.com\/fr\/pepsi-va-recevoir-ses-premiers-tesla-semi-le-1er-decembre\/"},"author":{"name":"Benoit Charette","@id":"https:\/\/news.canadamotorjobs.com\/#\/schema\/person\/51793d1f87d44011d7bcc2ed99269a90"},"headline":"Pepsi va recevoir ses premiers Tesla Semi le 1er d\u00e9cembre","datePublished":"2022-10-07T11:09:39+00:00","dateModified":"2022-10-07T11:14:54+00:00","mainEntityOfPage":{"@id":"https:\/\/news.canadamotorjobs.com\/fr\/pepsi-va-recevoir-ses-premiers-tesla-semi-le-1er-decembre\/"},"wordCount":284,"publisher":{"@id":"https:\/\/news.canadamotorjobs.com\/#organization"},"image":{"@id":"https:\/\/news.canadamotorjobs.com\/fr\/pepsi-va-recevoir-ses-premiers-tesla-semi-le-1er-decembre\/#primaryimage"},"thumbnailUrl":"https:\/\/news.canadamotorjobs.com\/wp-content\/uploads\/2022\/10\/0x0-Semi_05-scaled-1-1.jpg","articleSection":["Annuel automobile"],"inLanguage":"fr-CA"},{"@type":"WebPage","@id":"https:\/\/news.canadamotorjobs.com\/fr\/pepsi-va-recevoir-ses-premiers-tesla-semi-le-1er-decembre\/","url":"https:\/\/news.canadamotorjobs.com\/fr\/pepsi-va-recevoir-ses-premiers-tesla-semi-le-1er-decembre\/","name":"Pepsi va recevoir ses premiers Tesla Semi le 1er d\u00e9cembre - CanadaMotorJobs.com","isPartOf":{"@id":"https:\/\/news.canadamotorjobs.com\/#website"},"primaryImageOfPage":{"@id":"https:\/\/news.canadamotorjobs.com\/fr\/pepsi-va-recevoir-ses-premiers-tesla-semi-le-1er-decembre\/#primaryimage"},"image":{"@id":"https:\/\/news.canadamotorjobs.com\/fr\/pepsi-va-recevoir-ses-premiers-tesla-semi-le-1er-decembre\/#primaryimage"},"thumbnailUrl":"https:\/\/news.canadamotorjobs.com\/wp-content\/uploads\/2022\/10\/0x0-Semi_05-scaled-1-1.jpg","datePublished":"2022-10-07T11:09:39+00:00","dateModified":"2022-10-07T11:14:54+00:00","description":"Pepsi va recevoir ses premiers Tesla Semi le 1er d\u00e9cembre - Benoit Charette - Annuel automobile - CanadaMotorJobs.com.","breadcrumb":{"@id":"https:\/\/news.canadamotorjobs.com\/fr\/pepsi-va-recevoir-ses-premiers-tesla-semi-le-1er-decembre\/#breadcrumb"},"inLanguage":"fr-CA","potentialAction":[{"@type":"ReadAction","target":["https:\/\/news.canadamotorjobs.com\/fr\/pepsi-va-recevoir-ses-premiers-tesla-semi-le-1er-decembre\/"]}]},{"@type":"ImageObject","inLanguage":"fr-CA","@id":"https:\/\/news.canadamotorjobs.com\/fr\/pepsi-va-recevoir-ses-premiers-tesla-semi-le-1er-decembre\/#primaryimage","url":"https:\/\/news.canadamotorjobs.com\/wp-content\/uploads\/2022\/10\/0x0-Semi_05-scaled-1-1.jpg","contentUrl":"https:\/\/news.canadamotorjobs.com\/wp-content\/uploads\/2022\/10\/0x0-Semi_05-scaled-1-1.jpg","width":2560,"height":1707},{"@type":"BreadcrumbList","@id":"https:\/\/news.canadamotorjobs.com\/fr\/pepsi-va-recevoir-ses-premiers-tesla-semi-le-1er-decembre\/#breadcrumb","itemListElement":[{"@type":"ListItem","position":1,"name":"Home","item":"https:\/\/news.canadamotorjobs.com\/fr\/blog\/"},{"@type":"ListItem","position":2,"name":"Pepsi va recevoir ses premiers Tesla Semi le 1er d\u00e9cembre"}]},{"@type":"WebSite","@id":"https:\/\/news.canadamotorjobs.com\/#website","url":"https:\/\/news.canadamotorjobs.com\/","name":"CanadaMotorJobs.com","description":"Automotive Jobs","publisher":{"@id":"https:\/\/news.canadamotorjobs.com\/#organization"},"potentialAction":[{"@type":"SearchAction","target":{"@type":"EntryPoint","urlTemplate":"https:\/\/news.canadamotorjobs.com\/?s={search_term_string}"},"query-input":"required name=search_term_string"}],"inLanguage":"fr-CA"},{"@type":"Organization","@id":"https:\/\/news.canadamotorjobs.com\/#organization","name":"Canada Motor Jobs","url":"https:\/\/news.canadamotorjobs.com\/","logo":{"@type":"ImageObject","inLanguage":"fr-CA","@id":"https:\/\/news.canadamotorjobs.com\/#\/schema\/logo\/image\/","url":"https:\/\/news.canadamotorjobs.com\/wp-content\/uploads\/2022\/10\/logo-canada-motor-jobs-1.png","contentUrl":"https:\/\/news.canadamotorjobs.com\/wp-content\/uploads\/2022\/10\/logo-canada-motor-jobs-1.png","width":800,"height":400,"caption":"Canada Motor Jobs"},"image":{"@id":"https:\/\/news.canadamotorjobs.com\/#\/schema\/logo\/image\/"},"sameAs":["https:\/\/www.facebook.com\/canadamotorjobs\/","https:\/\/x.com\/canadamotorjobs","https:\/\/www.instagram.com\/canadamotorjobs\/","https:\/\/www.linkedin.com\/company\/canadamotorjobs"]},{"@type":"Person","@id":"https:\/\/news.canadamotorjobs.com\/#\/schema\/person\/51793d1f87d44011d7bcc2ed99269a90","name":"Benoit Charette","image":{"@type":"ImageObject","inLanguage":"fr-CA","@id":"https:\/\/news.canadamotorjobs.com\/#\/schema\/person\/image\/","url":"https:\/\/secure.gravatar.com\/avatar\/45f3d2eebcccd909668d7ce7ea7267b6?s=96&d=mm&r=g","contentUrl":"https:\/\/secure.gravatar.com\/avatar\/45f3d2eebcccd909668d7ce7ea7267b6?s=96&d=mm&r=g","caption":"Benoit Charette"},"description":"Benoit Charette \/ Propri\u00e9taire et r\u00e9dacteur en chef Benoit Charette pratique le journalisme automobile depuis bient\u00f4t 30 ans. Il a fait ses classes au c\u00f4t\u00e9 de Daniel H\u00e9raud et au Carnet de route de 1992 \u00e0 2001. Il est fondateur, copropri\u00e9taire et r\u00e9dacteur en chef de L\u2019Annuel de l\u2019automobile, qu\u2019il publie depuis 2001. Il a anim\u00e9 les \u00e9missions RPM et RPM+ sur V et les L\u00e9gendes de la route sur Historia. \u00c0 la radio depuis 1986, il reprend l\u2019antenne cette ann\u00e9e sur les ondes de Cogeco et participe pour la deuxi\u00e8me ann\u00e9e \u00e0 l\u2019\u00e9mission Passion Auto sur RDS en plus de mettre en ligne le site Web officiel de L\u2019Annuel de l\u2019automobile sur annuelauto.ca.","sameAs":["https:\/\/annuelauto.ca\/"],"url":"https:\/\/news.canadamotorjobs.com\/fr\/author\/benoit-charette\/"}]}},"_links":{"self":[{"href":"https:\/\/news.canadamotorjobs.com\/fr\/wp-json\/wp\/v2\/posts\/105159"}],"collection":[{"href":"https:\/\/news.canadamotorjobs.com\/fr\/wp-json\/wp\/v2\/posts"}],"about":[{"href":"https:\/\/news.canadamotorjobs.com\/fr\/wp-json\/wp\/v2\/types\/post"}],"author":[{"embeddable":true,"href":"https:\/\/news.canadamotorjobs.com\/fr\/wp-json\/wp\/v2\/users\/8"}],"replies":[{"embeddable":true,"href":"https:\/\/news.canadamotorjobs.com\/fr\/wp-json\/wp\/v2\/comments?post=105159"}],"version-history":[{"count":0,"href":"https:\/\/news.canadamotorjobs.com\/fr\/wp-json\/wp\/v2\/posts\/105159\/revisions"}],"wp:featuredmedia":[{"embeddable":true,"href":"https:\/\/news.canadamotorjobs.com\/fr\/wp-json\/wp\/v2\/media\/105163"}],"wp:attachment":[{"href":"https:\/\/news.canadamotorjobs.com\/fr\/wp-json\/wp\/v2\/media?parent=105159"}],"wp:term":[{"taxonomy":"category","embeddable":true,"href":"https:\/\/news.canadamotorjobs.com\/fr\/wp-json\/wp\/v2\/categories?post=105159"},{"taxonomy":"post_tag","embeddable":true,"href":"https:\/\/news.canadamotorjobs.com\/fr\/wp-json\/wp\/v2\/tags?post=105159"}],"curies":[{"name":"wp","href":"https:\/\/api.w.org\/{rel}","templated":true}]}}