{"id":104935,"date":"2022-10-07T06:09:40","date_gmt":"2022-10-07T10:09:40","guid":{"rendered":"https:\/\/blog.canadamotorjobs.com\/7-octobre-1948-citroen-presente-la-2cv-a-paris\/"},"modified":"2022-10-07T06:13:43","modified_gmt":"2022-10-07T10:13:43","slug":"7-octobre-1948-citroen-presente-la-2cv-a-paris","status":"publish","type":"post","link":"https:\/\/news.canadamotorjobs.com\/fr\/7-octobre-1948-citroen-presente-la-2cv-a-paris\/","title":{"rendered":"7 octobre 1948\u00a0: Citro\u00ebn pr\u00e9sente la 2CV \u00e0 Paris"},"content":{"rendered":"<\/p>\n<p>Un morceau de l\u2019histoire automobile fran\u00e7aise est pr\u00e9sent\u00e9 au Salon de l\u2019auto de Paris. Les gens voient pour la premi\u00e8re fois la 2CV avec un mod\u00e8le de s\u00e9rie quasi identique au concept.<br \/> Minimaliste<br \/> Citro\u00ebn n\u2019avait pas au d\u00e9part \u00e9quip\u00e9 ce mod\u00e8le d\u2019un d\u00e9marreur \u00e9lectrique, mais plut\u00f4t d\u2019un d\u00e9marreur \u00e0 cordon comme les tondeuses. La marque s\u2019est ravis\u00e9e \u00e0 la derni\u00e8re minute en r\u00e9alisant la difficult\u00e9 de mettre le moteur en marche. La Type A n&#8217;avait qu&#8217;un seul feu d\u2019arr\u00eat et n&#8217;\u00e9tait disponible que dans une seule couleur, le gris. Le niveau de carburant \u00e9tait v\u00e9rifi\u00e9 \u00e0 l&#8217;aide d&#8217;une jauge \u00e0 immersion.<br \/> Cible de mauvaises blagues<br \/> Fortement critiqu\u00e9e par la presse automobile, la voiture devient la cible des humoristes fran\u00e7ais pendant un court moment. Un journaliste automobile am\u00e9ricain s&#8217;exclame : &#8220;Est-elle \u00e9quip\u00e9e d&#8217;un ouvre-bo\u00eete ?&#8221;. Citro\u00ebn avait toutefois vis\u00e9 juste avec une voiture ultra-\u00e9conomique dans l\u2019apr\u00e8s-guerre ou l\u2019argent \u00e9tait rare en Europe encore d\u00e9vast\u00e9e par ce conflit mondiale. La marque fran\u00e7aise a \u00e9t\u00e9 inond\u00e9e de commande d\u00e8s la sortie du mod\u00e8le.<\/p>\n<p>Le texte <a rel=\"nofollow\" href=\"https:\/\/annuelauto.ca\/7-octobre-1948-citroen-presente-la-2cv-a-paris\/\">7 octobre 1948\u00a0: Citro\u00ebn pr\u00e9sente la 2CV \u00e0 Paris<\/a> provient de <a rel=\"nofollow\" href=\"https:\/\/annuelauto.ca\">L&#039;annuel de l&#039;automobile &#8211; Actualit\u00e9 automobile<\/a><\/p>\n<p> <\/p>\n","protected":false},"excerpt":{"rendered":"<p>Un morceau de l\u2019histoire automobile fran\u00e7aise est pr\u00e9sent\u00e9 au Salon de l\u2019auto de Paris. Les gens voient pour la premi\u00e8re fois la 2CV avec un mod\u00e8le de s\u00e9rie quasi identique au concept. Minimaliste Citro\u00ebn n\u2019avait pas au d\u00e9part \u00e9quip\u00e9 ce mod\u00e8le d\u2019un d\u00e9marreur \u00e9lectrique, mais plut\u00f4t d\u2019un d\u00e9marreur \u00e0 cordon comme les tondeuses. La marque [&hellip;]<\/p>\n","protected":false},"author":8,"featured_media":104939,"comment_status":"close","ping_status":"closed","sticky":false,"template":"","format":"standard","meta":{"_monsterinsights_skip_tracking":false,"_monsterinsights_sitenote_active":false,"_monsterinsights_sitenote_note":"","_monsterinsights_sitenote_category":0,"footnotes":""},"categories":[101],"tags":[],"yoast_head":"<!-- This site is optimized with the Yoast SEO plugin v23.2 - https:\/\/yoast.com\/wordpress\/plugins\/seo\/ -->\n<title>7 octobre 1948\u00a0: Citro\u00ebn pr\u00e9sente la 2CV \u00e0 Paris - CanadaMotorJobs.com<\/title>\n<meta name=\"description\" content=\"7 octobre 1948\u00a0: Citro\u00ebn pr\u00e9sente la 2CV \u00e0 Paris - Benoit Charette - Annuel automobile - CanadaMotorJobs.com.\" \/>\n<meta name=\"robots\" content=\"index, follow, max-snippet:-1, max-image-preview:large, max-video-preview:-1\" \/>\n<meta property=\"og:locale\" content=\"fr_CA\" \/>\n<meta property=\"og:type\" content=\"article\" \/>\n<meta property=\"og:title\" content=\"7 octobre 1948\u00a0: Citro\u00ebn pr\u00e9sente la 2CV \u00e0 Paris - CanadaMotorJobs.com\" \/>\n<meta property=\"og:description\" content=\"7 octobre 1948\u00a0: Citro\u00ebn pr\u00e9sente la 2CV \u00e0 Paris - Benoit Charette - Annuel automobile - CanadaMotorJobs.com.\" \/>\n<meta property=\"og:url\" content=\"https:\/\/news.canadamotorjobs.com\/fr\/7-octobre-1948-citroen-presente-la-2cv-a-paris\/\" \/>\n<meta property=\"og:site_name\" content=\"CanadaMotorJobs.com\" \/>\n<meta property=\"article:publisher\" content=\"https:\/\/www.facebook.com\/canadamotorjobs\/\" \/>\n<meta property=\"article:published_time\" content=\"2022-10-07T10:09:40+00:00\" \/>\n<meta property=\"article:modified_time\" content=\"2022-10-07T10:13:43+00:00\" \/>\n<meta property=\"og:image\" content=\"https:\/\/news.canadamotorjobs.com\/wp-content\/uploads\/2022\/10\/image-1.jpg\" \/>\n\t<meta property=\"og:image:width\" content=\"960\" \/>\n\t<meta property=\"og:image:height\" content=\"640\" \/>\n\t<meta property=\"og:image:type\" content=\"image\/jpeg\" \/>\n<meta name=\"author\" content=\"Benoit Charette\" \/>\n<meta name=\"twitter:card\" content=\"summary_large_image\" \/>\n<meta name=\"twitter:creator\" content=\"@canadamotorjobs\" \/>\n<meta name=\"twitter:site\" content=\"@canadamotorjobs\" \/>\n<meta name=\"twitter:label1\" content=\"\u00c9crit par\" \/>\n\t<meta name=\"twitter:data1\" content=\"Benoit Charette\" \/>\n\t<meta name=\"twitter:label2\" content=\"Estimation du temps de lecture\" \/>\n\t<meta name=\"twitter:data2\" content=\"1 minute\" \/>\n<!-- \/ Yoast SEO plugin. -->","yoast_head_json":{"title":"7 octobre 1948\u00a0: Citro\u00ebn pr\u00e9sente la 2CV \u00e0 Paris - CanadaMotorJobs.com","description":"7 octobre 1948\u00a0: Citro\u00ebn pr\u00e9sente la 2CV \u00e0 Paris - Benoit Charette - Annuel automobile - CanadaMotorJobs.com.","robots":{"index":"index","follow":"follow","max-snippet":"max-snippet:-1","max-image-preview":"max-image-preview:large","max-video-preview":"max-video-preview:-1"},"og_locale":"fr_CA","og_type":"article","og_title":"7 octobre 1948\u00a0: Citro\u00ebn pr\u00e9sente la 2CV \u00e0 Paris - CanadaMotorJobs.com","og_description":"7 octobre 1948\u00a0: Citro\u00ebn pr\u00e9sente la 2CV \u00e0 Paris - Benoit Charette - Annuel automobile - CanadaMotorJobs.com.","og_url":"https:\/\/news.canadamotorjobs.com\/fr\/7-octobre-1948-citroen-presente-la-2cv-a-paris\/","og_site_name":"CanadaMotorJobs.com","article_publisher":"https:\/\/www.facebook.com\/canadamotorjobs\/","article_published_time":"2022-10-07T10:09:40+00:00","article_modified_time":"2022-10-07T10:13:43+00:00","og_image":[{"width":960,"height":640,"url":"https:\/\/news.canadamotorjobs.com\/wp-content\/uploads\/2022\/10\/image-1.jpg","type":"image\/jpeg"}],"author":"Benoit Charette","twitter_card":"summary_large_image","twitter_creator":"@canadamotorjobs","twitter_site":"@canadamotorjobs","twitter_misc":{"\u00c9crit par":"Benoit Charette","Estimation du temps de lecture":"1 minute"},"schema":{"@context":"https:\/\/schema.org","@graph":[{"@type":"Article","@id":"https:\/\/news.canadamotorjobs.com\/fr\/7-octobre-1948-citroen-presente-la-2cv-a-paris\/#article","isPartOf":{"@id":"https:\/\/news.canadamotorjobs.com\/fr\/7-octobre-1948-citroen-presente-la-2cv-a-paris\/"},"author":{"name":"Benoit Charette","@id":"https:\/\/news.canadamotorjobs.com\/#\/schema\/person\/51793d1f87d44011d7bcc2ed99269a90"},"headline":"7 octobre 1948\u00a0: Citro\u00ebn pr\u00e9sente la 2CV \u00e0 Paris","datePublished":"2022-10-07T10:09:40+00:00","dateModified":"2022-10-07T10:13:43+00:00","mainEntityOfPage":{"@id":"https:\/\/news.canadamotorjobs.com\/fr\/7-octobre-1948-citroen-presente-la-2cv-a-paris\/"},"wordCount":238,"publisher":{"@id":"https:\/\/news.canadamotorjobs.com\/#organization"},"image":{"@id":"https:\/\/news.canadamotorjobs.com\/fr\/7-octobre-1948-citroen-presente-la-2cv-a-paris\/#primaryimage"},"thumbnailUrl":"https:\/\/news.canadamotorjobs.com\/wp-content\/uploads\/2022\/10\/image-1.jpg","articleSection":["Annuel automobile"],"inLanguage":"fr-CA"},{"@type":"WebPage","@id":"https:\/\/news.canadamotorjobs.com\/fr\/7-octobre-1948-citroen-presente-la-2cv-a-paris\/","url":"https:\/\/news.canadamotorjobs.com\/fr\/7-octobre-1948-citroen-presente-la-2cv-a-paris\/","name":"7 octobre 1948\u00a0: Citro\u00ebn pr\u00e9sente la 2CV \u00e0 Paris - CanadaMotorJobs.com","isPartOf":{"@id":"https:\/\/news.canadamotorjobs.com\/#website"},"primaryImageOfPage":{"@id":"https:\/\/news.canadamotorjobs.com\/fr\/7-octobre-1948-citroen-presente-la-2cv-a-paris\/#primaryimage"},"image":{"@id":"https:\/\/news.canadamotorjobs.com\/fr\/7-octobre-1948-citroen-presente-la-2cv-a-paris\/#primaryimage"},"thumbnailUrl":"https:\/\/news.canadamotorjobs.com\/wp-content\/uploads\/2022\/10\/image-1.jpg","datePublished":"2022-10-07T10:09:40+00:00","dateModified":"2022-10-07T10:13:43+00:00","description":"7 octobre 1948\u00a0: Citro\u00ebn pr\u00e9sente la 2CV \u00e0 Paris - Benoit Charette - Annuel automobile - CanadaMotorJobs.com.","breadcrumb":{"@id":"https:\/\/news.canadamotorjobs.com\/fr\/7-octobre-1948-citroen-presente-la-2cv-a-paris\/#breadcrumb"},"inLanguage":"fr-CA","potentialAction":[{"@type":"ReadAction","target":["https:\/\/news.canadamotorjobs.com\/fr\/7-octobre-1948-citroen-presente-la-2cv-a-paris\/"]}]},{"@type":"ImageObject","inLanguage":"fr-CA","@id":"https:\/\/news.canadamotorjobs.com\/fr\/7-octobre-1948-citroen-presente-la-2cv-a-paris\/#primaryimage","url":"https:\/\/news.canadamotorjobs.com\/wp-content\/uploads\/2022\/10\/image-1.jpg","contentUrl":"https:\/\/news.canadamotorjobs.com\/wp-content\/uploads\/2022\/10\/image-1.jpg","width":960,"height":640},{"@type":"BreadcrumbList","@id":"https:\/\/news.canadamotorjobs.com\/fr\/7-octobre-1948-citroen-presente-la-2cv-a-paris\/#breadcrumb","itemListElement":[{"@type":"ListItem","position":1,"name":"Home","item":"https:\/\/news.canadamotorjobs.com\/fr\/blog\/"},{"@type":"ListItem","position":2,"name":"7 octobre 1948\u00a0: Citro\u00ebn pr\u00e9sente la 2CV \u00e0 Paris"}]},{"@type":"WebSite","@id":"https:\/\/news.canadamotorjobs.com\/#website","url":"https:\/\/news.canadamotorjobs.com\/","name":"CanadaMotorJobs.com","description":"Automotive Jobs","publisher":{"@id":"https:\/\/news.canadamotorjobs.com\/#organization"},"potentialAction":[{"@type":"SearchAction","target":{"@type":"EntryPoint","urlTemplate":"https:\/\/news.canadamotorjobs.com\/?s={search_term_string}"},"query-input":"required name=search_term_string"}],"inLanguage":"fr-CA"},{"@type":"Organization","@id":"https:\/\/news.canadamotorjobs.com\/#organization","name":"Canada Motor Jobs","url":"https:\/\/news.canadamotorjobs.com\/","logo":{"@type":"ImageObject","inLanguage":"fr-CA","@id":"https:\/\/news.canadamotorjobs.com\/#\/schema\/logo\/image\/","url":"https:\/\/news.canadamotorjobs.com\/wp-content\/uploads\/2022\/10\/logo-canada-motor-jobs-1.png","contentUrl":"https:\/\/news.canadamotorjobs.com\/wp-content\/uploads\/2022\/10\/logo-canada-motor-jobs-1.png","width":800,"height":400,"caption":"Canada Motor Jobs"},"image":{"@id":"https:\/\/news.canadamotorjobs.com\/#\/schema\/logo\/image\/"},"sameAs":["https:\/\/www.facebook.com\/canadamotorjobs\/","https:\/\/x.com\/canadamotorjobs","https:\/\/www.instagram.com\/canadamotorjobs\/","https:\/\/www.linkedin.com\/company\/canadamotorjobs"]},{"@type":"Person","@id":"https:\/\/news.canadamotorjobs.com\/#\/schema\/person\/51793d1f87d44011d7bcc2ed99269a90","name":"Benoit Charette","image":{"@type":"ImageObject","inLanguage":"fr-CA","@id":"https:\/\/news.canadamotorjobs.com\/#\/schema\/person\/image\/","url":"https:\/\/secure.gravatar.com\/avatar\/45f3d2eebcccd909668d7ce7ea7267b6?s=96&d=mm&r=g","contentUrl":"https:\/\/secure.gravatar.com\/avatar\/45f3d2eebcccd909668d7ce7ea7267b6?s=96&d=mm&r=g","caption":"Benoit Charette"},"description":"Benoit Charette \/ Propri\u00e9taire et r\u00e9dacteur en chef Benoit Charette pratique le journalisme automobile depuis bient\u00f4t 30 ans. Il a fait ses classes au c\u00f4t\u00e9 de Daniel H\u00e9raud et au Carnet de route de 1992 \u00e0 2001. Il est fondateur, copropri\u00e9taire et r\u00e9dacteur en chef de L\u2019Annuel de l\u2019automobile, qu\u2019il publie depuis 2001. Il a anim\u00e9 les \u00e9missions RPM et RPM+ sur V et les L\u00e9gendes de la route sur Historia. \u00c0 la radio depuis 1986, il reprend l\u2019antenne cette ann\u00e9e sur les ondes de Cogeco et participe pour la deuxi\u00e8me ann\u00e9e \u00e0 l\u2019\u00e9mission Passion Auto sur RDS en plus de mettre en ligne le site Web officiel de L\u2019Annuel de l\u2019automobile sur annuelauto.ca.","sameAs":["https:\/\/annuelauto.ca\/"],"url":"https:\/\/news.canadamotorjobs.com\/fr\/author\/benoit-charette\/"}]}},"_links":{"self":[{"href":"https:\/\/news.canadamotorjobs.com\/fr\/wp-json\/wp\/v2\/posts\/104935"}],"collection":[{"href":"https:\/\/news.canadamotorjobs.com\/fr\/wp-json\/wp\/v2\/posts"}],"about":[{"href":"https:\/\/news.canadamotorjobs.com\/fr\/wp-json\/wp\/v2\/types\/post"}],"author":[{"embeddable":true,"href":"https:\/\/news.canadamotorjobs.com\/fr\/wp-json\/wp\/v2\/users\/8"}],"replies":[{"embeddable":true,"href":"https:\/\/news.canadamotorjobs.com\/fr\/wp-json\/wp\/v2\/comments?post=104935"}],"version-history":[{"count":0,"href":"https:\/\/news.canadamotorjobs.com\/fr\/wp-json\/wp\/v2\/posts\/104935\/revisions"}],"wp:featuredmedia":[{"embeddable":true,"href":"https:\/\/news.canadamotorjobs.com\/fr\/wp-json\/wp\/v2\/media\/104939"}],"wp:attachment":[{"href":"https:\/\/news.canadamotorjobs.com\/fr\/wp-json\/wp\/v2\/media?parent=104935"}],"wp:term":[{"taxonomy":"category","embeddable":true,"href":"https:\/\/news.canadamotorjobs.com\/fr\/wp-json\/wp\/v2\/categories?post=104935"},{"taxonomy":"post_tag","embeddable":true,"href":"https:\/\/news.canadamotorjobs.com\/fr\/wp-json\/wp\/v2\/tags?post=104935"}],"curies":[{"name":"wp","href":"https:\/\/api.w.org\/{rel}","templated":true}]}}