{"id":101119,"date":"2022-10-06T09:05:52","date_gmt":"2022-10-06T13:05:52","guid":{"rendered":"https:\/\/blog.canadamotorjobs.com\/le-gmc-granite-sera-sans-doute-commercialise-comme-vehicule-electrique\/"},"modified":"2022-10-06T09:14:13","modified_gmt":"2022-10-06T13:14:13","slug":"le-gmc-granite-sera-sans-doute-commercialise-comme-vehicule-electrique","status":"publish","type":"post","link":"https:\/\/news.canadamotorjobs.com\/fr\/le-gmc-granite-sera-sans-doute-commercialise-comme-vehicule-electrique\/","title":{"rendered":"Le GMC Granite sera sans doute commercialis\u00e9 comme v\u00e9hicule \u00e9lectrique"},"content":{"rendered":"<\/p>\n<p>Il y a maintenant 12 ans, GMC a d\u00e9voil\u00e9 le concept Granite au Salon de l\u2019auto de D\u00e9troit. \u00c0 l\u2019\u00e9poque, il s\u2019agissant d\u2019un multisegment d\u00e9lur\u00e9 avec des portes-suicides. Il semble que GMC aurait choisi ce mod\u00e8le pour devenir le premier v\u00e9hicule \u00e9lectrique abordable de la marque. GMC a fait une demande de marque pour le nom &#8220;GMC Granite&#8221; aupr\u00e8s de l&#8217;Office des brevets et des marques des \u00c9tats-Unis.<br \/> Profiter de l\u2019arriv\u00e9e de l\u2019Equinox<br \/> GMC pourra se servir de la plateforme du mod\u00e8le Equinox pour son mod\u00e8le Granite. Les diff\u00e9rents VE de GM utilisent tous la plateforme Ultium et sa r\u00e9cente technologie de batteries. Avec un prix de base qui tournera autour de 37\u00a0500 $ pour l\u2019Equinox, GMC pourrait viser sensiblement le m\u00eame prix avec le Granite. Consid\u00e9rant le prix moyen d\u2019un v\u00e9hicule \u00e9lectrique, l\u2019arriv\u00e9 d\u2019un mod\u00e8le abordable qui a fi\u00e8re allure trouvera s\u00fbrement preneur.<\/p>\n<p> GM n\u2019a pas confirm\u00e9 la venue officielle du mod\u00e8le Granite mais il n\u2019y a jamais de fum\u00e9e sans feu. Ce serait une belle addition \u00e0 la famille Ultium.<\/p>\n<p> Avec des renseignnements de Carbuzz<\/p>\n<p>Le texte <a rel=\"nofollow\" href=\"https:\/\/annuelauto.ca\/le-gmc-granite-sera-sans-doute-commercialise-comme-vehicule-electrique\/\">Le GMC Granite sera sans doute commercialis\u00e9 comme v\u00e9hicule \u00e9lectrique<\/a> provient de <a rel=\"nofollow\" href=\"https:\/\/annuelauto.ca\">L&#039;annuel de l&#039;automobile &#8211; Actualit\u00e9 automobile<\/a><\/p>\n<p> <\/p>\n","protected":false},"excerpt":{"rendered":"<p>Il y a maintenant 12 ans, GMC a d\u00e9voil\u00e9 le concept Granite au Salon de l\u2019auto de D\u00e9troit. \u00c0 l\u2019\u00e9poque, il s\u2019agissant d\u2019un multisegment d\u00e9lur\u00e9 avec des portes-suicides. Il semble que GMC aurait choisi ce mod\u00e8le pour devenir le premier v\u00e9hicule \u00e9lectrique abordable de la marque. GMC a fait une demande de marque pour le [&hellip;]<\/p>\n","protected":false},"author":8,"featured_media":101123,"comment_status":"close","ping_status":"closed","sticky":false,"template":"","format":"standard","meta":{"_monsterinsights_skip_tracking":false,"_monsterinsights_sitenote_active":false,"_monsterinsights_sitenote_note":"","_monsterinsights_sitenote_category":0,"footnotes":""},"categories":[101],"tags":[],"yoast_head":"<!-- This site is optimized with the Yoast SEO plugin v23.2 - https:\/\/yoast.com\/wordpress\/plugins\/seo\/ -->\n<title>Le GMC Granite sera sans doute commercialis\u00e9 comme v\u00e9hicule \u00e9lectrique - CanadaMotorJobs.com<\/title>\n<meta name=\"description\" content=\"Le GMC Granite sera sans doute commercialis\u00e9 comme v\u00e9hicule \u00e9lectrique - Benoit Charette - Annuel automobile - CanadaMotorJobs.com.\" \/>\n<meta name=\"robots\" content=\"index, follow, max-snippet:-1, max-image-preview:large, max-video-preview:-1\" \/>\n<meta property=\"og:locale\" content=\"fr_CA\" \/>\n<meta property=\"og:type\" content=\"article\" \/>\n<meta property=\"og:title\" content=\"Le GMC Granite sera sans doute commercialis\u00e9 comme v\u00e9hicule \u00e9lectrique - CanadaMotorJobs.com\" \/>\n<meta property=\"og:description\" content=\"Le GMC Granite sera sans doute commercialis\u00e9 comme v\u00e9hicule \u00e9lectrique - Benoit Charette - Annuel automobile - CanadaMotorJobs.com.\" \/>\n<meta property=\"og:url\" content=\"https:\/\/news.canadamotorjobs.com\/fr\/le-gmc-granite-sera-sans-doute-commercialise-comme-vehicule-electrique\/\" \/>\n<meta property=\"og:site_name\" content=\"CanadaMotorJobs.com\" \/>\n<meta property=\"article:publisher\" content=\"https:\/\/www.facebook.com\/canadamotorjobs\/\" \/>\n<meta property=\"article:published_time\" content=\"2022-10-06T13:05:52+00:00\" \/>\n<meta property=\"article:modified_time\" content=\"2022-10-06T13:14:13+00:00\" \/>\n<meta property=\"og:image\" content=\"https:\/\/news.canadamotorjobs.com\/wp-content\/uploads\/2022\/10\/2010-gmc-granite-concept-1.jpg\" \/>\n\t<meta property=\"og:image:width\" content=\"1920\" \/>\n\t<meta property=\"og:image:height\" content=\"1080\" \/>\n\t<meta property=\"og:image:type\" content=\"image\/jpeg\" \/>\n<meta name=\"author\" content=\"Benoit Charette\" \/>\n<meta name=\"twitter:card\" content=\"summary_large_image\" \/>\n<meta name=\"twitter:creator\" content=\"@canadamotorjobs\" \/>\n<meta name=\"twitter:site\" content=\"@canadamotorjobs\" \/>\n<meta name=\"twitter:label1\" content=\"\u00c9crit par\" \/>\n\t<meta name=\"twitter:data1\" content=\"Benoit Charette\" \/>\n\t<meta name=\"twitter:label2\" content=\"Estimation du temps de lecture\" \/>\n\t<meta name=\"twitter:data2\" content=\"1 minute\" \/>\n<!-- \/ Yoast SEO plugin. -->","yoast_head_json":{"title":"Le GMC Granite sera sans doute commercialis\u00e9 comme v\u00e9hicule \u00e9lectrique - CanadaMotorJobs.com","description":"Le GMC Granite sera sans doute commercialis\u00e9 comme v\u00e9hicule \u00e9lectrique - Benoit Charette - Annuel automobile - CanadaMotorJobs.com.","robots":{"index":"index","follow":"follow","max-snippet":"max-snippet:-1","max-image-preview":"max-image-preview:large","max-video-preview":"max-video-preview:-1"},"og_locale":"fr_CA","og_type":"article","og_title":"Le GMC Granite sera sans doute commercialis\u00e9 comme v\u00e9hicule \u00e9lectrique - CanadaMotorJobs.com","og_description":"Le GMC Granite sera sans doute commercialis\u00e9 comme v\u00e9hicule \u00e9lectrique - Benoit Charette - Annuel automobile - CanadaMotorJobs.com.","og_url":"https:\/\/news.canadamotorjobs.com\/fr\/le-gmc-granite-sera-sans-doute-commercialise-comme-vehicule-electrique\/","og_site_name":"CanadaMotorJobs.com","article_publisher":"https:\/\/www.facebook.com\/canadamotorjobs\/","article_published_time":"2022-10-06T13:05:52+00:00","article_modified_time":"2022-10-06T13:14:13+00:00","og_image":[{"width":1920,"height":1080,"url":"https:\/\/news.canadamotorjobs.com\/wp-content\/uploads\/2022\/10\/2010-gmc-granite-concept-1.jpg","type":"image\/jpeg"}],"author":"Benoit Charette","twitter_card":"summary_large_image","twitter_creator":"@canadamotorjobs","twitter_site":"@canadamotorjobs","twitter_misc":{"\u00c9crit par":"Benoit Charette","Estimation du temps de lecture":"1 minute"},"schema":{"@context":"https:\/\/schema.org","@graph":[{"@type":"Article","@id":"https:\/\/news.canadamotorjobs.com\/fr\/le-gmc-granite-sera-sans-doute-commercialise-comme-vehicule-electrique\/#article","isPartOf":{"@id":"https:\/\/news.canadamotorjobs.com\/fr\/le-gmc-granite-sera-sans-doute-commercialise-comme-vehicule-electrique\/"},"author":{"name":"Benoit Charette","@id":"https:\/\/news.canadamotorjobs.com\/#\/schema\/person\/51793d1f87d44011d7bcc2ed99269a90"},"headline":"Le GMC Granite sera sans doute commercialis\u00e9 comme v\u00e9hicule \u00e9lectrique","datePublished":"2022-10-06T13:05:52+00:00","dateModified":"2022-10-06T13:14:13+00:00","mainEntityOfPage":{"@id":"https:\/\/news.canadamotorjobs.com\/fr\/le-gmc-granite-sera-sans-doute-commercialise-comme-vehicule-electrique\/"},"wordCount":237,"publisher":{"@id":"https:\/\/news.canadamotorjobs.com\/#organization"},"image":{"@id":"https:\/\/news.canadamotorjobs.com\/fr\/le-gmc-granite-sera-sans-doute-commercialise-comme-vehicule-electrique\/#primaryimage"},"thumbnailUrl":"https:\/\/news.canadamotorjobs.com\/wp-content\/uploads\/2022\/10\/2010-gmc-granite-concept-1.jpg","articleSection":["Annuel automobile"],"inLanguage":"fr-CA"},{"@type":"WebPage","@id":"https:\/\/news.canadamotorjobs.com\/fr\/le-gmc-granite-sera-sans-doute-commercialise-comme-vehicule-electrique\/","url":"https:\/\/news.canadamotorjobs.com\/fr\/le-gmc-granite-sera-sans-doute-commercialise-comme-vehicule-electrique\/","name":"Le GMC Granite sera sans doute commercialis\u00e9 comme v\u00e9hicule \u00e9lectrique - CanadaMotorJobs.com","isPartOf":{"@id":"https:\/\/news.canadamotorjobs.com\/#website"},"primaryImageOfPage":{"@id":"https:\/\/news.canadamotorjobs.com\/fr\/le-gmc-granite-sera-sans-doute-commercialise-comme-vehicule-electrique\/#primaryimage"},"image":{"@id":"https:\/\/news.canadamotorjobs.com\/fr\/le-gmc-granite-sera-sans-doute-commercialise-comme-vehicule-electrique\/#primaryimage"},"thumbnailUrl":"https:\/\/news.canadamotorjobs.com\/wp-content\/uploads\/2022\/10\/2010-gmc-granite-concept-1.jpg","datePublished":"2022-10-06T13:05:52+00:00","dateModified":"2022-10-06T13:14:13+00:00","description":"Le GMC Granite sera sans doute commercialis\u00e9 comme v\u00e9hicule \u00e9lectrique - Benoit Charette - Annuel automobile - CanadaMotorJobs.com.","breadcrumb":{"@id":"https:\/\/news.canadamotorjobs.com\/fr\/le-gmc-granite-sera-sans-doute-commercialise-comme-vehicule-electrique\/#breadcrumb"},"inLanguage":"fr-CA","potentialAction":[{"@type":"ReadAction","target":["https:\/\/news.canadamotorjobs.com\/fr\/le-gmc-granite-sera-sans-doute-commercialise-comme-vehicule-electrique\/"]}]},{"@type":"ImageObject","inLanguage":"fr-CA","@id":"https:\/\/news.canadamotorjobs.com\/fr\/le-gmc-granite-sera-sans-doute-commercialise-comme-vehicule-electrique\/#primaryimage","url":"https:\/\/news.canadamotorjobs.com\/wp-content\/uploads\/2022\/10\/2010-gmc-granite-concept-1.jpg","contentUrl":"https:\/\/news.canadamotorjobs.com\/wp-content\/uploads\/2022\/10\/2010-gmc-granite-concept-1.jpg","width":1920,"height":1080},{"@type":"BreadcrumbList","@id":"https:\/\/news.canadamotorjobs.com\/fr\/le-gmc-granite-sera-sans-doute-commercialise-comme-vehicule-electrique\/#breadcrumb","itemListElement":[{"@type":"ListItem","position":1,"name":"Home","item":"https:\/\/news.canadamotorjobs.com\/fr\/blog\/"},{"@type":"ListItem","position":2,"name":"Le GMC Granite sera sans doute commercialis\u00e9 comme v\u00e9hicule \u00e9lectrique"}]},{"@type":"WebSite","@id":"https:\/\/news.canadamotorjobs.com\/#website","url":"https:\/\/news.canadamotorjobs.com\/","name":"CanadaMotorJobs.com","description":"Automotive Jobs","publisher":{"@id":"https:\/\/news.canadamotorjobs.com\/#organization"},"potentialAction":[{"@type":"SearchAction","target":{"@type":"EntryPoint","urlTemplate":"https:\/\/news.canadamotorjobs.com\/?s={search_term_string}"},"query-input":"required name=search_term_string"}],"inLanguage":"fr-CA"},{"@type":"Organization","@id":"https:\/\/news.canadamotorjobs.com\/#organization","name":"Canada Motor Jobs","url":"https:\/\/news.canadamotorjobs.com\/","logo":{"@type":"ImageObject","inLanguage":"fr-CA","@id":"https:\/\/news.canadamotorjobs.com\/#\/schema\/logo\/image\/","url":"https:\/\/news.canadamotorjobs.com\/wp-content\/uploads\/2022\/10\/logo-canada-motor-jobs-1.png","contentUrl":"https:\/\/news.canadamotorjobs.com\/wp-content\/uploads\/2022\/10\/logo-canada-motor-jobs-1.png","width":800,"height":400,"caption":"Canada Motor Jobs"},"image":{"@id":"https:\/\/news.canadamotorjobs.com\/#\/schema\/logo\/image\/"},"sameAs":["https:\/\/www.facebook.com\/canadamotorjobs\/","https:\/\/x.com\/canadamotorjobs","https:\/\/www.instagram.com\/canadamotorjobs\/","https:\/\/www.linkedin.com\/company\/canadamotorjobs"]},{"@type":"Person","@id":"https:\/\/news.canadamotorjobs.com\/#\/schema\/person\/51793d1f87d44011d7bcc2ed99269a90","name":"Benoit Charette","image":{"@type":"ImageObject","inLanguage":"fr-CA","@id":"https:\/\/news.canadamotorjobs.com\/#\/schema\/person\/image\/","url":"https:\/\/secure.gravatar.com\/avatar\/45f3d2eebcccd909668d7ce7ea7267b6?s=96&d=mm&r=g","contentUrl":"https:\/\/secure.gravatar.com\/avatar\/45f3d2eebcccd909668d7ce7ea7267b6?s=96&d=mm&r=g","caption":"Benoit Charette"},"description":"Benoit Charette \/ Propri\u00e9taire et r\u00e9dacteur en chef Benoit Charette pratique le journalisme automobile depuis bient\u00f4t 30 ans. Il a fait ses classes au c\u00f4t\u00e9 de Daniel H\u00e9raud et au Carnet de route de 1992 \u00e0 2001. Il est fondateur, copropri\u00e9taire et r\u00e9dacteur en chef de L\u2019Annuel de l\u2019automobile, qu\u2019il publie depuis 2001. Il a anim\u00e9 les \u00e9missions RPM et RPM+ sur V et les L\u00e9gendes de la route sur Historia. \u00c0 la radio depuis 1986, il reprend l\u2019antenne cette ann\u00e9e sur les ondes de Cogeco et participe pour la deuxi\u00e8me ann\u00e9e \u00e0 l\u2019\u00e9mission Passion Auto sur RDS en plus de mettre en ligne le site Web officiel de L\u2019Annuel de l\u2019automobile sur annuelauto.ca.","sameAs":["https:\/\/annuelauto.ca\/"],"url":"https:\/\/news.canadamotorjobs.com\/fr\/author\/benoit-charette\/"}]}},"_links":{"self":[{"href":"https:\/\/news.canadamotorjobs.com\/fr\/wp-json\/wp\/v2\/posts\/101119"}],"collection":[{"href":"https:\/\/news.canadamotorjobs.com\/fr\/wp-json\/wp\/v2\/posts"}],"about":[{"href":"https:\/\/news.canadamotorjobs.com\/fr\/wp-json\/wp\/v2\/types\/post"}],"author":[{"embeddable":true,"href":"https:\/\/news.canadamotorjobs.com\/fr\/wp-json\/wp\/v2\/users\/8"}],"replies":[{"embeddable":true,"href":"https:\/\/news.canadamotorjobs.com\/fr\/wp-json\/wp\/v2\/comments?post=101119"}],"version-history":[{"count":0,"href":"https:\/\/news.canadamotorjobs.com\/fr\/wp-json\/wp\/v2\/posts\/101119\/revisions"}],"wp:featuredmedia":[{"embeddable":true,"href":"https:\/\/news.canadamotorjobs.com\/fr\/wp-json\/wp\/v2\/media\/101123"}],"wp:attachment":[{"href":"https:\/\/news.canadamotorjobs.com\/fr\/wp-json\/wp\/v2\/media?parent=101119"}],"wp:term":[{"taxonomy":"category","embeddable":true,"href":"https:\/\/news.canadamotorjobs.com\/fr\/wp-json\/wp\/v2\/categories?post=101119"},{"taxonomy":"post_tag","embeddable":true,"href":"https:\/\/news.canadamotorjobs.com\/fr\/wp-json\/wp\/v2\/tags?post=101119"}],"curies":[{"name":"wp","href":"https:\/\/api.w.org\/{rel}","templated":true}]}}