{"id":101011,"date":"2022-10-06T07:44:13","date_gmt":"2022-10-06T11:44:13","guid":{"rendered":"https:\/\/blog.canadamotorjobs.com\/toyota-a-enfin-trouve-une-solution-pour-son-modele-bz4x\/"},"modified":"2022-10-06T07:45:16","modified_gmt":"2022-10-06T11:45:16","slug":"toyota-a-enfin-trouve-une-solution-pour-son-modele-bz4x","status":"publish","type":"post","link":"https:\/\/news.canadamotorjobs.com\/fr\/toyota-a-enfin-trouve-une-solution-pour-son-modele-bz4x\/","title":{"rendered":"Toyota a enfin trouv\u00e9 une solution pour son mod\u00e8le bz4X"},"content":{"rendered":"<\/p>\n<p>Apr\u00e8s des mois d\u2019attente, Toyota a finalement donn\u00e9 signe de vie sur un probl\u00e8me embarrassant l\u2019a forc\u00e9 \u00e0 rappeler tous les v\u00e9hicules produits. Toyota a annonc\u00e9 que les ventes du mod\u00e8le vont reprendre le 26 octobre au Japon et peu apr\u00e8s pour le Canada et les \u00c9tats-Unis.<br \/> Production interrompue depuis 4 mois<br \/> Le d\u00e9faut provenait du fait que l&#8217;on n&#8217;avait pas tenu compte du couple \u00e9lev\u00e9 exerc\u00e9 sur les roues par le groupe motopropulseur enti\u00e8rement \u00e9lectrique de la voiture. Les roues sont fix\u00e9es par des boulons de moyeu. Mais m\u00eame en cas de faible kilom\u00e9trage, les roues peuvent se d\u00e9tacher en cas de conduite vigoureuse, comme un virage serr\u00e9 ou un freinage agressif. La solution consiste \u00e0 ajouter une rondelle aux boulons du moyeu et \u00e0 am\u00e9liorer la friction de la surface de la roue. Un m\u00e9canicien d\u2019exp\u00e9rience aurait sans doute trouv\u00e9 cette solution en 3 minutes \u00e0 son atelier. Toyota a d\u00e9clar\u00e9 qu&#8217;il a fallu \u00e0 Toyota autant de temps pour introduire le rem\u00e8de parce que les ing\u00e9nieurs devaient v\u00e9rifier son efficacit\u00e9 et sa s\u00e9curit\u00e9 dans diverses conditions, notamment dans les virages, au freinage et \u00e0 l&#8217;acc\u00e9l\u00e9ration.<br \/> Une cr\u00e9dibilit\u00e9 entach\u00e9e<br \/> Au total, quelque 2 700 unit\u00e9s de la bZ4X et 1 600 unit\u00e9s de la Subaru Solterra ont \u00e9t\u00e9 touch\u00e9es. La production de la Solterra a repris en m\u00eame temps que celle de la bZ4X. Ce contretemps a entrav\u00e9 le d\u00e9ploiement du premier v\u00e9hicule \u00e9lectrique de masse de Toyota, \u00e0 un moment o\u00f9 l&#8217;entreprise \u00e9tait de plus en plus<\/p>\n","protected":false},"excerpt":{"rendered":"<p>Apr\u00e8s des mois d\u2019attente, Toyota a finalement donn\u00e9 signe de vie sur un probl\u00e8me embarrassant l\u2019a forc\u00e9 \u00e0 rappeler tous les v\u00e9hicules produits. Toyota a annonc\u00e9 que les ventes du mod\u00e8le vont reprendre le 26 octobre au Japon et peu apr\u00e8s pour le Canada et les \u00c9tats-Unis. Production interrompue depuis 4 mois Le d\u00e9faut provenait [&hellip;]<\/p>\n","protected":false},"author":8,"featured_media":101015,"comment_status":"close","ping_status":"closed","sticky":false,"template":"","format":"standard","meta":{"_monsterinsights_skip_tracking":false,"_monsterinsights_sitenote_active":false,"_monsterinsights_sitenote_note":"","_monsterinsights_sitenote_category":0,"footnotes":""},"categories":[101],"tags":[],"yoast_head":"<!-- This site is optimized with the Yoast SEO plugin v23.2 - https:\/\/yoast.com\/wordpress\/plugins\/seo\/ -->\n<title>Toyota a enfin trouv\u00e9 une solution pour son mod\u00e8le bz4X - CanadaMotorJobs.com<\/title>\n<meta name=\"description\" content=\"Toyota a enfin trouv\u00e9 une solution pour son mod\u00e8le bz4X - Benoit Charette - Annuel automobile - CanadaMotorJobs.com.\" \/>\n<meta name=\"robots\" content=\"index, follow, max-snippet:-1, max-image-preview:large, max-video-preview:-1\" \/>\n<meta property=\"og:locale\" content=\"fr_CA\" \/>\n<meta property=\"og:type\" content=\"article\" \/>\n<meta property=\"og:title\" content=\"Toyota a enfin trouv\u00e9 une solution pour son mod\u00e8le bz4X - CanadaMotorJobs.com\" \/>\n<meta property=\"og:description\" content=\"Toyota a enfin trouv\u00e9 une solution pour son mod\u00e8le bz4X - Benoit Charette - Annuel automobile - CanadaMotorJobs.com.\" \/>\n<meta property=\"og:url\" content=\"https:\/\/news.canadamotorjobs.com\/fr\/toyota-a-enfin-trouve-une-solution-pour-son-modele-bz4x\/\" \/>\n<meta property=\"og:site_name\" content=\"CanadaMotorJobs.com\" \/>\n<meta property=\"article:publisher\" content=\"https:\/\/www.facebook.com\/canadamotorjobs\/\" \/>\n<meta property=\"article:published_time\" content=\"2022-10-06T11:44:13+00:00\" \/>\n<meta property=\"article:modified_time\" content=\"2022-10-06T11:45:16+00:00\" \/>\n<meta property=\"og:image\" content=\"https:\/\/news.canadamotorjobs.com\/wp-content\/uploads\/2022\/10\/2023_bZ4X_XLE_FWD_WindChillPearl_002-1-1030x687.jpg\" \/>\n\t<meta property=\"og:image:width\" content=\"1030\" \/>\n\t<meta property=\"og:image:height\" content=\"687\" \/>\n\t<meta property=\"og:image:type\" content=\"image\/jpeg\" \/>\n<meta name=\"author\" content=\"Benoit Charette\" \/>\n<meta name=\"twitter:card\" content=\"summary_large_image\" \/>\n<meta name=\"twitter:creator\" content=\"@canadamotorjobs\" \/>\n<meta name=\"twitter:site\" content=\"@canadamotorjobs\" \/>\n<meta name=\"twitter:label1\" content=\"\u00c9crit par\" \/>\n\t<meta name=\"twitter:data1\" content=\"Benoit Charette\" \/>\n\t<meta name=\"twitter:label2\" content=\"Estimation du temps de lecture\" \/>\n\t<meta name=\"twitter:data2\" content=\"1 minute\" \/>\n<!-- \/ Yoast SEO plugin. -->","yoast_head_json":{"title":"Toyota a enfin trouv\u00e9 une solution pour son mod\u00e8le bz4X - CanadaMotorJobs.com","description":"Toyota a enfin trouv\u00e9 une solution pour son mod\u00e8le bz4X - Benoit Charette - Annuel automobile - CanadaMotorJobs.com.","robots":{"index":"index","follow":"follow","max-snippet":"max-snippet:-1","max-image-preview":"max-image-preview:large","max-video-preview":"max-video-preview:-1"},"og_locale":"fr_CA","og_type":"article","og_title":"Toyota a enfin trouv\u00e9 une solution pour son mod\u00e8le bz4X - CanadaMotorJobs.com","og_description":"Toyota a enfin trouv\u00e9 une solution pour son mod\u00e8le bz4X - Benoit Charette - Annuel automobile - CanadaMotorJobs.com.","og_url":"https:\/\/news.canadamotorjobs.com\/fr\/toyota-a-enfin-trouve-une-solution-pour-son-modele-bz4x\/","og_site_name":"CanadaMotorJobs.com","article_publisher":"https:\/\/www.facebook.com\/canadamotorjobs\/","article_published_time":"2022-10-06T11:44:13+00:00","article_modified_time":"2022-10-06T11:45:16+00:00","og_image":[{"width":1030,"height":687,"url":"https:\/\/news.canadamotorjobs.com\/wp-content\/uploads\/2022\/10\/2023_bZ4X_XLE_FWD_WindChillPearl_002-1-1030x687.jpg","type":"image\/jpeg"}],"author":"Benoit Charette","twitter_card":"summary_large_image","twitter_creator":"@canadamotorjobs","twitter_site":"@canadamotorjobs","twitter_misc":{"\u00c9crit par":"Benoit Charette","Estimation du temps de lecture":"1 minute"},"schema":{"@context":"https:\/\/schema.org","@graph":[{"@type":"Article","@id":"https:\/\/news.canadamotorjobs.com\/fr\/toyota-a-enfin-trouve-une-solution-pour-son-modele-bz4x\/#article","isPartOf":{"@id":"https:\/\/news.canadamotorjobs.com\/fr\/toyota-a-enfin-trouve-une-solution-pour-son-modele-bz4x\/"},"author":{"name":"Benoit Charette","@id":"https:\/\/news.canadamotorjobs.com\/#\/schema\/person\/51793d1f87d44011d7bcc2ed99269a90"},"headline":"Toyota a enfin trouv\u00e9 une solution pour son mod\u00e8le bz4X","datePublished":"2022-10-06T11:44:13+00:00","dateModified":"2022-10-06T11:45:16+00:00","mainEntityOfPage":{"@id":"https:\/\/news.canadamotorjobs.com\/fr\/toyota-a-enfin-trouve-une-solution-pour-son-modele-bz4x\/"},"wordCount":287,"publisher":{"@id":"https:\/\/news.canadamotorjobs.com\/#organization"},"image":{"@id":"https:\/\/news.canadamotorjobs.com\/fr\/toyota-a-enfin-trouve-une-solution-pour-son-modele-bz4x\/#primaryimage"},"thumbnailUrl":"https:\/\/news.canadamotorjobs.com\/wp-content\/uploads\/2022\/10\/2023_bZ4X_XLE_FWD_WindChillPearl_002-1.jpg","articleSection":["Annuel automobile"],"inLanguage":"fr-CA"},{"@type":"WebPage","@id":"https:\/\/news.canadamotorjobs.com\/fr\/toyota-a-enfin-trouve-une-solution-pour-son-modele-bz4x\/","url":"https:\/\/news.canadamotorjobs.com\/fr\/toyota-a-enfin-trouve-une-solution-pour-son-modele-bz4x\/","name":"Toyota a enfin trouv\u00e9 une solution pour son mod\u00e8le bz4X - CanadaMotorJobs.com","isPartOf":{"@id":"https:\/\/news.canadamotorjobs.com\/#website"},"primaryImageOfPage":{"@id":"https:\/\/news.canadamotorjobs.com\/fr\/toyota-a-enfin-trouve-une-solution-pour-son-modele-bz4x\/#primaryimage"},"image":{"@id":"https:\/\/news.canadamotorjobs.com\/fr\/toyota-a-enfin-trouve-une-solution-pour-son-modele-bz4x\/#primaryimage"},"thumbnailUrl":"https:\/\/news.canadamotorjobs.com\/wp-content\/uploads\/2022\/10\/2023_bZ4X_XLE_FWD_WindChillPearl_002-1.jpg","datePublished":"2022-10-06T11:44:13+00:00","dateModified":"2022-10-06T11:45:16+00:00","description":"Toyota a enfin trouv\u00e9 une solution pour son mod\u00e8le bz4X - Benoit Charette - Annuel automobile - CanadaMotorJobs.com.","breadcrumb":{"@id":"https:\/\/news.canadamotorjobs.com\/fr\/toyota-a-enfin-trouve-une-solution-pour-son-modele-bz4x\/#breadcrumb"},"inLanguage":"fr-CA","potentialAction":[{"@type":"ReadAction","target":["https:\/\/news.canadamotorjobs.com\/fr\/toyota-a-enfin-trouve-une-solution-pour-son-modele-bz4x\/"]}]},{"@type":"ImageObject","inLanguage":"fr-CA","@id":"https:\/\/news.canadamotorjobs.com\/fr\/toyota-a-enfin-trouve-une-solution-pour-son-modele-bz4x\/#primaryimage","url":"https:\/\/news.canadamotorjobs.com\/wp-content\/uploads\/2022\/10\/2023_bZ4X_XLE_FWD_WindChillPearl_002-1.jpg","contentUrl":"https:\/\/news.canadamotorjobs.com\/wp-content\/uploads\/2022\/10\/2023_bZ4X_XLE_FWD_WindChillPearl_002-1.jpg","width":2483,"height":1655},{"@type":"BreadcrumbList","@id":"https:\/\/news.canadamotorjobs.com\/fr\/toyota-a-enfin-trouve-une-solution-pour-son-modele-bz4x\/#breadcrumb","itemListElement":[{"@type":"ListItem","position":1,"name":"Home","item":"https:\/\/news.canadamotorjobs.com\/fr\/blog\/"},{"@type":"ListItem","position":2,"name":"Toyota a enfin trouv\u00e9 une solution pour son mod\u00e8le bz4X"}]},{"@type":"WebSite","@id":"https:\/\/news.canadamotorjobs.com\/#website","url":"https:\/\/news.canadamotorjobs.com\/","name":"CanadaMotorJobs.com","description":"Automotive Jobs","publisher":{"@id":"https:\/\/news.canadamotorjobs.com\/#organization"},"potentialAction":[{"@type":"SearchAction","target":{"@type":"EntryPoint","urlTemplate":"https:\/\/news.canadamotorjobs.com\/?s={search_term_string}"},"query-input":"required name=search_term_string"}],"inLanguage":"fr-CA"},{"@type":"Organization","@id":"https:\/\/news.canadamotorjobs.com\/#organization","name":"Canada Motor Jobs","url":"https:\/\/news.canadamotorjobs.com\/","logo":{"@type":"ImageObject","inLanguage":"fr-CA","@id":"https:\/\/news.canadamotorjobs.com\/#\/schema\/logo\/image\/","url":"https:\/\/news.canadamotorjobs.com\/wp-content\/uploads\/2022\/10\/logo-canada-motor-jobs-1.png","contentUrl":"https:\/\/news.canadamotorjobs.com\/wp-content\/uploads\/2022\/10\/logo-canada-motor-jobs-1.png","width":800,"height":400,"caption":"Canada Motor Jobs"},"image":{"@id":"https:\/\/news.canadamotorjobs.com\/#\/schema\/logo\/image\/"},"sameAs":["https:\/\/www.facebook.com\/canadamotorjobs\/","https:\/\/x.com\/canadamotorjobs","https:\/\/www.instagram.com\/canadamotorjobs\/","https:\/\/www.linkedin.com\/company\/canadamotorjobs"]},{"@type":"Person","@id":"https:\/\/news.canadamotorjobs.com\/#\/schema\/person\/51793d1f87d44011d7bcc2ed99269a90","name":"Benoit Charette","image":{"@type":"ImageObject","inLanguage":"fr-CA","@id":"https:\/\/news.canadamotorjobs.com\/#\/schema\/person\/image\/","url":"https:\/\/secure.gravatar.com\/avatar\/45f3d2eebcccd909668d7ce7ea7267b6?s=96&d=mm&r=g","contentUrl":"https:\/\/secure.gravatar.com\/avatar\/45f3d2eebcccd909668d7ce7ea7267b6?s=96&d=mm&r=g","caption":"Benoit Charette"},"description":"Benoit Charette \/ Propri\u00e9taire et r\u00e9dacteur en chef Benoit Charette pratique le journalisme automobile depuis bient\u00f4t 30 ans. Il a fait ses classes au c\u00f4t\u00e9 de Daniel H\u00e9raud et au Carnet de route de 1992 \u00e0 2001. Il est fondateur, copropri\u00e9taire et r\u00e9dacteur en chef de L\u2019Annuel de l\u2019automobile, qu\u2019il publie depuis 2001. Il a anim\u00e9 les \u00e9missions RPM et RPM+ sur V et les L\u00e9gendes de la route sur Historia. \u00c0 la radio depuis 1986, il reprend l\u2019antenne cette ann\u00e9e sur les ondes de Cogeco et participe pour la deuxi\u00e8me ann\u00e9e \u00e0 l\u2019\u00e9mission Passion Auto sur RDS en plus de mettre en ligne le site Web officiel de L\u2019Annuel de l\u2019automobile sur annuelauto.ca.","sameAs":["https:\/\/annuelauto.ca\/"],"url":"https:\/\/news.canadamotorjobs.com\/fr\/author\/benoit-charette\/"}]}},"_links":{"self":[{"href":"https:\/\/news.canadamotorjobs.com\/fr\/wp-json\/wp\/v2\/posts\/101011"}],"collection":[{"href":"https:\/\/news.canadamotorjobs.com\/fr\/wp-json\/wp\/v2\/posts"}],"about":[{"href":"https:\/\/news.canadamotorjobs.com\/fr\/wp-json\/wp\/v2\/types\/post"}],"author":[{"embeddable":true,"href":"https:\/\/news.canadamotorjobs.com\/fr\/wp-json\/wp\/v2\/users\/8"}],"replies":[{"embeddable":true,"href":"https:\/\/news.canadamotorjobs.com\/fr\/wp-json\/wp\/v2\/comments?post=101011"}],"version-history":[{"count":0,"href":"https:\/\/news.canadamotorjobs.com\/fr\/wp-json\/wp\/v2\/posts\/101011\/revisions"}],"wp:featuredmedia":[{"embeddable":true,"href":"https:\/\/news.canadamotorjobs.com\/fr\/wp-json\/wp\/v2\/media\/101015"}],"wp:attachment":[{"href":"https:\/\/news.canadamotorjobs.com\/fr\/wp-json\/wp\/v2\/media?parent=101011"}],"wp:term":[{"taxonomy":"category","embeddable":true,"href":"https:\/\/news.canadamotorjobs.com\/fr\/wp-json\/wp\/v2\/categories?post=101011"},{"taxonomy":"post_tag","embeddable":true,"href":"https:\/\/news.canadamotorjobs.com\/fr\/wp-json\/wp\/v2\/tags?post=101011"}],"curies":[{"name":"wp","href":"https:\/\/api.w.org\/{rel}","templated":true}]}}