{"id":100971,"date":"2022-10-06T06:40:16","date_gmt":"2022-10-06T10:40:16","guid":{"rendered":"https:\/\/blog.canadamotorjobs.com\/audi-rs5-2023\/"},"modified":"2022-10-06T06:44:13","modified_gmt":"2022-10-06T10:44:13","slug":"audi-rs5-2023","status":"publish","type":"post","link":"https:\/\/news.canadamotorjobs.com\/fr\/audi-rs5-2023\/","title":{"rendered":"Audi RS5 2023"},"content":{"rendered":"<\/p>\n<p>Malaga, Espagne- M\u00eame avec un style plus agressif, la RS5 demeure une voiture plus agr\u00e9able, confortable et civilis\u00e9e au quotidien qu\u2019une BMW M3 ou une AMG C63. Pour 2023, Audi ajoute \u00e0 la RS5 coup\u00e9 et 4 portes une version comp\u00e9tition qui est en fait un ensemble d\u2019\u00e9l\u00e9ments qui donne plus de mordant \u00e0 la voiture.<br \/> M\u00eame moteur, plus de caract\u00e8re<br \/> Il y a plusieurs petites choses que vous obtenez avec le groupe comp\u00e9tition qui se vend 11,400\u00a0$ avec la RS5. Un montant qui s\u2019ajoute aux 92 900\u00a0$ du mod\u00e8le coup\u00e9 ou aux 93 400\u00a0$ du mod\u00e8le\u00a04 porte. Un montant qui nous am\u00e8ne \u00e0 105 000\u00a0$ avant les taxes. Voil\u00e0 qui donne une id\u00e9e avant d\u2019aller plus loin. L\u2019ensemble comp\u00e9tition offre une suspension pneumatique pilot\u00e9e \u00e0 r\u00e9glage manuel \u00e0 trois niveaux qui est non seulement efficace, mais permet une meilleure tenue de route sans nuire au confort de rouler au quotidien. La hauteur de caisse est inf\u00e9rieure de 10\u00a0mm. Avec les ajustements manuels, il est possible d\u2019abaisser d\u2019un autre 10\u00a0mm pour un total de 20\u00a0mm si comme nous vous faites un essai sur piste. Parmi les autres caract\u00e9ristiques, la vitesse maximale est relev\u00e9e \u00e0 290\u00a0km\/h, la bo\u00eete \u00e0 huit rapports est retravaill\u00e9e pour offrir des passages de rapports plus rapides lorsque le mode dynamique est activ\u00e9. Votre 0-100km\/h s\u2019abat maintenant en 3,8 secondes, c\u2019est du solide.<br \/> Un peu diff\u00e9rente visuellement<br \/> Esth\u00e9tiquement, l\u2019Audi RS5 Comp\u00e9tition offre une nouvelle couleur Noir Sebring avec une nouvelle ligne d\u2019\u00e9chappement RS Sport Plus d\u00e9velopp\u00e9e sp\u00e9cialement<\/p>\n","protected":false},"excerpt":{"rendered":"<p>Malaga, Espagne- M\u00eame avec un style plus agressif, la RS5 demeure une voiture plus agr\u00e9able, confortable et civilis\u00e9e au quotidien qu\u2019une BMW M3 ou une AMG C63. Pour 2023, Audi ajoute \u00e0 la RS5 coup\u00e9 et 4 portes une version comp\u00e9tition qui est en fait un ensemble d\u2019\u00e9l\u00e9ments qui donne plus de mordant \u00e0 la [&hellip;]<\/p>\n","protected":false},"author":8,"featured_media":100975,"comment_status":"close","ping_status":"closed","sticky":false,"template":"","format":"standard","meta":{"_monsterinsights_skip_tracking":false,"_monsterinsights_sitenote_active":false,"_monsterinsights_sitenote_note":"","_monsterinsights_sitenote_category":0,"footnotes":""},"categories":[101],"tags":[],"yoast_head":"<!-- This site is optimized with the Yoast SEO plugin v23.2 - https:\/\/yoast.com\/wordpress\/plugins\/seo\/ -->\n<title>Audi RS5 2023 - CanadaMotorJobs.com<\/title>\n<meta name=\"description\" content=\"Audi RS5 2023 - Benoit Charette - Annuel automobile - CanadaMotorJobs.com.\" \/>\n<meta name=\"robots\" content=\"index, follow, max-snippet:-1, max-image-preview:large, max-video-preview:-1\" \/>\n<meta property=\"og:locale\" content=\"fr_CA\" \/>\n<meta property=\"og:type\" content=\"article\" \/>\n<meta property=\"og:title\" content=\"Audi RS5 2023 - CanadaMotorJobs.com\" \/>\n<meta property=\"og:description\" content=\"Audi RS5 2023 - Benoit Charette - Annuel automobile - CanadaMotorJobs.com.\" \/>\n<meta property=\"og:url\" content=\"https:\/\/news.canadamotorjobs.com\/fr\/audi-rs5-2023\/\" \/>\n<meta property=\"og:site_name\" content=\"CanadaMotorJobs.com\" \/>\n<meta property=\"article:publisher\" content=\"https:\/\/www.facebook.com\/canadamotorjobs\/\" \/>\n<meta property=\"article:published_time\" content=\"2022-10-06T10:40:16+00:00\" \/>\n<meta property=\"article:modified_time\" content=\"2022-10-06T10:44:13+00:00\" \/>\n<meta property=\"og:image\" content=\"https:\/\/news.canadamotorjobs.com\/wp-content\/uploads\/2022\/10\/A222166_medium-1.jpg\" \/>\n\t<meta property=\"og:image:width\" content=\"1333\" \/>\n\t<meta property=\"og:image:height\" content=\"1000\" \/>\n\t<meta property=\"og:image:type\" content=\"image\/jpeg\" \/>\n<meta name=\"author\" content=\"Benoit Charette\" \/>\n<meta name=\"twitter:card\" content=\"summary_large_image\" \/>\n<meta name=\"twitter:creator\" content=\"@canadamotorjobs\" \/>\n<meta name=\"twitter:site\" content=\"@canadamotorjobs\" \/>\n<meta name=\"twitter:label1\" content=\"\u00c9crit par\" \/>\n\t<meta name=\"twitter:data1\" content=\"Benoit Charette\" \/>\n\t<meta name=\"twitter:label2\" content=\"Estimation du temps de lecture\" \/>\n\t<meta name=\"twitter:data2\" content=\"1 minute\" \/>\n<!-- \/ Yoast SEO plugin. -->","yoast_head_json":{"title":"Audi RS5 2023 - CanadaMotorJobs.com","description":"Audi RS5 2023 - Benoit Charette - Annuel automobile - CanadaMotorJobs.com.","robots":{"index":"index","follow":"follow","max-snippet":"max-snippet:-1","max-image-preview":"max-image-preview:large","max-video-preview":"max-video-preview:-1"},"og_locale":"fr_CA","og_type":"article","og_title":"Audi RS5 2023 - CanadaMotorJobs.com","og_description":"Audi RS5 2023 - Benoit Charette - Annuel automobile - CanadaMotorJobs.com.","og_url":"https:\/\/news.canadamotorjobs.com\/fr\/audi-rs5-2023\/","og_site_name":"CanadaMotorJobs.com","article_publisher":"https:\/\/www.facebook.com\/canadamotorjobs\/","article_published_time":"2022-10-06T10:40:16+00:00","article_modified_time":"2022-10-06T10:44:13+00:00","og_image":[{"width":1333,"height":1000,"url":"https:\/\/news.canadamotorjobs.com\/wp-content\/uploads\/2022\/10\/A222166_medium-1.jpg","type":"image\/jpeg"}],"author":"Benoit Charette","twitter_card":"summary_large_image","twitter_creator":"@canadamotorjobs","twitter_site":"@canadamotorjobs","twitter_misc":{"\u00c9crit par":"Benoit Charette","Estimation du temps de lecture":"1 minute"},"schema":{"@context":"https:\/\/schema.org","@graph":[{"@type":"Article","@id":"https:\/\/news.canadamotorjobs.com\/fr\/audi-rs5-2023\/#article","isPartOf":{"@id":"https:\/\/news.canadamotorjobs.com\/fr\/audi-rs5-2023\/"},"author":{"name":"Benoit Charette","@id":"https:\/\/news.canadamotorjobs.com\/#\/schema\/person\/51793d1f87d44011d7bcc2ed99269a90"},"headline":"Audi RS5 2023","datePublished":"2022-10-06T10:40:16+00:00","dateModified":"2022-10-06T10:44:13+00:00","mainEntityOfPage":{"@id":"https:\/\/news.canadamotorjobs.com\/fr\/audi-rs5-2023\/"},"wordCount":275,"publisher":{"@id":"https:\/\/news.canadamotorjobs.com\/#organization"},"image":{"@id":"https:\/\/news.canadamotorjobs.com\/fr\/audi-rs5-2023\/#primaryimage"},"thumbnailUrl":"https:\/\/news.canadamotorjobs.com\/wp-content\/uploads\/2022\/10\/A222166_medium-1.jpg","articleSection":["Annuel automobile"],"inLanguage":"fr-CA"},{"@type":"WebPage","@id":"https:\/\/news.canadamotorjobs.com\/fr\/audi-rs5-2023\/","url":"https:\/\/news.canadamotorjobs.com\/fr\/audi-rs5-2023\/","name":"Audi RS5 2023 - CanadaMotorJobs.com","isPartOf":{"@id":"https:\/\/news.canadamotorjobs.com\/#website"},"primaryImageOfPage":{"@id":"https:\/\/news.canadamotorjobs.com\/fr\/audi-rs5-2023\/#primaryimage"},"image":{"@id":"https:\/\/news.canadamotorjobs.com\/fr\/audi-rs5-2023\/#primaryimage"},"thumbnailUrl":"https:\/\/news.canadamotorjobs.com\/wp-content\/uploads\/2022\/10\/A222166_medium-1.jpg","datePublished":"2022-10-06T10:40:16+00:00","dateModified":"2022-10-06T10:44:13+00:00","description":"Audi RS5 2023 - Benoit Charette - Annuel automobile - CanadaMotorJobs.com.","breadcrumb":{"@id":"https:\/\/news.canadamotorjobs.com\/fr\/audi-rs5-2023\/#breadcrumb"},"inLanguage":"fr-CA","potentialAction":[{"@type":"ReadAction","target":["https:\/\/news.canadamotorjobs.com\/fr\/audi-rs5-2023\/"]}]},{"@type":"ImageObject","inLanguage":"fr-CA","@id":"https:\/\/news.canadamotorjobs.com\/fr\/audi-rs5-2023\/#primaryimage","url":"https:\/\/news.canadamotorjobs.com\/wp-content\/uploads\/2022\/10\/A222166_medium-1.jpg","contentUrl":"https:\/\/news.canadamotorjobs.com\/wp-content\/uploads\/2022\/10\/A222166_medium-1.jpg","width":1333,"height":1000},{"@type":"BreadcrumbList","@id":"https:\/\/news.canadamotorjobs.com\/fr\/audi-rs5-2023\/#breadcrumb","itemListElement":[{"@type":"ListItem","position":1,"name":"Home","item":"https:\/\/news.canadamotorjobs.com\/fr\/blog\/"},{"@type":"ListItem","position":2,"name":"Audi RS5 2023"}]},{"@type":"WebSite","@id":"https:\/\/news.canadamotorjobs.com\/#website","url":"https:\/\/news.canadamotorjobs.com\/","name":"CanadaMotorJobs.com","description":"Automotive Jobs","publisher":{"@id":"https:\/\/news.canadamotorjobs.com\/#organization"},"potentialAction":[{"@type":"SearchAction","target":{"@type":"EntryPoint","urlTemplate":"https:\/\/news.canadamotorjobs.com\/?s={search_term_string}"},"query-input":"required name=search_term_string"}],"inLanguage":"fr-CA"},{"@type":"Organization","@id":"https:\/\/news.canadamotorjobs.com\/#organization","name":"Canada Motor Jobs","url":"https:\/\/news.canadamotorjobs.com\/","logo":{"@type":"ImageObject","inLanguage":"fr-CA","@id":"https:\/\/news.canadamotorjobs.com\/#\/schema\/logo\/image\/","url":"https:\/\/news.canadamotorjobs.com\/wp-content\/uploads\/2022\/10\/logo-canada-motor-jobs-1.png","contentUrl":"https:\/\/news.canadamotorjobs.com\/wp-content\/uploads\/2022\/10\/logo-canada-motor-jobs-1.png","width":800,"height":400,"caption":"Canada Motor Jobs"},"image":{"@id":"https:\/\/news.canadamotorjobs.com\/#\/schema\/logo\/image\/"},"sameAs":["https:\/\/www.facebook.com\/canadamotorjobs\/","https:\/\/x.com\/canadamotorjobs","https:\/\/www.instagram.com\/canadamotorjobs\/","https:\/\/www.linkedin.com\/company\/canadamotorjobs"]},{"@type":"Person","@id":"https:\/\/news.canadamotorjobs.com\/#\/schema\/person\/51793d1f87d44011d7bcc2ed99269a90","name":"Benoit Charette","image":{"@type":"ImageObject","inLanguage":"fr-CA","@id":"https:\/\/news.canadamotorjobs.com\/#\/schema\/person\/image\/","url":"https:\/\/secure.gravatar.com\/avatar\/45f3d2eebcccd909668d7ce7ea7267b6?s=96&d=mm&r=g","contentUrl":"https:\/\/secure.gravatar.com\/avatar\/45f3d2eebcccd909668d7ce7ea7267b6?s=96&d=mm&r=g","caption":"Benoit Charette"},"description":"Benoit Charette \/ Propri\u00e9taire et r\u00e9dacteur en chef Benoit Charette pratique le journalisme automobile depuis bient\u00f4t 30 ans. Il a fait ses classes au c\u00f4t\u00e9 de Daniel H\u00e9raud et au Carnet de route de 1992 \u00e0 2001. Il est fondateur, copropri\u00e9taire et r\u00e9dacteur en chef de L\u2019Annuel de l\u2019automobile, qu\u2019il publie depuis 2001. Il a anim\u00e9 les \u00e9missions RPM et RPM+ sur V et les L\u00e9gendes de la route sur Historia. \u00c0 la radio depuis 1986, il reprend l\u2019antenne cette ann\u00e9e sur les ondes de Cogeco et participe pour la deuxi\u00e8me ann\u00e9e \u00e0 l\u2019\u00e9mission Passion Auto sur RDS en plus de mettre en ligne le site Web officiel de L\u2019Annuel de l\u2019automobile sur annuelauto.ca.","sameAs":["https:\/\/annuelauto.ca\/"],"url":"https:\/\/news.canadamotorjobs.com\/fr\/author\/benoit-charette\/"}]}},"_links":{"self":[{"href":"https:\/\/news.canadamotorjobs.com\/fr\/wp-json\/wp\/v2\/posts\/100971"}],"collection":[{"href":"https:\/\/news.canadamotorjobs.com\/fr\/wp-json\/wp\/v2\/posts"}],"about":[{"href":"https:\/\/news.canadamotorjobs.com\/fr\/wp-json\/wp\/v2\/types\/post"}],"author":[{"embeddable":true,"href":"https:\/\/news.canadamotorjobs.com\/fr\/wp-json\/wp\/v2\/users\/8"}],"replies":[{"embeddable":true,"href":"https:\/\/news.canadamotorjobs.com\/fr\/wp-json\/wp\/v2\/comments?post=100971"}],"version-history":[{"count":0,"href":"https:\/\/news.canadamotorjobs.com\/fr\/wp-json\/wp\/v2\/posts\/100971\/revisions"}],"wp:featuredmedia":[{"embeddable":true,"href":"https:\/\/news.canadamotorjobs.com\/fr\/wp-json\/wp\/v2\/media\/100975"}],"wp:attachment":[{"href":"https:\/\/news.canadamotorjobs.com\/fr\/wp-json\/wp\/v2\/media?parent=100971"}],"wp:term":[{"taxonomy":"category","embeddable":true,"href":"https:\/\/news.canadamotorjobs.com\/fr\/wp-json\/wp\/v2\/categories?post=100971"},{"taxonomy":"post_tag","embeddable":true,"href":"https:\/\/news.canadamotorjobs.com\/fr\/wp-json\/wp\/v2\/tags?post=100971"}],"curies":[{"name":"wp","href":"https:\/\/api.w.org\/{rel}","templated":true}]}}