{"id":100379,"date":"2022-10-05T06:24:16","date_gmt":"2022-10-05T10:24:16","guid":{"rendered":"https:\/\/blog.canadamotorjobs.com\/ford-presente-la-troisieme-et-derniere-edition-de-la-gt\/"},"modified":"2022-10-05T06:29:00","modified_gmt":"2022-10-05T10:29:00","slug":"ford-presente-la-troisieme-et-derniere-edition-de-la-gt","status":"publish","type":"post","link":"https:\/\/news.canadamotorjobs.com\/fr\/ford-presente-la-troisieme-et-derniere-edition-de-la-gt\/","title":{"rendered":"Ford pr\u00e9sente la troisi\u00e8me et derni\u00e8re \u00e9dition de la GT"},"content":{"rendered":"<\/p>\n<p>Voici ce qui est convenu d\u2019appeler la derni\u00e8re Ford GT, baptis\u00e9 LM pour Le Mans. Elle se veut un hommage au succ\u00e8s de cette voiture sur le mythique circuit de la Sarthe. Non pas les victoires de 1966, mais celles de 2016 au volant d\u2019une voiture tout \u00e0 fait semblable.<br \/> En tr\u00e8s petite quantit\u00e9<br \/> Seuls 22 exemplaires de la Ford GT LM 2022 seront produits &#8211; un seul de plus que la Ford GT Holman Moody Heritage Edition 2022 r\u00e9v\u00e9l\u00e9e plus t\u00f4t cette ann\u00e9e. Chaque \u00e9dition Heritage LM pr\u00e9sentera des accents teint\u00e9s de rouge ou de bleu appliqu\u00e9s sur l&#8217;ensemble du v\u00e9hicule, en hommage \u00e0 la livr\u00e9e gagnante de la GT 2016. La GT LM pr\u00e9sente \u00e9galement des \u00e9l\u00e9ments uniques imprim\u00e9s en 3D, des \u00e9l\u00e9ments r\u00e9utilis\u00e9s de la Ford GT Le Mans 2016, troisi\u00e8me au classement, et un int\u00e9rieur Alcantara sur mesure.<br \/> 660 chevaux sous le capot<br \/> La GT LM conserve le V6 EcoBoost 3,5 litres biturbo de 660 ch. Ford a r\u00e9p\u00e9t\u00e9 avec cette voiture les exploits des ann\u00e9es 60. Ford a remport\u00e9 \u00e0 nouveau Le Mans 50 ans apr\u00e8s sa premi\u00e8re victoire avec une voiture pr\u00e9par\u00e9e par Chip Ganassi Racing en l&#8217;espace d&#8217;un peu plus d&#8217;un an, qui affrontait \u00e0 nouveau Ferrari. La GT de troisi\u00e8me g\u00e9n\u00e9ration s&#8217;est av\u00e9r\u00e9e victorieuse, Ferrari occupant la deuxi\u00e8me place du podium devant une autre Ford GT qui termine 3e.<br \/> Un style unique<br \/> L&#8217;ext\u00e9rieur de la Ford GT LM Edition 2022 pr\u00e9sente des accents rouges ou bleus et de la fibre de carbone<\/p>\n","protected":false},"excerpt":{"rendered":"<p>Voici ce qui est convenu d\u2019appeler la derni\u00e8re Ford GT, baptis\u00e9 LM pour Le Mans. Elle se veut un hommage au succ\u00e8s de cette voiture sur le mythique circuit de la Sarthe. Non pas les victoires de 1966, mais celles de 2016 au volant d\u2019une voiture tout \u00e0 fait semblable. En tr\u00e8s petite quantit\u00e9 Seuls [&hellip;]<\/p>\n","protected":false},"author":8,"featured_media":100383,"comment_status":"close","ping_status":"closed","sticky":false,"template":"","format":"standard","meta":{"_monsterinsights_skip_tracking":false,"_monsterinsights_sitenote_active":false,"_monsterinsights_sitenote_note":"","_monsterinsights_sitenote_category":0,"footnotes":""},"categories":[101],"tags":[],"yoast_head":"<!-- This site is optimized with the Yoast SEO plugin v23.2 - https:\/\/yoast.com\/wordpress\/plugins\/seo\/ -->\n<title>Ford pr\u00e9sente la troisi\u00e8me et derni\u00e8re \u00e9dition de la GT - CanadaMotorJobs.com<\/title>\n<meta name=\"description\" content=\"Ford pr\u00e9sente la troisi\u00e8me et derni\u00e8re \u00e9dition de la GT - Benoit Charette - Annuel automobile - CanadaMotorJobs.com.\" \/>\n<meta name=\"robots\" content=\"index, follow, max-snippet:-1, max-image-preview:large, max-video-preview:-1\" \/>\n<meta property=\"og:locale\" content=\"fr_CA\" \/>\n<meta property=\"og:type\" content=\"article\" \/>\n<meta property=\"og:title\" content=\"Ford pr\u00e9sente la troisi\u00e8me et derni\u00e8re \u00e9dition de la GT - CanadaMotorJobs.com\" \/>\n<meta property=\"og:description\" content=\"Ford pr\u00e9sente la troisi\u00e8me et derni\u00e8re \u00e9dition de la GT - Benoit Charette - Annuel automobile - CanadaMotorJobs.com.\" \/>\n<meta property=\"og:url\" content=\"https:\/\/news.canadamotorjobs.com\/fr\/ford-presente-la-troisieme-et-derniere-edition-de-la-gt\/\" \/>\n<meta property=\"og:site_name\" content=\"CanadaMotorJobs.com\" \/>\n<meta property=\"article:publisher\" content=\"https:\/\/www.facebook.com\/canadamotorjobs\/\" \/>\n<meta property=\"article:published_time\" content=\"2022-10-05T10:24:16+00:00\" \/>\n<meta property=\"article:modified_time\" content=\"2022-10-05T10:29:00+00:00\" \/>\n<meta property=\"og:image\" content=\"https:\/\/news.canadamotorjobs.com\/wp-content\/uploads\/2022\/10\/image003-1.png\" \/>\n\t<meta property=\"og:image:width\" content=\"1070\" \/>\n\t<meta property=\"og:image:height\" content=\"590\" \/>\n\t<meta property=\"og:image:type\" content=\"image\/png\" \/>\n<meta name=\"author\" content=\"Benoit Charette\" \/>\n<meta name=\"twitter:card\" content=\"summary_large_image\" \/>\n<meta name=\"twitter:creator\" content=\"@canadamotorjobs\" \/>\n<meta name=\"twitter:site\" content=\"@canadamotorjobs\" \/>\n<meta name=\"twitter:label1\" content=\"\u00c9crit par\" \/>\n\t<meta name=\"twitter:data1\" content=\"Benoit Charette\" \/>\n\t<meta name=\"twitter:label2\" content=\"Estimation du temps de lecture\" \/>\n\t<meta name=\"twitter:data2\" content=\"1 minute\" \/>\n<!-- \/ Yoast SEO plugin. -->","yoast_head_json":{"title":"Ford pr\u00e9sente la troisi\u00e8me et derni\u00e8re \u00e9dition de la GT - CanadaMotorJobs.com","description":"Ford pr\u00e9sente la troisi\u00e8me et derni\u00e8re \u00e9dition de la GT - Benoit Charette - Annuel automobile - CanadaMotorJobs.com.","robots":{"index":"index","follow":"follow","max-snippet":"max-snippet:-1","max-image-preview":"max-image-preview:large","max-video-preview":"max-video-preview:-1"},"og_locale":"fr_CA","og_type":"article","og_title":"Ford pr\u00e9sente la troisi\u00e8me et derni\u00e8re \u00e9dition de la GT - CanadaMotorJobs.com","og_description":"Ford pr\u00e9sente la troisi\u00e8me et derni\u00e8re \u00e9dition de la GT - Benoit Charette - Annuel automobile - CanadaMotorJobs.com.","og_url":"https:\/\/news.canadamotorjobs.com\/fr\/ford-presente-la-troisieme-et-derniere-edition-de-la-gt\/","og_site_name":"CanadaMotorJobs.com","article_publisher":"https:\/\/www.facebook.com\/canadamotorjobs\/","article_published_time":"2022-10-05T10:24:16+00:00","article_modified_time":"2022-10-05T10:29:00+00:00","og_image":[{"width":1070,"height":590,"url":"https:\/\/news.canadamotorjobs.com\/wp-content\/uploads\/2022\/10\/image003-1.png","type":"image\/png"}],"author":"Benoit Charette","twitter_card":"summary_large_image","twitter_creator":"@canadamotorjobs","twitter_site":"@canadamotorjobs","twitter_misc":{"\u00c9crit par":"Benoit Charette","Estimation du temps de lecture":"1 minute"},"schema":{"@context":"https:\/\/schema.org","@graph":[{"@type":"Article","@id":"https:\/\/news.canadamotorjobs.com\/fr\/ford-presente-la-troisieme-et-derniere-edition-de-la-gt\/#article","isPartOf":{"@id":"https:\/\/news.canadamotorjobs.com\/fr\/ford-presente-la-troisieme-et-derniere-edition-de-la-gt\/"},"author":{"name":"Benoit Charette","@id":"https:\/\/news.canadamotorjobs.com\/#\/schema\/person\/51793d1f87d44011d7bcc2ed99269a90"},"headline":"Ford pr\u00e9sente la troisi\u00e8me et derni\u00e8re \u00e9dition de la GT","datePublished":"2022-10-05T10:24:16+00:00","dateModified":"2022-10-05T10:29:00+00:00","mainEntityOfPage":{"@id":"https:\/\/news.canadamotorjobs.com\/fr\/ford-presente-la-troisieme-et-derniere-edition-de-la-gt\/"},"wordCount":290,"publisher":{"@id":"https:\/\/news.canadamotorjobs.com\/#organization"},"image":{"@id":"https:\/\/news.canadamotorjobs.com\/fr\/ford-presente-la-troisieme-et-derniere-edition-de-la-gt\/#primaryimage"},"thumbnailUrl":"https:\/\/news.canadamotorjobs.com\/wp-content\/uploads\/2022\/10\/image003-1.png","articleSection":["Annuel automobile"],"inLanguage":"fr-CA"},{"@type":"WebPage","@id":"https:\/\/news.canadamotorjobs.com\/fr\/ford-presente-la-troisieme-et-derniere-edition-de-la-gt\/","url":"https:\/\/news.canadamotorjobs.com\/fr\/ford-presente-la-troisieme-et-derniere-edition-de-la-gt\/","name":"Ford pr\u00e9sente la troisi\u00e8me et derni\u00e8re \u00e9dition de la GT - CanadaMotorJobs.com","isPartOf":{"@id":"https:\/\/news.canadamotorjobs.com\/#website"},"primaryImageOfPage":{"@id":"https:\/\/news.canadamotorjobs.com\/fr\/ford-presente-la-troisieme-et-derniere-edition-de-la-gt\/#primaryimage"},"image":{"@id":"https:\/\/news.canadamotorjobs.com\/fr\/ford-presente-la-troisieme-et-derniere-edition-de-la-gt\/#primaryimage"},"thumbnailUrl":"https:\/\/news.canadamotorjobs.com\/wp-content\/uploads\/2022\/10\/image003-1.png","datePublished":"2022-10-05T10:24:16+00:00","dateModified":"2022-10-05T10:29:00+00:00","description":"Ford pr\u00e9sente la troisi\u00e8me et derni\u00e8re \u00e9dition de la GT - Benoit Charette - Annuel automobile - CanadaMotorJobs.com.","breadcrumb":{"@id":"https:\/\/news.canadamotorjobs.com\/fr\/ford-presente-la-troisieme-et-derniere-edition-de-la-gt\/#breadcrumb"},"inLanguage":"fr-CA","potentialAction":[{"@type":"ReadAction","target":["https:\/\/news.canadamotorjobs.com\/fr\/ford-presente-la-troisieme-et-derniere-edition-de-la-gt\/"]}]},{"@type":"ImageObject","inLanguage":"fr-CA","@id":"https:\/\/news.canadamotorjobs.com\/fr\/ford-presente-la-troisieme-et-derniere-edition-de-la-gt\/#primaryimage","url":"https:\/\/news.canadamotorjobs.com\/wp-content\/uploads\/2022\/10\/image003-1.png","contentUrl":"https:\/\/news.canadamotorjobs.com\/wp-content\/uploads\/2022\/10\/image003-1.png","width":1070,"height":590},{"@type":"BreadcrumbList","@id":"https:\/\/news.canadamotorjobs.com\/fr\/ford-presente-la-troisieme-et-derniere-edition-de-la-gt\/#breadcrumb","itemListElement":[{"@type":"ListItem","position":1,"name":"Home","item":"https:\/\/news.canadamotorjobs.com\/fr\/blog\/"},{"@type":"ListItem","position":2,"name":"Ford pr\u00e9sente la troisi\u00e8me et derni\u00e8re \u00e9dition de la GT"}]},{"@type":"WebSite","@id":"https:\/\/news.canadamotorjobs.com\/#website","url":"https:\/\/news.canadamotorjobs.com\/","name":"CanadaMotorJobs.com","description":"Automotive Jobs","publisher":{"@id":"https:\/\/news.canadamotorjobs.com\/#organization"},"potentialAction":[{"@type":"SearchAction","target":{"@type":"EntryPoint","urlTemplate":"https:\/\/news.canadamotorjobs.com\/?s={search_term_string}"},"query-input":"required name=search_term_string"}],"inLanguage":"fr-CA"},{"@type":"Organization","@id":"https:\/\/news.canadamotorjobs.com\/#organization","name":"Canada Motor Jobs","url":"https:\/\/news.canadamotorjobs.com\/","logo":{"@type":"ImageObject","inLanguage":"fr-CA","@id":"https:\/\/news.canadamotorjobs.com\/#\/schema\/logo\/image\/","url":"https:\/\/news.canadamotorjobs.com\/wp-content\/uploads\/2022\/10\/logo-canada-motor-jobs-1.png","contentUrl":"https:\/\/news.canadamotorjobs.com\/wp-content\/uploads\/2022\/10\/logo-canada-motor-jobs-1.png","width":800,"height":400,"caption":"Canada Motor Jobs"},"image":{"@id":"https:\/\/news.canadamotorjobs.com\/#\/schema\/logo\/image\/"},"sameAs":["https:\/\/www.facebook.com\/canadamotorjobs\/","https:\/\/x.com\/canadamotorjobs","https:\/\/www.instagram.com\/canadamotorjobs\/","https:\/\/www.linkedin.com\/company\/canadamotorjobs"]},{"@type":"Person","@id":"https:\/\/news.canadamotorjobs.com\/#\/schema\/person\/51793d1f87d44011d7bcc2ed99269a90","name":"Benoit Charette","image":{"@type":"ImageObject","inLanguage":"fr-CA","@id":"https:\/\/news.canadamotorjobs.com\/#\/schema\/person\/image\/","url":"https:\/\/secure.gravatar.com\/avatar\/45f3d2eebcccd909668d7ce7ea7267b6?s=96&d=mm&r=g","contentUrl":"https:\/\/secure.gravatar.com\/avatar\/45f3d2eebcccd909668d7ce7ea7267b6?s=96&d=mm&r=g","caption":"Benoit Charette"},"description":"Benoit Charette \/ Propri\u00e9taire et r\u00e9dacteur en chef Benoit Charette pratique le journalisme automobile depuis bient\u00f4t 30 ans. Il a fait ses classes au c\u00f4t\u00e9 de Daniel H\u00e9raud et au Carnet de route de 1992 \u00e0 2001. Il est fondateur, copropri\u00e9taire et r\u00e9dacteur en chef de L\u2019Annuel de l\u2019automobile, qu\u2019il publie depuis 2001. Il a anim\u00e9 les \u00e9missions RPM et RPM+ sur V et les L\u00e9gendes de la route sur Historia. \u00c0 la radio depuis 1986, il reprend l\u2019antenne cette ann\u00e9e sur les ondes de Cogeco et participe pour la deuxi\u00e8me ann\u00e9e \u00e0 l\u2019\u00e9mission Passion Auto sur RDS en plus de mettre en ligne le site Web officiel de L\u2019Annuel de l\u2019automobile sur annuelauto.ca.","sameAs":["https:\/\/annuelauto.ca\/"],"url":"https:\/\/news.canadamotorjobs.com\/fr\/author\/benoit-charette\/"}]}},"_links":{"self":[{"href":"https:\/\/news.canadamotorjobs.com\/fr\/wp-json\/wp\/v2\/posts\/100379"}],"collection":[{"href":"https:\/\/news.canadamotorjobs.com\/fr\/wp-json\/wp\/v2\/posts"}],"about":[{"href":"https:\/\/news.canadamotorjobs.com\/fr\/wp-json\/wp\/v2\/types\/post"}],"author":[{"embeddable":true,"href":"https:\/\/news.canadamotorjobs.com\/fr\/wp-json\/wp\/v2\/users\/8"}],"replies":[{"embeddable":true,"href":"https:\/\/news.canadamotorjobs.com\/fr\/wp-json\/wp\/v2\/comments?post=100379"}],"version-history":[{"count":0,"href":"https:\/\/news.canadamotorjobs.com\/fr\/wp-json\/wp\/v2\/posts\/100379\/revisions"}],"wp:featuredmedia":[{"embeddable":true,"href":"https:\/\/news.canadamotorjobs.com\/fr\/wp-json\/wp\/v2\/media\/100383"}],"wp:attachment":[{"href":"https:\/\/news.canadamotorjobs.com\/fr\/wp-json\/wp\/v2\/media?parent=100379"}],"wp:term":[{"taxonomy":"category","embeddable":true,"href":"https:\/\/news.canadamotorjobs.com\/fr\/wp-json\/wp\/v2\/categories?post=100379"},{"taxonomy":"post_tag","embeddable":true,"href":"https:\/\/news.canadamotorjobs.com\/fr\/wp-json\/wp\/v2\/tags?post=100379"}],"curies":[{"name":"wp","href":"https:\/\/api.w.org\/{rel}","templated":true}]}}